{"id":945,"date":"2015-04-22T10:02:00","date_gmt":"2015-04-22T08:02:00","guid":{"rendered":"https:\/\/mancomunidad.org\/?p=945"},"modified":"2024-02-13T10:03:34","modified_gmt":"2024-02-13T09:03:34","slug":"bautismos-gratuitos-de-padel-surf-del-9-al-15-de-mayo","status":"publish","type":"post","link":"https:\/\/mancomunidad.org\/en\/bautismos-gratuitos-de-padel-surf-del-9-al-15-de-mayo\/","title":{"rendered":"Bautismos gratuitos de P\u00e1del surf (Del 9 al 15 de mayo)"},"content":{"rendered":"\n<p>De lunes a viernes, Nalusur, la escuela de P\u00e1del surf del Real Club Mar\u00edtimo de Marbella, realizar\u00e1 bautismos gratuitos de dicha modalidad deportiva. Esta actividad, que cuenta con 130 plazas, tambi\u00e9n se promover\u00e1 el cuidado del medio ambiente y se fomentar\u00e1 el reciclaje.&nbsp;<\/p>\n\n\n\n<p>Podr\u00e1 participar en esta actividad cualquier persona a partir de los 10 a\u00f1os. Para ello, deber\u00e1 inscribirse a trav\u00e9s de correo electr\u00f3nico (Info@nalusur.com) o Facebook (www.Facebook.com\/NaluSurAventuraFitness). Una vez hecha la reserva se deber\u00e1 confirmar la plaza.\u00a0<\/p>\n","protected":false},"excerpt":{"rendered":"<p>De lunes a viernes, Nalusur, la escuela de P\u00e1del surf del Real Club Mar\u00edtimo de Marbella, realizar\u00e1 bautismos gratuitos de dicha modalidad deportiva. Esta actividad, que cuenta con 130 plazas, tambi\u00e9n se promover\u00e1 el cuidado del medio ambiente y se fomentar\u00e1 el reciclaje.&nbsp; Podr\u00e1 participar en esta actividad cualquier persona a partir de los 10 [&hellip;]<\/p>\n","protected":false},"author":2,"featured_media":764,"comment_status":"open","ping_status":"open","sticky":false,"template":"","format":"standard","meta":{"_monsterinsights_skip_tracking":false,"_monsterinsights_sitenote_active":false,"_monsterinsights_sitenote_note":"","_monsterinsights_sitenote_category":0,"footnotes":""},"categories":[11],"tags":[],"class_list":["post-945","post","type-post","status-publish","format-standard","has-post-thumbnail","hentry","category-campanas"],"yoast_head":"<!-- This site is optimized with the Yoast SEO plugin v26.6 - https:\/\/yoast.com\/wordpress\/plugins\/seo\/ -->\n<title>Bautismos gratuitos de P\u00e1del surf (Del 9 al 15 de mayo) - Mancomunidad de Municipios<\/title>\n<meta name=\"robots\" content=\"index, follow, max-snippet:-1, max-image-preview:large, max-video-preview:-1\" \/>\n<link rel=\"canonical\" href=\"https:\/\/mancomunidad.org\/en\/bautismos-gratuitos-de-padel-surf-del-9-al-15-de-mayo\/\" \/>\n<meta property=\"og:locale\" content=\"en_US\" \/>\n<meta property=\"og:type\" content=\"article\" \/>\n<meta property=\"og:title\" content=\"Bautismos gratuitos de P\u00e1del surf (Del 9 al 15 de mayo) - Mancomunidad de Municipios\" \/>\n<meta property=\"og:description\" content=\"De lunes a viernes, Nalusur, la escuela de P\u00e1del surf del Real Club Mar\u00edtimo de Marbella, realizar\u00e1 bautismos gratuitos de dicha modalidad deportiva. Esta actividad, que cuenta con 130 plazas, tambi\u00e9n se promover\u00e1 el cuidado del medio ambiente y se fomentar\u00e1 el reciclaje.&nbsp; Podr\u00e1 participar en esta actividad cualquier persona a partir de los 10 [&hellip;]\" \/>\n<meta property=\"og:url\" content=\"https:\/\/mancomunidad.org\/en\/bautismos-gratuitos-de-padel-surf-del-9-al-15-de-mayo\/\" \/>\n<meta property=\"og:site_name\" content=\"Mancomunidad de Municipios\" \/>\n<meta property=\"article:publisher\" content=\"https:\/\/www.facebook.com\/mancomunidadcostasoloccidental\/\" \/>\n<meta property=\"article:published_time\" content=\"2015-04-22T08:02:00+00:00\" \/>\n<meta property=\"article:modified_time\" content=\"2024-02-13T09:03:34+00:00\" \/>\n<meta property=\"og:image\" content=\"https:\/\/mancomunidad.org\/wp-content\/uploads\/2024\/02\/nofoto.jpg\" \/>\n\t<meta property=\"og:image:width\" content=\"380\" \/>\n\t<meta property=\"og:image:height\" content=\"267\" \/>\n\t<meta property=\"og:image:type\" content=\"image\/jpeg\" \/>\n<meta name=\"author\" content=\"alberto@gapdesign.com\" \/>\n<meta name=\"twitter:card\" content=\"summary_large_image\" \/>\n<meta name=\"twitter:creator\" content=\"@MancomunidadCSO\" \/>\n<meta name=\"twitter:site\" content=\"@MancomunidadCSO\" \/>\n<meta name=\"twitter:label1\" content=\"Written by\" \/>\n\t<meta name=\"twitter:data1\" content=\"alberto@gapdesign.com\" \/>\n\t<meta name=\"twitter:label2\" content=\"Est. reading time\" \/>\n\t<meta name=\"twitter:data2\" content=\"1 minute\" \/>\n<script type=\"application\/ld+json\" class=\"yoast-schema-graph\">{\"@context\":\"https:\/\/schema.org\",\"@graph\":[{\"@type\":\"Article\",\"@id\":\"https:\/\/mancomunidad.org\/en\/bautismos-gratuitos-de-padel-surf-del-9-al-15-de-mayo\/#article\",\"isPartOf\":{\"@id\":\"https:\/\/mancomunidad.org\/en\/bautismos-gratuitos-de-padel-surf-del-9-al-15-de-mayo\/\"},\"author\":{\"name\":\"alberto@gapdesign.com\",\"@id\":\"https:\/\/mancomunidad.org\/en\/#\/schema\/person\/5c849e01c475c7d1370d01d2e25f3e90\"},\"headline\":\"Bautismos gratuitos de P\u00e1del surf (Del 9 al 15 de mayo)\",\"datePublished\":\"2015-04-22T08:02:00+00:00\",\"dateModified\":\"2024-02-13T09:03:34+00:00\",\"mainEntityOfPage\":{\"@id\":\"https:\/\/mancomunidad.org\/en\/bautismos-gratuitos-de-padel-surf-del-9-al-15-de-mayo\/\"},\"wordCount\":99,\"commentCount\":2,\"publisher\":{\"@id\":\"https:\/\/mancomunidad.org\/en\/#organization\"},\"image\":{\"@id\":\"https:\/\/mancomunidad.org\/en\/bautismos-gratuitos-de-padel-surf-del-9-al-15-de-mayo\/#primaryimage\"},\"thumbnailUrl\":\"https:\/\/mancomunidad.org\/wp-content\/uploads\/2024\/02\/nofoto.jpg\",\"articleSection\":[\"Campa\u00f1as\"],\"inLanguage\":\"en-US\",\"potentialAction\":[{\"@type\":\"CommentAction\",\"name\":\"Comment\",\"target\":[\"https:\/\/mancomunidad.org\/en\/bautismos-gratuitos-de-padel-surf-del-9-al-15-de-mayo\/#respond\"]}]},{\"@type\":\"WebPage\",\"@id\":\"https:\/\/mancomunidad.org\/en\/bautismos-gratuitos-de-padel-surf-del-9-al-15-de-mayo\/\",\"url\":\"https:\/\/mancomunidad.org\/en\/bautismos-gratuitos-de-padel-surf-del-9-al-15-de-mayo\/\",\"name\":\"Bautismos gratuitos de P\u00e1del surf (Del 9 al 15 de mayo) - Mancomunidad de Municipios\",\"isPartOf\":{\"@id\":\"https:\/\/mancomunidad.org\/en\/#website\"},\"primaryImageOfPage\":{\"@id\":\"https:\/\/mancomunidad.org\/en\/bautismos-gratuitos-de-padel-surf-del-9-al-15-de-mayo\/#primaryimage\"},\"image\":{\"@id\":\"https:\/\/mancomunidad.org\/en\/bautismos-gratuitos-de-padel-surf-del-9-al-15-de-mayo\/#primaryimage\"},\"thumbnailUrl\":\"https:\/\/mancomunidad.org\/wp-content\/uploads\/2024\/02\/nofoto.jpg\",\"datePublished\":\"2015-04-22T08:02:00+00:00\",\"dateModified\":\"2024-02-13T09:03:34+00:00\",\"breadcrumb\":{\"@id\":\"https:\/\/mancomunidad.org\/en\/bautismos-gratuitos-de-padel-surf-del-9-al-15-de-mayo\/#breadcrumb\"},\"inLanguage\":\"en-US\",\"potentialAction\":[{\"@type\":\"ReadAction\",\"target\":[\"https:\/\/mancomunidad.org\/en\/bautismos-gratuitos-de-padel-surf-del-9-al-15-de-mayo\/\"]}]},{\"@type\":\"ImageObject\",\"inLanguage\":\"en-US\",\"@id\":\"https:\/\/mancomunidad.org\/en\/bautismos-gratuitos-de-padel-surf-del-9-al-15-de-mayo\/#primaryimage\",\"url\":\"https:\/\/mancomunidad.org\/wp-content\/uploads\/2024\/02\/nofoto.jpg\",\"contentUrl\":\"https:\/\/mancomunidad.org\/wp-content\/uploads\/2024\/02\/nofoto.jpg\",\"width\":380,\"height\":267},{\"@type\":\"BreadcrumbList\",\"@id\":\"https:\/\/mancomunidad.org\/en\/bautismos-gratuitos-de-padel-surf-del-9-al-15-de-mayo\/#breadcrumb\",\"itemListElement\":[{\"@type\":\"ListItem\",\"position\":1,\"name\":\"Inicio\",\"item\":\"https:\/\/mancomunidad.org\/en\/\"},{\"@type\":\"ListItem\",\"position\":2,\"name\":\"Bautismos gratuitos de P\u00e1del surf (Del 9 al 15 de mayo)\"}]},{\"@type\":\"WebSite\",\"@id\":\"https:\/\/mancomunidad.org\/en\/#website\",\"url\":\"https:\/\/mancomunidad.org\/en\/\",\"name\":\"Mancomunidad de Municipios\",\"description\":\"Costa del Sol Occidental\",\"publisher\":{\"@id\":\"https:\/\/mancomunidad.org\/en\/#organization\"},\"potentialAction\":[{\"@type\":\"SearchAction\",\"target\":{\"@type\":\"EntryPoint\",\"urlTemplate\":\"https:\/\/mancomunidad.org\/en\/?s={search_term_string}\"},\"query-input\":{\"@type\":\"PropertyValueSpecification\",\"valueRequired\":true,\"valueName\":\"search_term_string\"}}],\"inLanguage\":\"en-US\"},{\"@type\":\"Organization\",\"@id\":\"https:\/\/mancomunidad.org\/en\/#organization\",\"name\":\"Costa del Sol occidental\",\"url\":\"https:\/\/mancomunidad.org\/en\/\",\"logo\":{\"@type\":\"ImageObject\",\"inLanguage\":\"en-US\",\"@id\":\"https:\/\/mancomunidad.org\/en\/#\/schema\/logo\/image\/\",\"url\":\"https:\/\/mancomunidad.org\/wp-content\/uploads\/2024\/01\/logo_footer.png\",\"contentUrl\":\"https:\/\/mancomunidad.org\/wp-content\/uploads\/2024\/01\/logo_footer.png\",\"width\":201,\"height\":61,\"caption\":\"Costa del Sol occidental\"},\"image\":{\"@id\":\"https:\/\/mancomunidad.org\/en\/#\/schema\/logo\/image\/\"},\"sameAs\":[\"https:\/\/www.facebook.com\/mancomunidadcostasoloccidental\/\",\"https:\/\/x.com\/MancomunidadCSO\",\"https:\/\/www.instagram.com\/mancomunidadmunicipioscso\/\"]},{\"@type\":\"Person\",\"@id\":\"https:\/\/mancomunidad.org\/en\/#\/schema\/person\/5c849e01c475c7d1370d01d2e25f3e90\",\"name\":\"alberto@gapdesign.com\"}]}<\/script>\n<!-- \/ Yoast SEO plugin. -->","yoast_head_json":{"title":"Bautismos gratuitos de P\u00e1del surf (Del 9 al 15 de mayo) - Mancomunidad de Municipios","robots":{"index":"index","follow":"follow","max-snippet":"max-snippet:-1","max-image-preview":"max-image-preview:large","max-video-preview":"max-video-preview:-1"},"canonical":"https:\/\/mancomunidad.org\/en\/bautismos-gratuitos-de-padel-surf-del-9-al-15-de-mayo\/","og_locale":"en_US","og_type":"article","og_title":"Bautismos gratuitos de P\u00e1del surf (Del 9 al 15 de mayo) - Mancomunidad de Municipios","og_description":"De lunes a viernes, Nalusur, la escuela de P\u00e1del surf del Real Club Mar\u00edtimo de Marbella, realizar\u00e1 bautismos gratuitos de dicha modalidad deportiva. Esta actividad, que cuenta con 130 plazas, tambi\u00e9n se promover\u00e1 el cuidado del medio ambiente y se fomentar\u00e1 el reciclaje.&nbsp; Podr\u00e1 participar en esta actividad cualquier persona a partir de los 10 [&hellip;]","og_url":"https:\/\/mancomunidad.org\/en\/bautismos-gratuitos-de-padel-surf-del-9-al-15-de-mayo\/","og_site_name":"Mancomunidad de Municipios","article_publisher":"https:\/\/www.facebook.com\/mancomunidadcostasoloccidental\/","article_published_time":"2015-04-22T08:02:00+00:00","article_modified_time":"2024-02-13T09:03:34+00:00","og_image":[{"width":380,"height":267,"url":"https:\/\/mancomunidad.org\/wp-content\/uploads\/2024\/02\/nofoto.jpg","type":"image\/jpeg"}],"author":"alberto@gapdesign.com","twitter_card":"summary_large_image","twitter_creator":"@MancomunidadCSO","twitter_site":"@MancomunidadCSO","twitter_misc":{"Written by":"alberto@gapdesign.com","Est. reading time":"1 minute"},"schema":{"@context":"https:\/\/schema.org","@graph":[{"@type":"Article","@id":"https:\/\/mancomunidad.org\/en\/bautismos-gratuitos-de-padel-surf-del-9-al-15-de-mayo\/#article","isPartOf":{"@id":"https:\/\/mancomunidad.org\/en\/bautismos-gratuitos-de-padel-surf-del-9-al-15-de-mayo\/"},"author":{"name":"alberto@gapdesign.com","@id":"https:\/\/mancomunidad.org\/en\/#\/schema\/person\/5c849e01c475c7d1370d01d2e25f3e90"},"headline":"Bautismos gratuitos de P\u00e1del surf (Del 9 al 15 de mayo)","datePublished":"2015-04-22T08:02:00+00:00","dateModified":"2024-02-13T09:03:34+00:00","mainEntityOfPage":{"@id":"https:\/\/mancomunidad.org\/en\/bautismos-gratuitos-de-padel-surf-del-9-al-15-de-mayo\/"},"wordCount":99,"commentCount":2,"publisher":{"@id":"https:\/\/mancomunidad.org\/en\/#organization"},"image":{"@id":"https:\/\/mancomunidad.org\/en\/bautismos-gratuitos-de-padel-surf-del-9-al-15-de-mayo\/#primaryimage"},"thumbnailUrl":"https:\/\/mancomunidad.org\/wp-content\/uploads\/2024\/02\/nofoto.jpg","articleSection":["Campa\u00f1as"],"inLanguage":"en-US","potentialAction":[{"@type":"CommentAction","name":"Comment","target":["https:\/\/mancomunidad.org\/en\/bautismos-gratuitos-de-padel-surf-del-9-al-15-de-mayo\/#respond"]}]},{"@type":"WebPage","@id":"https:\/\/mancomunidad.org\/en\/bautismos-gratuitos-de-padel-surf-del-9-al-15-de-mayo\/","url":"https:\/\/mancomunidad.org\/en\/bautismos-gratuitos-de-padel-surf-del-9-al-15-de-mayo\/","name":"Bautismos gratuitos de P\u00e1del surf (Del 9 al 15 de mayo) - Mancomunidad de Municipios","isPartOf":{"@id":"https:\/\/mancomunidad.org\/en\/#website"},"primaryImageOfPage":{"@id":"https:\/\/mancomunidad.org\/en\/bautismos-gratuitos-de-padel-surf-del-9-al-15-de-mayo\/#primaryimage"},"image":{"@id":"https:\/\/mancomunidad.org\/en\/bautismos-gratuitos-de-padel-surf-del-9-al-15-de-mayo\/#primaryimage"},"thumbnailUrl":"https:\/\/mancomunidad.org\/wp-content\/uploads\/2024\/02\/nofoto.jpg","datePublished":"2015-04-22T08:02:00+00:00","dateModified":"2024-02-13T09:03:34+00:00","breadcrumb":{"@id":"https:\/\/mancomunidad.org\/en\/bautismos-gratuitos-de-padel-surf-del-9-al-15-de-mayo\/#breadcrumb"},"inLanguage":"en-US","potentialAction":[{"@type":"ReadAction","target":["https:\/\/mancomunidad.org\/en\/bautismos-gratuitos-de-padel-surf-del-9-al-15-de-mayo\/"]}]},{"@type":"ImageObject","inLanguage":"en-US","@id":"https:\/\/mancomunidad.org\/en\/bautismos-gratuitos-de-padel-surf-del-9-al-15-de-mayo\/#primaryimage","url":"https:\/\/mancomunidad.org\/wp-content\/uploads\/2024\/02\/nofoto.jpg","contentUrl":"https:\/\/mancomunidad.org\/wp-content\/uploads\/2024\/02\/nofoto.jpg","width":380,"height":267},{"@type":"BreadcrumbList","@id":"https:\/\/mancomunidad.org\/en\/bautismos-gratuitos-de-padel-surf-del-9-al-15-de-mayo\/#breadcrumb","itemListElement":[{"@type":"ListItem","position":1,"name":"Inicio","item":"https:\/\/mancomunidad.org\/en\/"},{"@type":"ListItem","position":2,"name":"Bautismos gratuitos de P\u00e1del surf (Del 9 al 15 de mayo)"}]},{"@type":"WebSite","@id":"https:\/\/mancomunidad.org\/en\/#website","url":"https:\/\/mancomunidad.org\/en\/","name":"Mancomunidad de Municipios","description":"Costa del Sol Occidental","publisher":{"@id":"https:\/\/mancomunidad.org\/en\/#organization"},"potentialAction":[{"@type":"SearchAction","target":{"@type":"EntryPoint","urlTemplate":"https:\/\/mancomunidad.org\/en\/?s={search_term_string}"},"query-input":{"@type":"PropertyValueSpecification","valueRequired":true,"valueName":"search_term_string"}}],"inLanguage":"en-US"},{"@type":"Organization","@id":"https:\/\/mancomunidad.org\/en\/#organization","name":"Costa del Sol occidental","url":"https:\/\/mancomunidad.org\/en\/","logo":{"@type":"ImageObject","inLanguage":"en-US","@id":"https:\/\/mancomunidad.org\/en\/#\/schema\/logo\/image\/","url":"https:\/\/mancomunidad.org\/wp-content\/uploads\/2024\/01\/logo_footer.png","contentUrl":"https:\/\/mancomunidad.org\/wp-content\/uploads\/2024\/01\/logo_footer.png","width":201,"height":61,"caption":"Costa del Sol occidental"},"image":{"@id":"https:\/\/mancomunidad.org\/en\/#\/schema\/logo\/image\/"},"sameAs":["https:\/\/www.facebook.com\/mancomunidadcostasoloccidental\/","https:\/\/x.com\/MancomunidadCSO","https:\/\/www.instagram.com\/mancomunidadmunicipioscso\/"]},{"@type":"Person","@id":"https:\/\/mancomunidad.org\/en\/#\/schema\/person\/5c849e01c475c7d1370d01d2e25f3e90","name":"alberto@gapdesign.com"}]}},"_links":{"self":[{"href":"https:\/\/mancomunidad.org\/en\/wp-json\/wp\/v2\/posts\/945","targetHints":{"allow":["GET"]}}],"collection":[{"href":"https:\/\/mancomunidad.org\/en\/wp-json\/wp\/v2\/posts"}],"about":[{"href":"https:\/\/mancomunidad.org\/en\/wp-json\/wp\/v2\/types\/post"}],"author":[{"embeddable":true,"href":"https:\/\/mancomunidad.org\/en\/wp-json\/wp\/v2\/users\/2"}],"replies":[{"embeddable":true,"href":"https:\/\/mancomunidad.org\/en\/wp-json\/wp\/v2\/comments?post=945"}],"version-history":[{"count":1,"href":"https:\/\/mancomunidad.org\/en\/wp-json\/wp\/v2\/posts\/945\/revisions"}],"predecessor-version":[{"id":947,"href":"https:\/\/mancomunidad.org\/en\/wp-json\/wp\/v2\/posts\/945\/revisions\/947"}],"wp:featuredmedia":[{"embeddable":true,"href":"https:\/\/mancomunidad.org\/en\/wp-json\/wp\/v2\/media\/764"}],"wp:attachment":[{"href":"https:\/\/mancomunidad.org\/en\/wp-json\/wp\/v2\/media?parent=945"}],"wp:term":[{"taxonomy":"category","embeddable":true,"href":"https:\/\/mancomunidad.org\/en\/wp-json\/wp\/v2\/categories?post=945"},{"taxonomy":"post_tag","embeddable":true,"href":"https:\/\/mancomunidad.org\/en\/wp-json\/wp\/v2\/tags?post=945"}],"curies":[{"name":"wp","href":"https:\/\/api.w.org\/{rel}","templated":true}]}}