{"id":884,"date":"2023-11-09T14:43:38","date_gmt":"2023-11-09T13:43:38","guid":{"rendered":"https:\/\/mancomunidad.org\/?p=884"},"modified":"2024-02-22T09:14:44","modified_gmt":"2024-02-22T08:14:44","slug":"abierto-al-publico-el-mirador-de-los-jarales-en-istan-gracias-al-plan-de-inversiones-mancomunado","status":"publish","type":"post","link":"https:\/\/mancomunidad.org\/en\/abierto-al-publico-el-mirador-de-los-jarales-en-istan-gracias-al-plan-de-inversiones-mancomunado\/","title":{"rendered":"Abierto al p\u00fablico el Mirador de Los Jarales en Ist\u00e1n gracias al Plan de Inversiones Mancomunado"},"content":{"rendered":"\n<p><strong><span style=\"text-decoration: underline;\">Marbella, 9 de noviembre de 2023.-<\/span><\/strong> El presidente de la Mancomunidad de Municipios de la Costa del Sol Occidental, Manuel Carde\u00f1a, acompa\u00f1ado del alcalde de Ist\u00e1n, Jos\u00e9 Miguel Mar\u00edn, y de la delegada de urbanismo y oficina t\u00e9cnica, Mar\u00eda Heredia, entre otras autoridades, han visitado en la ma\u00f1ana de hoy el Mirador de Los Jarales, una actuaci\u00f3n financiada gracias al Plan de Inversiones de la Mancomunidad. Estos planes de inversi\u00f3n sirven para impulsar proyectos que tienen una incidencia directa en el desarrollo econ\u00f3mico y la mejora de la calidad de vida de los ciudadanos de los municipios que conforman la Mancomunidad.<\/p>\n\n\n\n<p>Para el presidente de la Mancomunidad, Manuel Carde\u00f1a, \u201cla inversi\u00f3n de m\u00e1s de 156.000 \u20ac del Plan Mancomunado, ha permitido llevar a cabo la creaci\u00f3n de este mirador panor\u00e1mico de 1.500 metros cuadrados, del n\u00facleo urbano de Ist\u00e1n y su entorno natural es muy importante, debido a su emplazamiento estrat\u00e9gico, para desarrollar un punto de informaci\u00f3n tur\u00edstica y posible salida de lanzaderas de transporte de visitantes al \u00e1rea protegida\u201d.<\/p>\n\n\n\n<p>Tambi\u00e9n, ha resaltado que \u201cla cercan\u00eda al pueblo y la necesidad de crear una zona de aparcamiento hacen de este mirador un aliciente m\u00e1s para visitar Ist\u00e1n; adem\u00e1s, el proyecto quedar\u00e1 completo cuando se dote de equipamiento l\u00fadico y did\u00e1ctico en relaci\u00f3n al Parque Natural, con explicaciones de su flora y fauna\u201d.<\/p>\n\n\n\n<p>Por su parte, el alcalde de Ist\u00e1n, Jos\u00e9 Miguel Mar\u00edn, ha agradecido el apoyo y trabajo de la Mancomunidad, al tiempo que ha informado de que pr\u00f3ximamente dotar\u00e1n del mobiliario necesario para su aprovechamiento total.&nbsp;<\/p>\n\n\n\n<p>Por \u00faltimo, Mar\u00eda Heredia, ha puesto en valor que \u201cla obra en s\u00ed ha conseguido un plano perfecto a cota de la carretera y un tratamiento superficial de la explanada, diferenciando una gran superficie central multiusos, un paseo mirador perimetral y una zona de mirador panor\u00e1mico con una instalaci\u00f3n de alumbrado autosuficiente, que dotan a Ist\u00e1n de una nueva zona de equipamiento p\u00fablico\u201d.<\/p>\n","protected":false},"excerpt":{"rendered":"<p>Son los municipios quienes solicitan a qu\u00e9 se destina el dinero que se les asigna desde la Mancomunidad<\/p>\n","protected":false},"author":1,"featured_media":885,"comment_status":"open","ping_status":"open","sticky":false,"template":"","format":"standard","meta":{"_monsterinsights_skip_tracking":false,"_monsterinsights_sitenote_active":false,"_monsterinsights_sitenote_note":"","_monsterinsights_sitenote_category":0,"footnotes":""},"categories":[1,10],"tags":[],"class_list":["post-884","post","type-post","status-publish","format-standard","has-post-thumbnail","hentry","category-noticias","category-sala-de-prensa"],"yoast_head":"<!-- This site is optimized with the Yoast SEO plugin v26.6 - https:\/\/yoast.com\/wordpress\/plugins\/seo\/ -->\n<title>Abierto al p\u00fablico el Mirador de Los Jarales en Ist\u00e1n gracias al Plan de Inversiones Mancomunado - Mancomunidad de Municipios<\/title>\n<meta name=\"description\" content=\"Son los municipios quienes solicitan a qu\u00e9 se destina el dinero que se les asigna desde la Mancomunidad\" \/>\n<meta name=\"robots\" content=\"index, follow, max-snippet:-1, max-image-preview:large, max-video-preview:-1\" \/>\n<link rel=\"canonical\" href=\"https:\/\/mancomunidad.org\/en\/abierto-al-publico-el-mirador-de-los-jarales-en-istan-gracias-al-plan-de-inversiones-mancomunado\/\" \/>\n<meta property=\"og:locale\" content=\"en_US\" \/>\n<meta property=\"og:type\" content=\"article\" \/>\n<meta property=\"og:title\" content=\"Abierto al p\u00fablico el Mirador de Los Jarales en Ist\u00e1n gracias al Plan de Inversiones Mancomunado - Mancomunidad de Municipios\" \/>\n<meta property=\"og:description\" content=\"Son los municipios quienes solicitan a qu\u00e9 se destina el dinero que se les asigna desde la Mancomunidad\" \/>\n<meta property=\"og:url\" content=\"https:\/\/mancomunidad.org\/en\/abierto-al-publico-el-mirador-de-los-jarales-en-istan-gracias-al-plan-de-inversiones-mancomunado\/\" \/>\n<meta property=\"og:site_name\" content=\"Mancomunidad de Municipios\" \/>\n<meta property=\"article:publisher\" content=\"https:\/\/www.facebook.com\/mancomunidadcostasoloccidental\/\" \/>\n<meta property=\"article:published_time\" content=\"2023-11-09T13:43:38+00:00\" \/>\n<meta property=\"article:modified_time\" content=\"2024-02-22T08:14:44+00:00\" \/>\n<meta property=\"og:image\" content=\"https:\/\/mancomunidad.org\/wp-content\/uploads\/2024\/02\/3641-7.jpg\" \/>\n\t<meta property=\"og:image:width\" content=\"380\" \/>\n\t<meta property=\"og:image:height\" content=\"267\" \/>\n\t<meta property=\"og:image:type\" content=\"image\/jpeg\" \/>\n<meta name=\"author\" content=\"admin\" \/>\n<meta name=\"twitter:card\" content=\"summary_large_image\" \/>\n<meta name=\"twitter:creator\" content=\"@MancomunidadCSO\" \/>\n<meta name=\"twitter:site\" content=\"@MancomunidadCSO\" \/>\n<meta name=\"twitter:label1\" content=\"Written by\" \/>\n\t<meta name=\"twitter:data1\" content=\"admin\" \/>\n\t<meta name=\"twitter:label2\" content=\"Est. reading time\" \/>\n\t<meta name=\"twitter:data2\" content=\"2 minutes\" \/>\n<script type=\"application\/ld+json\" class=\"yoast-schema-graph\">{\"@context\":\"https:\/\/schema.org\",\"@graph\":[{\"@type\":\"Article\",\"@id\":\"https:\/\/mancomunidad.org\/en\/abierto-al-publico-el-mirador-de-los-jarales-en-istan-gracias-al-plan-de-inversiones-mancomunado\/#article\",\"isPartOf\":{\"@id\":\"https:\/\/mancomunidad.org\/en\/abierto-al-publico-el-mirador-de-los-jarales-en-istan-gracias-al-plan-de-inversiones-mancomunado\/\"},\"author\":{\"name\":\"admin\",\"@id\":\"https:\/\/mancomunidad.org\/en\/#\/schema\/person\/332e0409f4248fa6a3212c2ed8537323\"},\"headline\":\"Abierto al p\u00fablico el Mirador de Los Jarales en Ist\u00e1n gracias al Plan de Inversiones Mancomunado\",\"datePublished\":\"2023-11-09T13:43:38+00:00\",\"dateModified\":\"2024-02-22T08:14:44+00:00\",\"mainEntityOfPage\":{\"@id\":\"https:\/\/mancomunidad.org\/en\/abierto-al-publico-el-mirador-de-los-jarales-en-istan-gracias-al-plan-de-inversiones-mancomunado\/\"},\"wordCount\":372,\"commentCount\":2,\"publisher\":{\"@id\":\"https:\/\/mancomunidad.org\/en\/#organization\"},\"image\":{\"@id\":\"https:\/\/mancomunidad.org\/en\/abierto-al-publico-el-mirador-de-los-jarales-en-istan-gracias-al-plan-de-inversiones-mancomunado\/#primaryimage\"},\"thumbnailUrl\":\"https:\/\/mancomunidad.org\/wp-content\/uploads\/2024\/02\/3641-7.jpg\",\"articleSection\":[\"Noticias\",\"Sala de prensa\"],\"inLanguage\":\"en-US\",\"potentialAction\":[{\"@type\":\"CommentAction\",\"name\":\"Comment\",\"target\":[\"https:\/\/mancomunidad.org\/en\/abierto-al-publico-el-mirador-de-los-jarales-en-istan-gracias-al-plan-de-inversiones-mancomunado\/#respond\"]}]},{\"@type\":\"WebPage\",\"@id\":\"https:\/\/mancomunidad.org\/en\/abierto-al-publico-el-mirador-de-los-jarales-en-istan-gracias-al-plan-de-inversiones-mancomunado\/\",\"url\":\"https:\/\/mancomunidad.org\/en\/abierto-al-publico-el-mirador-de-los-jarales-en-istan-gracias-al-plan-de-inversiones-mancomunado\/\",\"name\":\"Abierto al p\u00fablico el Mirador de Los Jarales en Ist\u00e1n gracias al Plan de Inversiones Mancomunado - Mancomunidad de Municipios\",\"isPartOf\":{\"@id\":\"https:\/\/mancomunidad.org\/en\/#website\"},\"primaryImageOfPage\":{\"@id\":\"https:\/\/mancomunidad.org\/en\/abierto-al-publico-el-mirador-de-los-jarales-en-istan-gracias-al-plan-de-inversiones-mancomunado\/#primaryimage\"},\"image\":{\"@id\":\"https:\/\/mancomunidad.org\/en\/abierto-al-publico-el-mirador-de-los-jarales-en-istan-gracias-al-plan-de-inversiones-mancomunado\/#primaryimage\"},\"thumbnailUrl\":\"https:\/\/mancomunidad.org\/wp-content\/uploads\/2024\/02\/3641-7.jpg\",\"datePublished\":\"2023-11-09T13:43:38+00:00\",\"dateModified\":\"2024-02-22T08:14:44+00:00\",\"description\":\"Son los municipios quienes solicitan a qu\u00e9 se destina el dinero que se les asigna desde la Mancomunidad\",\"breadcrumb\":{\"@id\":\"https:\/\/mancomunidad.org\/en\/abierto-al-publico-el-mirador-de-los-jarales-en-istan-gracias-al-plan-de-inversiones-mancomunado\/#breadcrumb\"},\"inLanguage\":\"en-US\",\"potentialAction\":[{\"@type\":\"ReadAction\",\"target\":[\"https:\/\/mancomunidad.org\/en\/abierto-al-publico-el-mirador-de-los-jarales-en-istan-gracias-al-plan-de-inversiones-mancomunado\/\"]}]},{\"@type\":\"ImageObject\",\"inLanguage\":\"en-US\",\"@id\":\"https:\/\/mancomunidad.org\/en\/abierto-al-publico-el-mirador-de-los-jarales-en-istan-gracias-al-plan-de-inversiones-mancomunado\/#primaryimage\",\"url\":\"https:\/\/mancomunidad.org\/wp-content\/uploads\/2024\/02\/3641-7.jpg\",\"contentUrl\":\"https:\/\/mancomunidad.org\/wp-content\/uploads\/2024\/02\/3641-7.jpg\",\"width\":380,\"height\":267},{\"@type\":\"BreadcrumbList\",\"@id\":\"https:\/\/mancomunidad.org\/en\/abierto-al-publico-el-mirador-de-los-jarales-en-istan-gracias-al-plan-de-inversiones-mancomunado\/#breadcrumb\",\"itemListElement\":[{\"@type\":\"ListItem\",\"position\":1,\"name\":\"Inicio\",\"item\":\"https:\/\/mancomunidad.org\/en\/\"},{\"@type\":\"ListItem\",\"position\":2,\"name\":\"Abierto al p\u00fablico el Mirador de Los Jarales en Ist\u00e1n gracias al Plan de Inversiones Mancomunado\"}]},{\"@type\":\"WebSite\",\"@id\":\"https:\/\/mancomunidad.org\/en\/#website\",\"url\":\"https:\/\/mancomunidad.org\/en\/\",\"name\":\"Mancomunidad de Municipios\",\"description\":\"Costa del Sol Occidental\",\"publisher\":{\"@id\":\"https:\/\/mancomunidad.org\/en\/#organization\"},\"potentialAction\":[{\"@type\":\"SearchAction\",\"target\":{\"@type\":\"EntryPoint\",\"urlTemplate\":\"https:\/\/mancomunidad.org\/en\/?s={search_term_string}\"},\"query-input\":{\"@type\":\"PropertyValueSpecification\",\"valueRequired\":true,\"valueName\":\"search_term_string\"}}],\"inLanguage\":\"en-US\"},{\"@type\":\"Organization\",\"@id\":\"https:\/\/mancomunidad.org\/en\/#organization\",\"name\":\"Costa del Sol occidental\",\"url\":\"https:\/\/mancomunidad.org\/en\/\",\"logo\":{\"@type\":\"ImageObject\",\"inLanguage\":\"en-US\",\"@id\":\"https:\/\/mancomunidad.org\/en\/#\/schema\/logo\/image\/\",\"url\":\"https:\/\/mancomunidad.org\/wp-content\/uploads\/2024\/01\/logo_footer.png\",\"contentUrl\":\"https:\/\/mancomunidad.org\/wp-content\/uploads\/2024\/01\/logo_footer.png\",\"width\":201,\"height\":61,\"caption\":\"Costa del Sol occidental\"},\"image\":{\"@id\":\"https:\/\/mancomunidad.org\/en\/#\/schema\/logo\/image\/\"},\"sameAs\":[\"https:\/\/www.facebook.com\/mancomunidadcostasoloccidental\/\",\"https:\/\/x.com\/MancomunidadCSO\",\"https:\/\/www.instagram.com\/mancomunidadmunicipioscso\/\"]},{\"@type\":\"Person\",\"@id\":\"https:\/\/mancomunidad.org\/en\/#\/schema\/person\/332e0409f4248fa6a3212c2ed8537323\",\"name\":\"admin\",\"sameAs\":[\"https:\/\/mancomunidad.org\"]}]}<\/script>\n<!-- \/ Yoast SEO plugin. -->","yoast_head_json":{"title":"Abierto al p\u00fablico el Mirador de Los Jarales en Ist\u00e1n gracias al Plan de Inversiones Mancomunado - Mancomunidad de Municipios","description":"Son los municipios quienes solicitan a qu\u00e9 se destina el dinero que se les asigna desde la Mancomunidad","robots":{"index":"index","follow":"follow","max-snippet":"max-snippet:-1","max-image-preview":"max-image-preview:large","max-video-preview":"max-video-preview:-1"},"canonical":"https:\/\/mancomunidad.org\/en\/abierto-al-publico-el-mirador-de-los-jarales-en-istan-gracias-al-plan-de-inversiones-mancomunado\/","og_locale":"en_US","og_type":"article","og_title":"Abierto al p\u00fablico el Mirador de Los Jarales en Ist\u00e1n gracias al Plan de Inversiones Mancomunado - Mancomunidad de Municipios","og_description":"Son los municipios quienes solicitan a qu\u00e9 se destina el dinero que se les asigna desde la Mancomunidad","og_url":"https:\/\/mancomunidad.org\/en\/abierto-al-publico-el-mirador-de-los-jarales-en-istan-gracias-al-plan-de-inversiones-mancomunado\/","og_site_name":"Mancomunidad de Municipios","article_publisher":"https:\/\/www.facebook.com\/mancomunidadcostasoloccidental\/","article_published_time":"2023-11-09T13:43:38+00:00","article_modified_time":"2024-02-22T08:14:44+00:00","og_image":[{"width":380,"height":267,"url":"https:\/\/mancomunidad.org\/wp-content\/uploads\/2024\/02\/3641-7.jpg","type":"image\/jpeg"}],"author":"admin","twitter_card":"summary_large_image","twitter_creator":"@MancomunidadCSO","twitter_site":"@MancomunidadCSO","twitter_misc":{"Written by":"admin","Est. reading time":"2 minutes"},"schema":{"@context":"https:\/\/schema.org","@graph":[{"@type":"Article","@id":"https:\/\/mancomunidad.org\/en\/abierto-al-publico-el-mirador-de-los-jarales-en-istan-gracias-al-plan-de-inversiones-mancomunado\/#article","isPartOf":{"@id":"https:\/\/mancomunidad.org\/en\/abierto-al-publico-el-mirador-de-los-jarales-en-istan-gracias-al-plan-de-inversiones-mancomunado\/"},"author":{"name":"admin","@id":"https:\/\/mancomunidad.org\/en\/#\/schema\/person\/332e0409f4248fa6a3212c2ed8537323"},"headline":"Abierto al p\u00fablico el Mirador de Los Jarales en Ist\u00e1n gracias al Plan de Inversiones Mancomunado","datePublished":"2023-11-09T13:43:38+00:00","dateModified":"2024-02-22T08:14:44+00:00","mainEntityOfPage":{"@id":"https:\/\/mancomunidad.org\/en\/abierto-al-publico-el-mirador-de-los-jarales-en-istan-gracias-al-plan-de-inversiones-mancomunado\/"},"wordCount":372,"commentCount":2,"publisher":{"@id":"https:\/\/mancomunidad.org\/en\/#organization"},"image":{"@id":"https:\/\/mancomunidad.org\/en\/abierto-al-publico-el-mirador-de-los-jarales-en-istan-gracias-al-plan-de-inversiones-mancomunado\/#primaryimage"},"thumbnailUrl":"https:\/\/mancomunidad.org\/wp-content\/uploads\/2024\/02\/3641-7.jpg","articleSection":["Noticias","Sala de prensa"],"inLanguage":"en-US","potentialAction":[{"@type":"CommentAction","name":"Comment","target":["https:\/\/mancomunidad.org\/en\/abierto-al-publico-el-mirador-de-los-jarales-en-istan-gracias-al-plan-de-inversiones-mancomunado\/#respond"]}]},{"@type":"WebPage","@id":"https:\/\/mancomunidad.org\/en\/abierto-al-publico-el-mirador-de-los-jarales-en-istan-gracias-al-plan-de-inversiones-mancomunado\/","url":"https:\/\/mancomunidad.org\/en\/abierto-al-publico-el-mirador-de-los-jarales-en-istan-gracias-al-plan-de-inversiones-mancomunado\/","name":"Abierto al p\u00fablico el Mirador de Los Jarales en Ist\u00e1n gracias al Plan de Inversiones Mancomunado - Mancomunidad de Municipios","isPartOf":{"@id":"https:\/\/mancomunidad.org\/en\/#website"},"primaryImageOfPage":{"@id":"https:\/\/mancomunidad.org\/en\/abierto-al-publico-el-mirador-de-los-jarales-en-istan-gracias-al-plan-de-inversiones-mancomunado\/#primaryimage"},"image":{"@id":"https:\/\/mancomunidad.org\/en\/abierto-al-publico-el-mirador-de-los-jarales-en-istan-gracias-al-plan-de-inversiones-mancomunado\/#primaryimage"},"thumbnailUrl":"https:\/\/mancomunidad.org\/wp-content\/uploads\/2024\/02\/3641-7.jpg","datePublished":"2023-11-09T13:43:38+00:00","dateModified":"2024-02-22T08:14:44+00:00","description":"Son los municipios quienes solicitan a qu\u00e9 se destina el dinero que se les asigna desde la Mancomunidad","breadcrumb":{"@id":"https:\/\/mancomunidad.org\/en\/abierto-al-publico-el-mirador-de-los-jarales-en-istan-gracias-al-plan-de-inversiones-mancomunado\/#breadcrumb"},"inLanguage":"en-US","potentialAction":[{"@type":"ReadAction","target":["https:\/\/mancomunidad.org\/en\/abierto-al-publico-el-mirador-de-los-jarales-en-istan-gracias-al-plan-de-inversiones-mancomunado\/"]}]},{"@type":"ImageObject","inLanguage":"en-US","@id":"https:\/\/mancomunidad.org\/en\/abierto-al-publico-el-mirador-de-los-jarales-en-istan-gracias-al-plan-de-inversiones-mancomunado\/#primaryimage","url":"https:\/\/mancomunidad.org\/wp-content\/uploads\/2024\/02\/3641-7.jpg","contentUrl":"https:\/\/mancomunidad.org\/wp-content\/uploads\/2024\/02\/3641-7.jpg","width":380,"height":267},{"@type":"BreadcrumbList","@id":"https:\/\/mancomunidad.org\/en\/abierto-al-publico-el-mirador-de-los-jarales-en-istan-gracias-al-plan-de-inversiones-mancomunado\/#breadcrumb","itemListElement":[{"@type":"ListItem","position":1,"name":"Inicio","item":"https:\/\/mancomunidad.org\/en\/"},{"@type":"ListItem","position":2,"name":"Abierto al p\u00fablico el Mirador de Los Jarales en Ist\u00e1n gracias al Plan de Inversiones Mancomunado"}]},{"@type":"WebSite","@id":"https:\/\/mancomunidad.org\/en\/#website","url":"https:\/\/mancomunidad.org\/en\/","name":"Mancomunidad de Municipios","description":"Costa del Sol Occidental","publisher":{"@id":"https:\/\/mancomunidad.org\/en\/#organization"},"potentialAction":[{"@type":"SearchAction","target":{"@type":"EntryPoint","urlTemplate":"https:\/\/mancomunidad.org\/en\/?s={search_term_string}"},"query-input":{"@type":"PropertyValueSpecification","valueRequired":true,"valueName":"search_term_string"}}],"inLanguage":"en-US"},{"@type":"Organization","@id":"https:\/\/mancomunidad.org\/en\/#organization","name":"Costa del Sol occidental","url":"https:\/\/mancomunidad.org\/en\/","logo":{"@type":"ImageObject","inLanguage":"en-US","@id":"https:\/\/mancomunidad.org\/en\/#\/schema\/logo\/image\/","url":"https:\/\/mancomunidad.org\/wp-content\/uploads\/2024\/01\/logo_footer.png","contentUrl":"https:\/\/mancomunidad.org\/wp-content\/uploads\/2024\/01\/logo_footer.png","width":201,"height":61,"caption":"Costa del Sol occidental"},"image":{"@id":"https:\/\/mancomunidad.org\/en\/#\/schema\/logo\/image\/"},"sameAs":["https:\/\/www.facebook.com\/mancomunidadcostasoloccidental\/","https:\/\/x.com\/MancomunidadCSO","https:\/\/www.instagram.com\/mancomunidadmunicipioscso\/"]},{"@type":"Person","@id":"https:\/\/mancomunidad.org\/en\/#\/schema\/person\/332e0409f4248fa6a3212c2ed8537323","name":"admin","sameAs":["https:\/\/mancomunidad.org"]}]}},"_links":{"self":[{"href":"https:\/\/mancomunidad.org\/en\/wp-json\/wp\/v2\/posts\/884","targetHints":{"allow":["GET"]}}],"collection":[{"href":"https:\/\/mancomunidad.org\/en\/wp-json\/wp\/v2\/posts"}],"about":[{"href":"https:\/\/mancomunidad.org\/en\/wp-json\/wp\/v2\/types\/post"}],"author":[{"embeddable":true,"href":"https:\/\/mancomunidad.org\/en\/wp-json\/wp\/v2\/users\/1"}],"replies":[{"embeddable":true,"href":"https:\/\/mancomunidad.org\/en\/wp-json\/wp\/v2\/comments?post=884"}],"version-history":[{"count":2,"href":"https:\/\/mancomunidad.org\/en\/wp-json\/wp\/v2\/posts\/884\/revisions"}],"predecessor-version":[{"id":2372,"href":"https:\/\/mancomunidad.org\/en\/wp-json\/wp\/v2\/posts\/884\/revisions\/2372"}],"wp:featuredmedia":[{"embeddable":true,"href":"https:\/\/mancomunidad.org\/en\/wp-json\/wp\/v2\/media\/885"}],"wp:attachment":[{"href":"https:\/\/mancomunidad.org\/en\/wp-json\/wp\/v2\/media?parent=884"}],"wp:term":[{"taxonomy":"category","embeddable":true,"href":"https:\/\/mancomunidad.org\/en\/wp-json\/wp\/v2\/categories?post=884"},{"taxonomy":"post_tag","embeddable":true,"href":"https:\/\/mancomunidad.org\/en\/wp-json\/wp\/v2\/tags?post=884"}],"curies":[{"name":"wp","href":"https:\/\/api.w.org\/{rel}","templated":true}]}}