{"id":4495,"date":"2026-04-27T12:16:36","date_gmt":"2026-04-27T10:16:36","guid":{"rendered":"https:\/\/mancomunidad.org\/?p=4495"},"modified":"2026-04-27T12:16:37","modified_gmt":"2026-04-27T10:16:37","slug":"tres-nuevos-camiones-se-suman-a-la-recogida-selectiva-de-papel-carton-y-envases","status":"publish","type":"post","link":"https:\/\/mancomunidad.org\/en\/tres-nuevos-camiones-se-suman-a-la-recogida-selectiva-de-papel-carton-y-envases\/","title":{"rendered":"Tres nuevos camiones se suman a la recogida selectiva de papel-cart\u00f3n y envases"},"content":{"rendered":"\n<p><strong>Estos veh\u00edculos disponen de sistemas que reducen las emisiones contaminantes y el nivel sonoro durante el servicio<\/strong><\/p>\n\n\n\n<p>La Mancomunidad de Municipios de la Costa del Sol Occidental y Urbaser han incorporado tres nuevos camiones recolectores al servicio de recogida selectiva de papel-cart\u00f3n y envases, en el marco del nuevo contrato adjudicado a la compa\u00f1\u00eda. Estos veh\u00edculos suponen un importante avance en eficiencia, sostenibilidad ambiental y mejora del servicio p\u00fablico de recogida en toda la Costa del Sol.<\/p>\n\n\n\n<p>Los nuevos camiones son recolectores de carga lateral con caja compactadora y est\u00e1n especialmente dise\u00f1ados para operar en entornos urbanos, combinando altas prestaciones t\u00e9cnicas con un notable compromiso medioambiental.<\/p>\n\n\n\n<p>Entre sus principales caracter\u00edsticas destaca el sistema de motorizaci\u00f3n dualizada e h\u00edbrida di\u00e9sel\u2013GLP, que permite reducir de forma significativa las emisiones contaminantes. Estos veh\u00edculos tambi\u00e9n disminuyen el nivel sonoro durante el servicio, un aspecto especialmente relevante en n\u00facleos urbanos.<\/p>\n\n\n\n<p>Los camiones disponen de un sistema que permite la recogida automatizada de contenedores de hasta 3.200 litros, optimizando los tiempos de trabajo y mejorando la seguridad operativa. La carga \u00fatil alcanza los 18.762 kg, con una masa m\u00e1xima autorizada de 26.000 kg, ofreciendo una elevada capacidad operativa para los servicios de recogida selectiva.<\/p>\n\n\n\n<p>Durante la presentaci\u00f3n, responsables de Urbaser y de la Mancomunidad destacaron que la incorporaci\u00f3n de estos tres nuevos camiones, que se producir\u00e1 esta misma tarde, refuerza el compromiso conjunto con la modernizaci\u00f3n del servicio de recogida selectiva, la protecci\u00f3n del medio ambiente y la mejora de la calidad de vida de la ciudadan\u00eda.<\/p>\n\n\n\n<p>Con esta nueva flota, Urbaser contin\u00faa apostando por la innovaci\u00f3n tecnol\u00f3gica y la sostenibilidad como pilares fundamentales en la gesti\u00f3n de residuos, aline\u00e1ndose con los objetivos europeos de econom\u00eda circular y reducci\u00f3n de emisiones.<\/p>\n","protected":false},"excerpt":{"rendered":"<p>Estos veh\u00edculos disponen de sistemas que reducen las emisiones contaminantes y el nivel sonoro durante el servicio La Mancomunidad de Municipios de la Costa del Sol Occidental y Urbaser han incorporado tres nuevos camiones recolectores al servicio de recogida selectiva de papel-cart\u00f3n y envases, en el marco del nuevo contrato adjudicado a la compa\u00f1\u00eda. Estos [&hellip;]<\/p>\n","protected":false},"author":102,"featured_media":4496,"comment_status":"closed","ping_status":"closed","sticky":false,"template":"","format":"standard","meta":{"_monsterinsights_skip_tracking":false,"_monsterinsights_sitenote_active":false,"_monsterinsights_sitenote_note":"","_monsterinsights_sitenote_category":0,"footnotes":""},"categories":[1],"tags":[],"class_list":["post-4495","post","type-post","status-publish","format-standard","has-post-thumbnail","hentry","category-noticias"],"yoast_head":"<!-- This site is optimized with the Yoast SEO plugin v26.6 - https:\/\/yoast.com\/wordpress\/plugins\/seo\/ -->\n<title>Tres nuevos camiones se suman a la recogida selectiva de papel-cart\u00f3n y envases - Mancomunidad de Municipios<\/title>\n<meta name=\"robots\" content=\"index, follow, max-snippet:-1, max-image-preview:large, max-video-preview:-1\" \/>\n<link rel=\"canonical\" href=\"https:\/\/mancomunidad.org\/en\/tres-nuevos-camiones-se-suman-a-la-recogida-selectiva-de-papel-carton-y-envases\/\" \/>\n<meta property=\"og:locale\" content=\"en_US\" \/>\n<meta property=\"og:type\" content=\"article\" \/>\n<meta property=\"og:title\" content=\"Tres nuevos camiones se suman a la recogida selectiva de papel-cart\u00f3n y envases - Mancomunidad de Municipios\" \/>\n<meta property=\"og:description\" content=\"Estos veh\u00edculos disponen de sistemas que reducen las emisiones contaminantes y el nivel sonoro durante el servicio La Mancomunidad de Municipios de la Costa del Sol Occidental y Urbaser han incorporado tres nuevos camiones recolectores al servicio de recogida selectiva de papel-cart\u00f3n y envases, en el marco del nuevo contrato adjudicado a la compa\u00f1\u00eda. Estos [&hellip;]\" \/>\n<meta property=\"og:url\" content=\"https:\/\/mancomunidad.org\/en\/tres-nuevos-camiones-se-suman-a-la-recogida-selectiva-de-papel-carton-y-envases\/\" \/>\n<meta property=\"og:site_name\" content=\"Mancomunidad de Municipios\" \/>\n<meta property=\"article:publisher\" content=\"https:\/\/www.facebook.com\/mancomunidadcostasoloccidental\/\" \/>\n<meta property=\"article:published_time\" content=\"2026-04-27T10:16:36+00:00\" \/>\n<meta property=\"article:modified_time\" content=\"2026-04-27T10:16:37+00:00\" \/>\n<meta property=\"og:image\" content=\"https:\/\/mancomunidad.org\/wp-content\/uploads\/2026\/04\/Nuevos-camiones-selectiva-scaled.jpeg\" \/>\n\t<meta property=\"og:image:width\" content=\"2560\" \/>\n\t<meta property=\"og:image:height\" content=\"1707\" \/>\n\t<meta property=\"og:image:type\" content=\"image\/jpeg\" \/>\n<meta name=\"author\" content=\"Leonor Dialoga\" \/>\n<meta name=\"twitter:card\" content=\"summary_large_image\" \/>\n<meta name=\"twitter:creator\" content=\"@MancomunidadCSO\" \/>\n<meta name=\"twitter:site\" content=\"@MancomunidadCSO\" \/>\n<meta name=\"twitter:label1\" content=\"Written by\" \/>\n\t<meta name=\"twitter:data1\" content=\"Leonor Dialoga\" \/>\n\t<meta name=\"twitter:label2\" content=\"Est. reading time\" \/>\n\t<meta name=\"twitter:data2\" content=\"2 minutes\" \/>\n<script type=\"application\/ld+json\" class=\"yoast-schema-graph\">{\"@context\":\"https:\/\/schema.org\",\"@graph\":[{\"@type\":\"Article\",\"@id\":\"https:\/\/mancomunidad.org\/en\/tres-nuevos-camiones-se-suman-a-la-recogida-selectiva-de-papel-carton-y-envases\/#article\",\"isPartOf\":{\"@id\":\"https:\/\/mancomunidad.org\/en\/tres-nuevos-camiones-se-suman-a-la-recogida-selectiva-de-papel-carton-y-envases\/\"},\"author\":{\"name\":\"Leonor Dialoga\",\"@id\":\"https:\/\/mancomunidad.org\/en\/#\/schema\/person\/6e139d30f75d3716625e593cd4ec848b\"},\"headline\":\"Tres nuevos camiones se suman a la recogida selectiva de papel-cart\u00f3n y envases\",\"datePublished\":\"2026-04-27T10:16:36+00:00\",\"dateModified\":\"2026-04-27T10:16:37+00:00\",\"mainEntityOfPage\":{\"@id\":\"https:\/\/mancomunidad.org\/en\/tres-nuevos-camiones-se-suman-a-la-recogida-selectiva-de-papel-carton-y-envases\/\"},\"wordCount\":325,\"publisher\":{\"@id\":\"https:\/\/mancomunidad.org\/en\/#organization\"},\"image\":{\"@id\":\"https:\/\/mancomunidad.org\/en\/tres-nuevos-camiones-se-suman-a-la-recogida-selectiva-de-papel-carton-y-envases\/#primaryimage\"},\"thumbnailUrl\":\"https:\/\/mancomunidad.org\/wp-content\/uploads\/2026\/04\/Nuevos-camiones-selectiva-scaled.jpeg\",\"articleSection\":[\"Noticias\"],\"inLanguage\":\"en-US\"},{\"@type\":\"WebPage\",\"@id\":\"https:\/\/mancomunidad.org\/en\/tres-nuevos-camiones-se-suman-a-la-recogida-selectiva-de-papel-carton-y-envases\/\",\"url\":\"https:\/\/mancomunidad.org\/en\/tres-nuevos-camiones-se-suman-a-la-recogida-selectiva-de-papel-carton-y-envases\/\",\"name\":\"Tres nuevos camiones se suman a la recogida selectiva de papel-cart\u00f3n y envases - Mancomunidad de Municipios\",\"isPartOf\":{\"@id\":\"https:\/\/mancomunidad.org\/en\/#website\"},\"primaryImageOfPage\":{\"@id\":\"https:\/\/mancomunidad.org\/en\/tres-nuevos-camiones-se-suman-a-la-recogida-selectiva-de-papel-carton-y-envases\/#primaryimage\"},\"image\":{\"@id\":\"https:\/\/mancomunidad.org\/en\/tres-nuevos-camiones-se-suman-a-la-recogida-selectiva-de-papel-carton-y-envases\/#primaryimage\"},\"thumbnailUrl\":\"https:\/\/mancomunidad.org\/wp-content\/uploads\/2026\/04\/Nuevos-camiones-selectiva-scaled.jpeg\",\"datePublished\":\"2026-04-27T10:16:36+00:00\",\"dateModified\":\"2026-04-27T10:16:37+00:00\",\"breadcrumb\":{\"@id\":\"https:\/\/mancomunidad.org\/en\/tres-nuevos-camiones-se-suman-a-la-recogida-selectiva-de-papel-carton-y-envases\/#breadcrumb\"},\"inLanguage\":\"en-US\",\"potentialAction\":[{\"@type\":\"ReadAction\",\"target\":[\"https:\/\/mancomunidad.org\/en\/tres-nuevos-camiones-se-suman-a-la-recogida-selectiva-de-papel-carton-y-envases\/\"]}]},{\"@type\":\"ImageObject\",\"inLanguage\":\"en-US\",\"@id\":\"https:\/\/mancomunidad.org\/en\/tres-nuevos-camiones-se-suman-a-la-recogida-selectiva-de-papel-carton-y-envases\/#primaryimage\",\"url\":\"https:\/\/mancomunidad.org\/wp-content\/uploads\/2026\/04\/Nuevos-camiones-selectiva-scaled.jpeg\",\"contentUrl\":\"https:\/\/mancomunidad.org\/wp-content\/uploads\/2026\/04\/Nuevos-camiones-selectiva-scaled.jpeg\",\"width\":2560,\"height\":1707},{\"@type\":\"BreadcrumbList\",\"@id\":\"https:\/\/mancomunidad.org\/en\/tres-nuevos-camiones-se-suman-a-la-recogida-selectiva-de-papel-carton-y-envases\/#breadcrumb\",\"itemListElement\":[{\"@type\":\"ListItem\",\"position\":1,\"name\":\"Inicio\",\"item\":\"https:\/\/mancomunidad.org\/en\/\"},{\"@type\":\"ListItem\",\"position\":2,\"name\":\"Tres nuevos camiones se suman a la recogida selectiva de papel-cart\u00f3n y envases\"}]},{\"@type\":\"WebSite\",\"@id\":\"https:\/\/mancomunidad.org\/en\/#website\",\"url\":\"https:\/\/mancomunidad.org\/en\/\",\"name\":\"Mancomunidad de Municipios\",\"description\":\"Costa del Sol Occidental\",\"publisher\":{\"@id\":\"https:\/\/mancomunidad.org\/en\/#organization\"},\"potentialAction\":[{\"@type\":\"SearchAction\",\"target\":{\"@type\":\"EntryPoint\",\"urlTemplate\":\"https:\/\/mancomunidad.org\/en\/?s={search_term_string}\"},\"query-input\":{\"@type\":\"PropertyValueSpecification\",\"valueRequired\":true,\"valueName\":\"search_term_string\"}}],\"inLanguage\":\"en-US\"},{\"@type\":\"Organization\",\"@id\":\"https:\/\/mancomunidad.org\/en\/#organization\",\"name\":\"Costa del Sol occidental\",\"url\":\"https:\/\/mancomunidad.org\/en\/\",\"logo\":{\"@type\":\"ImageObject\",\"inLanguage\":\"en-US\",\"@id\":\"https:\/\/mancomunidad.org\/en\/#\/schema\/logo\/image\/\",\"url\":\"https:\/\/mancomunidad.org\/wp-content\/uploads\/2024\/01\/logo_footer.png\",\"contentUrl\":\"https:\/\/mancomunidad.org\/wp-content\/uploads\/2024\/01\/logo_footer.png\",\"width\":201,\"height\":61,\"caption\":\"Costa del Sol occidental\"},\"image\":{\"@id\":\"https:\/\/mancomunidad.org\/en\/#\/schema\/logo\/image\/\"},\"sameAs\":[\"https:\/\/www.facebook.com\/mancomunidadcostasoloccidental\/\",\"https:\/\/x.com\/MancomunidadCSO\",\"https:\/\/www.instagram.com\/mancomunidadmunicipioscso\/\"]},{\"@type\":\"Person\",\"@id\":\"https:\/\/mancomunidad.org\/en\/#\/schema\/person\/6e139d30f75d3716625e593cd4ec848b\",\"name\":\"Leonor Dialoga\"}]}<\/script>\n<!-- \/ Yoast SEO plugin. -->","yoast_head_json":{"title":"Tres nuevos camiones se suman a la recogida selectiva de papel-cart\u00f3n y envases - Mancomunidad de Municipios","robots":{"index":"index","follow":"follow","max-snippet":"max-snippet:-1","max-image-preview":"max-image-preview:large","max-video-preview":"max-video-preview:-1"},"canonical":"https:\/\/mancomunidad.org\/en\/tres-nuevos-camiones-se-suman-a-la-recogida-selectiva-de-papel-carton-y-envases\/","og_locale":"en_US","og_type":"article","og_title":"Tres nuevos camiones se suman a la recogida selectiva de papel-cart\u00f3n y envases - Mancomunidad de Municipios","og_description":"Estos veh\u00edculos disponen de sistemas que reducen las emisiones contaminantes y el nivel sonoro durante el servicio La Mancomunidad de Municipios de la Costa del Sol Occidental y Urbaser han incorporado tres nuevos camiones recolectores al servicio de recogida selectiva de papel-cart\u00f3n y envases, en el marco del nuevo contrato adjudicado a la compa\u00f1\u00eda. Estos [&hellip;]","og_url":"https:\/\/mancomunidad.org\/en\/tres-nuevos-camiones-se-suman-a-la-recogida-selectiva-de-papel-carton-y-envases\/","og_site_name":"Mancomunidad de Municipios","article_publisher":"https:\/\/www.facebook.com\/mancomunidadcostasoloccidental\/","article_published_time":"2026-04-27T10:16:36+00:00","article_modified_time":"2026-04-27T10:16:37+00:00","og_image":[{"width":2560,"height":1707,"url":"https:\/\/mancomunidad.org\/wp-content\/uploads\/2026\/04\/Nuevos-camiones-selectiva-scaled.jpeg","type":"image\/jpeg"}],"author":"Leonor Dialoga","twitter_card":"summary_large_image","twitter_creator":"@MancomunidadCSO","twitter_site":"@MancomunidadCSO","twitter_misc":{"Written by":"Leonor Dialoga","Est. reading time":"2 minutes"},"schema":{"@context":"https:\/\/schema.org","@graph":[{"@type":"Article","@id":"https:\/\/mancomunidad.org\/en\/tres-nuevos-camiones-se-suman-a-la-recogida-selectiva-de-papel-carton-y-envases\/#article","isPartOf":{"@id":"https:\/\/mancomunidad.org\/en\/tres-nuevos-camiones-se-suman-a-la-recogida-selectiva-de-papel-carton-y-envases\/"},"author":{"name":"Leonor Dialoga","@id":"https:\/\/mancomunidad.org\/en\/#\/schema\/person\/6e139d30f75d3716625e593cd4ec848b"},"headline":"Tres nuevos camiones se suman a la recogida selectiva de papel-cart\u00f3n y envases","datePublished":"2026-04-27T10:16:36+00:00","dateModified":"2026-04-27T10:16:37+00:00","mainEntityOfPage":{"@id":"https:\/\/mancomunidad.org\/en\/tres-nuevos-camiones-se-suman-a-la-recogida-selectiva-de-papel-carton-y-envases\/"},"wordCount":325,"publisher":{"@id":"https:\/\/mancomunidad.org\/en\/#organization"},"image":{"@id":"https:\/\/mancomunidad.org\/en\/tres-nuevos-camiones-se-suman-a-la-recogida-selectiva-de-papel-carton-y-envases\/#primaryimage"},"thumbnailUrl":"https:\/\/mancomunidad.org\/wp-content\/uploads\/2026\/04\/Nuevos-camiones-selectiva-scaled.jpeg","articleSection":["Noticias"],"inLanguage":"en-US"},{"@type":"WebPage","@id":"https:\/\/mancomunidad.org\/en\/tres-nuevos-camiones-se-suman-a-la-recogida-selectiva-de-papel-carton-y-envases\/","url":"https:\/\/mancomunidad.org\/en\/tres-nuevos-camiones-se-suman-a-la-recogida-selectiva-de-papel-carton-y-envases\/","name":"Tres nuevos camiones se suman a la recogida selectiva de papel-cart\u00f3n y envases - Mancomunidad de Municipios","isPartOf":{"@id":"https:\/\/mancomunidad.org\/en\/#website"},"primaryImageOfPage":{"@id":"https:\/\/mancomunidad.org\/en\/tres-nuevos-camiones-se-suman-a-la-recogida-selectiva-de-papel-carton-y-envases\/#primaryimage"},"image":{"@id":"https:\/\/mancomunidad.org\/en\/tres-nuevos-camiones-se-suman-a-la-recogida-selectiva-de-papel-carton-y-envases\/#primaryimage"},"thumbnailUrl":"https:\/\/mancomunidad.org\/wp-content\/uploads\/2026\/04\/Nuevos-camiones-selectiva-scaled.jpeg","datePublished":"2026-04-27T10:16:36+00:00","dateModified":"2026-04-27T10:16:37+00:00","breadcrumb":{"@id":"https:\/\/mancomunidad.org\/en\/tres-nuevos-camiones-se-suman-a-la-recogida-selectiva-de-papel-carton-y-envases\/#breadcrumb"},"inLanguage":"en-US","potentialAction":[{"@type":"ReadAction","target":["https:\/\/mancomunidad.org\/en\/tres-nuevos-camiones-se-suman-a-la-recogida-selectiva-de-papel-carton-y-envases\/"]}]},{"@type":"ImageObject","inLanguage":"en-US","@id":"https:\/\/mancomunidad.org\/en\/tres-nuevos-camiones-se-suman-a-la-recogida-selectiva-de-papel-carton-y-envases\/#primaryimage","url":"https:\/\/mancomunidad.org\/wp-content\/uploads\/2026\/04\/Nuevos-camiones-selectiva-scaled.jpeg","contentUrl":"https:\/\/mancomunidad.org\/wp-content\/uploads\/2026\/04\/Nuevos-camiones-selectiva-scaled.jpeg","width":2560,"height":1707},{"@type":"BreadcrumbList","@id":"https:\/\/mancomunidad.org\/en\/tres-nuevos-camiones-se-suman-a-la-recogida-selectiva-de-papel-carton-y-envases\/#breadcrumb","itemListElement":[{"@type":"ListItem","position":1,"name":"Inicio","item":"https:\/\/mancomunidad.org\/en\/"},{"@type":"ListItem","position":2,"name":"Tres nuevos camiones se suman a la recogida selectiva de papel-cart\u00f3n y envases"}]},{"@type":"WebSite","@id":"https:\/\/mancomunidad.org\/en\/#website","url":"https:\/\/mancomunidad.org\/en\/","name":"Mancomunidad de Municipios","description":"Costa del Sol Occidental","publisher":{"@id":"https:\/\/mancomunidad.org\/en\/#organization"},"potentialAction":[{"@type":"SearchAction","target":{"@type":"EntryPoint","urlTemplate":"https:\/\/mancomunidad.org\/en\/?s={search_term_string}"},"query-input":{"@type":"PropertyValueSpecification","valueRequired":true,"valueName":"search_term_string"}}],"inLanguage":"en-US"},{"@type":"Organization","@id":"https:\/\/mancomunidad.org\/en\/#organization","name":"Costa del Sol occidental","url":"https:\/\/mancomunidad.org\/en\/","logo":{"@type":"ImageObject","inLanguage":"en-US","@id":"https:\/\/mancomunidad.org\/en\/#\/schema\/logo\/image\/","url":"https:\/\/mancomunidad.org\/wp-content\/uploads\/2024\/01\/logo_footer.png","contentUrl":"https:\/\/mancomunidad.org\/wp-content\/uploads\/2024\/01\/logo_footer.png","width":201,"height":61,"caption":"Costa del Sol occidental"},"image":{"@id":"https:\/\/mancomunidad.org\/en\/#\/schema\/logo\/image\/"},"sameAs":["https:\/\/www.facebook.com\/mancomunidadcostasoloccidental\/","https:\/\/x.com\/MancomunidadCSO","https:\/\/www.instagram.com\/mancomunidadmunicipioscso\/"]},{"@type":"Person","@id":"https:\/\/mancomunidad.org\/en\/#\/schema\/person\/6e139d30f75d3716625e593cd4ec848b","name":"Leonor Dialoga"}]}},"_links":{"self":[{"href":"https:\/\/mancomunidad.org\/en\/wp-json\/wp\/v2\/posts\/4495","targetHints":{"allow":["GET"]}}],"collection":[{"href":"https:\/\/mancomunidad.org\/en\/wp-json\/wp\/v2\/posts"}],"about":[{"href":"https:\/\/mancomunidad.org\/en\/wp-json\/wp\/v2\/types\/post"}],"author":[{"embeddable":true,"href":"https:\/\/mancomunidad.org\/en\/wp-json\/wp\/v2\/users\/102"}],"replies":[{"embeddable":true,"href":"https:\/\/mancomunidad.org\/en\/wp-json\/wp\/v2\/comments?post=4495"}],"version-history":[{"count":1,"href":"https:\/\/mancomunidad.org\/en\/wp-json\/wp\/v2\/posts\/4495\/revisions"}],"predecessor-version":[{"id":4498,"href":"https:\/\/mancomunidad.org\/en\/wp-json\/wp\/v2\/posts\/4495\/revisions\/4498"}],"wp:featuredmedia":[{"embeddable":true,"href":"https:\/\/mancomunidad.org\/en\/wp-json\/wp\/v2\/media\/4496"}],"wp:attachment":[{"href":"https:\/\/mancomunidad.org\/en\/wp-json\/wp\/v2\/media?parent=4495"}],"wp:term":[{"taxonomy":"category","embeddable":true,"href":"https:\/\/mancomunidad.org\/en\/wp-json\/wp\/v2\/categories?post=4495"},{"taxonomy":"post_tag","embeddable":true,"href":"https:\/\/mancomunidad.org\/en\/wp-json\/wp\/v2\/tags?post=4495"}],"curies":[{"name":"wp","href":"https:\/\/api.w.org\/{rel}","templated":true}]}}