{"id":4175,"date":"2025-10-15T16:20:00","date_gmt":"2025-10-15T14:20:00","guid":{"rendered":"https:\/\/mancomunidad.org\/?p=4175"},"modified":"2025-12-15T16:24:28","modified_gmt":"2025-12-15T15:24:28","slug":"entran-en-servicio-los-primeros-vehiculos-sostenibles-para-la-recogida-de-residuos","status":"publish","type":"post","link":"https:\/\/mancomunidad.org\/en\/entran-en-servicio-los-primeros-vehiculos-sostenibles-para-la-recogida-de-residuos\/","title":{"rendered":"Entran en servicio los primeros veh\u00edculos sostenibles para la recogida de residuos"},"content":{"rendered":"\n<ul class=\"wp-block-list\">\n<li>Con esta nueva flota se da un paso firme hacia un modelo de gesti\u00f3n de residuos m\u00e1s respetuoso con el medio ambiente<\/li>\n<\/ul>\n\n\n\n<p><\/p>\n\n\n\n<p>Marbella, 15 de octubre de 2025.\u2014 La Mancomunidad de Municipios de la Costa del Sol Occidental ha recibido hoy varios veh\u00edculos que forman parte del refuerzo de la flota para la recogida de veh\u00edculos. Concretamente se trata de cinco furgonetas h\u00edbridos-enchufables con una reducida emisi\u00f3n de gases contaminantes como el di\u00f3xido de carbono (CO2), \u00f3xidos de nitr\u00f3geno (NOx) o part\u00edculas, contribuyendo significativamente a mejorar la calidad del aire.<\/p>\n\n\n\n<p>El presidente de la Mancomunidad, Manuel Carde\u00f1a, ha se\u00f1alado que \u201ctan importante como recoger los residuos que generamos es c\u00f3mo hacemos esa recogida. Queremos impactar lo menos posible en esta tarea. La sostenibilidad no es una opci\u00f3n, es una responsabilidad. Con esta nueva flota, damos un paso firme hacia un modelo de gesti\u00f3n de residuos m\u00e1s respetuoso con el medio ambiente y m\u00e1s eficiente para las comunidades a las que servimos\u201d.<\/p>\n\n\n\n<p>A estos veh\u00edculos se sumar\u00e1n otros cuarenta que utilizan motorizaciones con tecnolog\u00eda dualizada di\u00e9sel-GLP (distintivo ECO), es decir que usan un motor t\u00e9rmico que funciona con combustible di\u00e9sel y GLP (Gas Licuado de Petr\u00f3leo) de forma combinada. Este combustible es m\u00e1s barato que los tradicionales, emite menos CO2 y menos sustancias contaminantes, lo que contribuye a una menor huella de carbono. Entre estos veh\u00edculos se encuentran los camiones recolectores, camiones de mantenimiento, camiones lava-contenedores, furgoneta con equipo hidro-limpiador y camiones recolectores modalidad puerta a puerta.<\/p>\n\n\n\n<p>Finalmente, el presidente ha explicado que \u201cla Mancomunidad est\u00e1 plenamente comprometida con la gesti\u00f3n responsable de los recursos y con la protecci\u00f3n del medio ambiente y una muestra de ello es la puesta en marcha de esta flota de veh\u00edculos sostenibles\u201d.<\/p>\n","protected":false},"excerpt":{"rendered":"<p>Marbella, 15 de octubre de 2025.\u2014 La Mancomunidad de Municipios de la Costa del Sol Occidental ha recibido hoy varios veh\u00edculos que forman parte del refuerzo de la flota para la recogida de veh\u00edculos. Concretamente se trata de cinco furgonetas h\u00edbridos-enchufables con una reducida emisi\u00f3n de gases contaminantes como el di\u00f3xido de carbono (CO2), \u00f3xidos [&hellip;]<\/p>\n","protected":false},"author":102,"featured_media":4176,"comment_status":"closed","ping_status":"closed","sticky":false,"template":"","format":"standard","meta":{"_monsterinsights_skip_tracking":false,"_monsterinsights_sitenote_active":false,"_monsterinsights_sitenote_note":"","_monsterinsights_sitenote_category":0,"footnotes":""},"categories":[1],"tags":[],"class_list":["post-4175","post","type-post","status-publish","format-standard","has-post-thumbnail","hentry","category-noticias"],"yoast_head":"<!-- This site is optimized with the Yoast SEO plugin v26.6 - https:\/\/yoast.com\/wordpress\/plugins\/seo\/ -->\n<title>Entran en servicio los primeros veh\u00edculos sostenibles para la recogida de residuos - Mancomunidad de Municipios<\/title>\n<meta name=\"robots\" content=\"index, follow, max-snippet:-1, max-image-preview:large, max-video-preview:-1\" \/>\n<link rel=\"canonical\" href=\"https:\/\/mancomunidad.org\/en\/entran-en-servicio-los-primeros-vehiculos-sostenibles-para-la-recogida-de-residuos\/\" \/>\n<meta property=\"og:locale\" content=\"en_US\" \/>\n<meta property=\"og:type\" content=\"article\" \/>\n<meta property=\"og:title\" content=\"Entran en servicio los primeros veh\u00edculos sostenibles para la recogida de residuos - Mancomunidad de Municipios\" \/>\n<meta property=\"og:description\" content=\"Marbella, 15 de octubre de 2025.\u2014 La Mancomunidad de Municipios de la Costa del Sol Occidental ha recibido hoy varios veh\u00edculos que forman parte del refuerzo de la flota para la recogida de veh\u00edculos. Concretamente se trata de cinco furgonetas h\u00edbridos-enchufables con una reducida emisi\u00f3n de gases contaminantes como el di\u00f3xido de carbono (CO2), \u00f3xidos [&hellip;]\" \/>\n<meta property=\"og:url\" content=\"https:\/\/mancomunidad.org\/en\/entran-en-servicio-los-primeros-vehiculos-sostenibles-para-la-recogida-de-residuos\/\" \/>\n<meta property=\"og:site_name\" content=\"Mancomunidad de Municipios\" \/>\n<meta property=\"article:publisher\" content=\"https:\/\/www.facebook.com\/mancomunidadcostasoloccidental\/\" \/>\n<meta property=\"article:published_time\" content=\"2025-10-15T14:20:00+00:00\" \/>\n<meta property=\"article:modified_time\" content=\"2025-12-15T15:24:28+00:00\" \/>\n<meta property=\"og:image\" content=\"https:\/\/mancomunidad.org\/wp-content\/uploads\/2025\/12\/image00012.jpeg\" \/>\n\t<meta property=\"og:image:width\" content=\"1757\" \/>\n\t<meta property=\"og:image:height\" content=\"1171\" \/>\n\t<meta property=\"og:image:type\" content=\"image\/jpeg\" \/>\n<meta name=\"author\" content=\"Leonor Dialoga\" \/>\n<meta name=\"twitter:card\" content=\"summary_large_image\" \/>\n<meta name=\"twitter:creator\" content=\"@MancomunidadCSO\" \/>\n<meta name=\"twitter:site\" content=\"@MancomunidadCSO\" \/>\n<meta name=\"twitter:label1\" content=\"Written by\" \/>\n\t<meta name=\"twitter:data1\" content=\"Leonor Dialoga\" \/>\n\t<meta name=\"twitter:label2\" content=\"Est. reading time\" \/>\n\t<meta name=\"twitter:data2\" content=\"2 minutes\" \/>\n<script type=\"application\/ld+json\" class=\"yoast-schema-graph\">{\"@context\":\"https:\/\/schema.org\",\"@graph\":[{\"@type\":\"Article\",\"@id\":\"https:\/\/mancomunidad.org\/en\/entran-en-servicio-los-primeros-vehiculos-sostenibles-para-la-recogida-de-residuos\/#article\",\"isPartOf\":{\"@id\":\"https:\/\/mancomunidad.org\/en\/entran-en-servicio-los-primeros-vehiculos-sostenibles-para-la-recogida-de-residuos\/\"},\"author\":{\"name\":\"Leonor Dialoga\",\"@id\":\"https:\/\/mancomunidad.org\/en\/#\/schema\/person\/6e139d30f75d3716625e593cd4ec848b\"},\"headline\":\"Entran en servicio los primeros veh\u00edculos sostenibles para la recogida de residuos\",\"datePublished\":\"2025-10-15T14:20:00+00:00\",\"dateModified\":\"2025-12-15T15:24:28+00:00\",\"mainEntityOfPage\":{\"@id\":\"https:\/\/mancomunidad.org\/en\/entran-en-servicio-los-primeros-vehiculos-sostenibles-para-la-recogida-de-residuos\/\"},\"wordCount\":326,\"publisher\":{\"@id\":\"https:\/\/mancomunidad.org\/en\/#organization\"},\"image\":{\"@id\":\"https:\/\/mancomunidad.org\/en\/entran-en-servicio-los-primeros-vehiculos-sostenibles-para-la-recogida-de-residuos\/#primaryimage\"},\"thumbnailUrl\":\"https:\/\/mancomunidad.org\/wp-content\/uploads\/2025\/12\/image00012.jpeg\",\"articleSection\":[\"Noticias\"],\"inLanguage\":\"en-US\"},{\"@type\":\"WebPage\",\"@id\":\"https:\/\/mancomunidad.org\/en\/entran-en-servicio-los-primeros-vehiculos-sostenibles-para-la-recogida-de-residuos\/\",\"url\":\"https:\/\/mancomunidad.org\/en\/entran-en-servicio-los-primeros-vehiculos-sostenibles-para-la-recogida-de-residuos\/\",\"name\":\"Entran en servicio los primeros veh\u00edculos sostenibles para la recogida de residuos - Mancomunidad de Municipios\",\"isPartOf\":{\"@id\":\"https:\/\/mancomunidad.org\/en\/#website\"},\"primaryImageOfPage\":{\"@id\":\"https:\/\/mancomunidad.org\/en\/entran-en-servicio-los-primeros-vehiculos-sostenibles-para-la-recogida-de-residuos\/#primaryimage\"},\"image\":{\"@id\":\"https:\/\/mancomunidad.org\/en\/entran-en-servicio-los-primeros-vehiculos-sostenibles-para-la-recogida-de-residuos\/#primaryimage\"},\"thumbnailUrl\":\"https:\/\/mancomunidad.org\/wp-content\/uploads\/2025\/12\/image00012.jpeg\",\"datePublished\":\"2025-10-15T14:20:00+00:00\",\"dateModified\":\"2025-12-15T15:24:28+00:00\",\"breadcrumb\":{\"@id\":\"https:\/\/mancomunidad.org\/en\/entran-en-servicio-los-primeros-vehiculos-sostenibles-para-la-recogida-de-residuos\/#breadcrumb\"},\"inLanguage\":\"en-US\",\"potentialAction\":[{\"@type\":\"ReadAction\",\"target\":[\"https:\/\/mancomunidad.org\/en\/entran-en-servicio-los-primeros-vehiculos-sostenibles-para-la-recogida-de-residuos\/\"]}]},{\"@type\":\"ImageObject\",\"inLanguage\":\"en-US\",\"@id\":\"https:\/\/mancomunidad.org\/en\/entran-en-servicio-los-primeros-vehiculos-sostenibles-para-la-recogida-de-residuos\/#primaryimage\",\"url\":\"https:\/\/mancomunidad.org\/wp-content\/uploads\/2025\/12\/image00012.jpeg\",\"contentUrl\":\"https:\/\/mancomunidad.org\/wp-content\/uploads\/2025\/12\/image00012.jpeg\",\"width\":1757,\"height\":1171},{\"@type\":\"BreadcrumbList\",\"@id\":\"https:\/\/mancomunidad.org\/en\/entran-en-servicio-los-primeros-vehiculos-sostenibles-para-la-recogida-de-residuos\/#breadcrumb\",\"itemListElement\":[{\"@type\":\"ListItem\",\"position\":1,\"name\":\"Inicio\",\"item\":\"https:\/\/mancomunidad.org\/en\/\"},{\"@type\":\"ListItem\",\"position\":2,\"name\":\"Entran en servicio los primeros veh\u00edculos sostenibles para la recogida de residuos\"}]},{\"@type\":\"WebSite\",\"@id\":\"https:\/\/mancomunidad.org\/en\/#website\",\"url\":\"https:\/\/mancomunidad.org\/en\/\",\"name\":\"Mancomunidad de Municipios\",\"description\":\"Costa del Sol Occidental\",\"publisher\":{\"@id\":\"https:\/\/mancomunidad.org\/en\/#organization\"},\"potentialAction\":[{\"@type\":\"SearchAction\",\"target\":{\"@type\":\"EntryPoint\",\"urlTemplate\":\"https:\/\/mancomunidad.org\/en\/?s={search_term_string}\"},\"query-input\":{\"@type\":\"PropertyValueSpecification\",\"valueRequired\":true,\"valueName\":\"search_term_string\"}}],\"inLanguage\":\"en-US\"},{\"@type\":\"Organization\",\"@id\":\"https:\/\/mancomunidad.org\/en\/#organization\",\"name\":\"Costa del Sol occidental\",\"url\":\"https:\/\/mancomunidad.org\/en\/\",\"logo\":{\"@type\":\"ImageObject\",\"inLanguage\":\"en-US\",\"@id\":\"https:\/\/mancomunidad.org\/en\/#\/schema\/logo\/image\/\",\"url\":\"https:\/\/mancomunidad.org\/wp-content\/uploads\/2024\/01\/logo_footer.png\",\"contentUrl\":\"https:\/\/mancomunidad.org\/wp-content\/uploads\/2024\/01\/logo_footer.png\",\"width\":201,\"height\":61,\"caption\":\"Costa del Sol occidental\"},\"image\":{\"@id\":\"https:\/\/mancomunidad.org\/en\/#\/schema\/logo\/image\/\"},\"sameAs\":[\"https:\/\/www.facebook.com\/mancomunidadcostasoloccidental\/\",\"https:\/\/x.com\/MancomunidadCSO\",\"https:\/\/www.instagram.com\/mancomunidadmunicipioscso\/\"]},{\"@type\":\"Person\",\"@id\":\"https:\/\/mancomunidad.org\/en\/#\/schema\/person\/6e139d30f75d3716625e593cd4ec848b\",\"name\":\"Leonor Dialoga\"}]}<\/script>\n<!-- \/ Yoast SEO plugin. -->","yoast_head_json":{"title":"Entran en servicio los primeros veh\u00edculos sostenibles para la recogida de residuos - Mancomunidad de Municipios","robots":{"index":"index","follow":"follow","max-snippet":"max-snippet:-1","max-image-preview":"max-image-preview:large","max-video-preview":"max-video-preview:-1"},"canonical":"https:\/\/mancomunidad.org\/en\/entran-en-servicio-los-primeros-vehiculos-sostenibles-para-la-recogida-de-residuos\/","og_locale":"en_US","og_type":"article","og_title":"Entran en servicio los primeros veh\u00edculos sostenibles para la recogida de residuos - Mancomunidad de Municipios","og_description":"Marbella, 15 de octubre de 2025.\u2014 La Mancomunidad de Municipios de la Costa del Sol Occidental ha recibido hoy varios veh\u00edculos que forman parte del refuerzo de la flota para la recogida de veh\u00edculos. Concretamente se trata de cinco furgonetas h\u00edbridos-enchufables con una reducida emisi\u00f3n de gases contaminantes como el di\u00f3xido de carbono (CO2), \u00f3xidos [&hellip;]","og_url":"https:\/\/mancomunidad.org\/en\/entran-en-servicio-los-primeros-vehiculos-sostenibles-para-la-recogida-de-residuos\/","og_site_name":"Mancomunidad de Municipios","article_publisher":"https:\/\/www.facebook.com\/mancomunidadcostasoloccidental\/","article_published_time":"2025-10-15T14:20:00+00:00","article_modified_time":"2025-12-15T15:24:28+00:00","og_image":[{"width":1757,"height":1171,"url":"https:\/\/mancomunidad.org\/wp-content\/uploads\/2025\/12\/image00012.jpeg","type":"image\/jpeg"}],"author":"Leonor Dialoga","twitter_card":"summary_large_image","twitter_creator":"@MancomunidadCSO","twitter_site":"@MancomunidadCSO","twitter_misc":{"Written by":"Leonor Dialoga","Est. reading time":"2 minutes"},"schema":{"@context":"https:\/\/schema.org","@graph":[{"@type":"Article","@id":"https:\/\/mancomunidad.org\/en\/entran-en-servicio-los-primeros-vehiculos-sostenibles-para-la-recogida-de-residuos\/#article","isPartOf":{"@id":"https:\/\/mancomunidad.org\/en\/entran-en-servicio-los-primeros-vehiculos-sostenibles-para-la-recogida-de-residuos\/"},"author":{"name":"Leonor Dialoga","@id":"https:\/\/mancomunidad.org\/en\/#\/schema\/person\/6e139d30f75d3716625e593cd4ec848b"},"headline":"Entran en servicio los primeros veh\u00edculos sostenibles para la recogida de residuos","datePublished":"2025-10-15T14:20:00+00:00","dateModified":"2025-12-15T15:24:28+00:00","mainEntityOfPage":{"@id":"https:\/\/mancomunidad.org\/en\/entran-en-servicio-los-primeros-vehiculos-sostenibles-para-la-recogida-de-residuos\/"},"wordCount":326,"publisher":{"@id":"https:\/\/mancomunidad.org\/en\/#organization"},"image":{"@id":"https:\/\/mancomunidad.org\/en\/entran-en-servicio-los-primeros-vehiculos-sostenibles-para-la-recogida-de-residuos\/#primaryimage"},"thumbnailUrl":"https:\/\/mancomunidad.org\/wp-content\/uploads\/2025\/12\/image00012.jpeg","articleSection":["Noticias"],"inLanguage":"en-US"},{"@type":"WebPage","@id":"https:\/\/mancomunidad.org\/en\/entran-en-servicio-los-primeros-vehiculos-sostenibles-para-la-recogida-de-residuos\/","url":"https:\/\/mancomunidad.org\/en\/entran-en-servicio-los-primeros-vehiculos-sostenibles-para-la-recogida-de-residuos\/","name":"Entran en servicio los primeros veh\u00edculos sostenibles para la recogida de residuos - Mancomunidad de Municipios","isPartOf":{"@id":"https:\/\/mancomunidad.org\/en\/#website"},"primaryImageOfPage":{"@id":"https:\/\/mancomunidad.org\/en\/entran-en-servicio-los-primeros-vehiculos-sostenibles-para-la-recogida-de-residuos\/#primaryimage"},"image":{"@id":"https:\/\/mancomunidad.org\/en\/entran-en-servicio-los-primeros-vehiculos-sostenibles-para-la-recogida-de-residuos\/#primaryimage"},"thumbnailUrl":"https:\/\/mancomunidad.org\/wp-content\/uploads\/2025\/12\/image00012.jpeg","datePublished":"2025-10-15T14:20:00+00:00","dateModified":"2025-12-15T15:24:28+00:00","breadcrumb":{"@id":"https:\/\/mancomunidad.org\/en\/entran-en-servicio-los-primeros-vehiculos-sostenibles-para-la-recogida-de-residuos\/#breadcrumb"},"inLanguage":"en-US","potentialAction":[{"@type":"ReadAction","target":["https:\/\/mancomunidad.org\/en\/entran-en-servicio-los-primeros-vehiculos-sostenibles-para-la-recogida-de-residuos\/"]}]},{"@type":"ImageObject","inLanguage":"en-US","@id":"https:\/\/mancomunidad.org\/en\/entran-en-servicio-los-primeros-vehiculos-sostenibles-para-la-recogida-de-residuos\/#primaryimage","url":"https:\/\/mancomunidad.org\/wp-content\/uploads\/2025\/12\/image00012.jpeg","contentUrl":"https:\/\/mancomunidad.org\/wp-content\/uploads\/2025\/12\/image00012.jpeg","width":1757,"height":1171},{"@type":"BreadcrumbList","@id":"https:\/\/mancomunidad.org\/en\/entran-en-servicio-los-primeros-vehiculos-sostenibles-para-la-recogida-de-residuos\/#breadcrumb","itemListElement":[{"@type":"ListItem","position":1,"name":"Inicio","item":"https:\/\/mancomunidad.org\/en\/"},{"@type":"ListItem","position":2,"name":"Entran en servicio los primeros veh\u00edculos sostenibles para la recogida de residuos"}]},{"@type":"WebSite","@id":"https:\/\/mancomunidad.org\/en\/#website","url":"https:\/\/mancomunidad.org\/en\/","name":"Mancomunidad de Municipios","description":"Costa del Sol Occidental","publisher":{"@id":"https:\/\/mancomunidad.org\/en\/#organization"},"potentialAction":[{"@type":"SearchAction","target":{"@type":"EntryPoint","urlTemplate":"https:\/\/mancomunidad.org\/en\/?s={search_term_string}"},"query-input":{"@type":"PropertyValueSpecification","valueRequired":true,"valueName":"search_term_string"}}],"inLanguage":"en-US"},{"@type":"Organization","@id":"https:\/\/mancomunidad.org\/en\/#organization","name":"Costa del Sol occidental","url":"https:\/\/mancomunidad.org\/en\/","logo":{"@type":"ImageObject","inLanguage":"en-US","@id":"https:\/\/mancomunidad.org\/en\/#\/schema\/logo\/image\/","url":"https:\/\/mancomunidad.org\/wp-content\/uploads\/2024\/01\/logo_footer.png","contentUrl":"https:\/\/mancomunidad.org\/wp-content\/uploads\/2024\/01\/logo_footer.png","width":201,"height":61,"caption":"Costa del Sol occidental"},"image":{"@id":"https:\/\/mancomunidad.org\/en\/#\/schema\/logo\/image\/"},"sameAs":["https:\/\/www.facebook.com\/mancomunidadcostasoloccidental\/","https:\/\/x.com\/MancomunidadCSO","https:\/\/www.instagram.com\/mancomunidadmunicipioscso\/"]},{"@type":"Person","@id":"https:\/\/mancomunidad.org\/en\/#\/schema\/person\/6e139d30f75d3716625e593cd4ec848b","name":"Leonor Dialoga"}]}},"_links":{"self":[{"href":"https:\/\/mancomunidad.org\/en\/wp-json\/wp\/v2\/posts\/4175","targetHints":{"allow":["GET"]}}],"collection":[{"href":"https:\/\/mancomunidad.org\/en\/wp-json\/wp\/v2\/posts"}],"about":[{"href":"https:\/\/mancomunidad.org\/en\/wp-json\/wp\/v2\/types\/post"}],"author":[{"embeddable":true,"href":"https:\/\/mancomunidad.org\/en\/wp-json\/wp\/v2\/users\/102"}],"replies":[{"embeddable":true,"href":"https:\/\/mancomunidad.org\/en\/wp-json\/wp\/v2\/comments?post=4175"}],"version-history":[{"count":1,"href":"https:\/\/mancomunidad.org\/en\/wp-json\/wp\/v2\/posts\/4175\/revisions"}],"predecessor-version":[{"id":4178,"href":"https:\/\/mancomunidad.org\/en\/wp-json\/wp\/v2\/posts\/4175\/revisions\/4178"}],"wp:featuredmedia":[{"embeddable":true,"href":"https:\/\/mancomunidad.org\/en\/wp-json\/wp\/v2\/media\/4176"}],"wp:attachment":[{"href":"https:\/\/mancomunidad.org\/en\/wp-json\/wp\/v2\/media?parent=4175"}],"wp:term":[{"taxonomy":"category","embeddable":true,"href":"https:\/\/mancomunidad.org\/en\/wp-json\/wp\/v2\/categories?post=4175"},{"taxonomy":"post_tag","embeddable":true,"href":"https:\/\/mancomunidad.org\/en\/wp-json\/wp\/v2\/tags?post=4175"}],"curies":[{"name":"wp","href":"https:\/\/api.w.org\/{rel}","templated":true}]}}