{"id":4171,"date":"2025-09-10T16:16:00","date_gmt":"2025-09-10T14:16:00","guid":{"rendered":"https:\/\/mancomunidad.org\/?p=4171"},"modified":"2025-12-15T16:20:25","modified_gmt":"2025-12-15T15:20:25","slug":"la-mancomunidad-ve-cumplidos-los-objetivos-de-recogida-selectiva-en-temporada-alta","status":"publish","type":"post","link":"https:\/\/mancomunidad.org\/en\/la-mancomunidad-ve-cumplidos-los-objetivos-de-recogida-selectiva-en-temporada-alta\/","title":{"rendered":"La Mancomunidad ve cumplidos los objetivos de recogida selectiva en temporada alta"},"content":{"rendered":"\n<ul class=\"wp-block-list\">\n<li>El primer trimestre del contrato con Urbaser cumple las expectativas<\/li>\n\n\n\n<li>Supone importe total de 84.459.100 euros, que incluye una inversi\u00f3n de 13.462.069 euros<\/li>\n<\/ul>\n\n\n\n<p><\/p>\n\n\n\n<p>Marbella, 10 de septiembre de 2025.\u2014 La Mancomunidad de Municipios de la Costa del Sol Occidental, despu\u00e9s de los tres primeros meses de vigencia del nuevo contrato de recogida selectiva con la empresa Urbaser, que tambi\u00e9n gestiona el Complejo Ambiental Costa del Sol, considera que \u201cse est\u00e1n cumpliendo los objetivos de la primera fase de la implantaci\u00f3n del nuevo sistema de recogida selectiva\u201d, en palabras del presidente de la Mancomunidad, Manuel Carde\u00f1a.<\/p>\n\n\n\n<p>En lo que va de a\u00f1o, la recogida selectiva ha registrado un incremento del 4,45 por ciento, alcanzando la cifra de 10.844.980 kilos, frente a los 10.382.480 del a\u00f1o pasado. En lo referente a papel y cart\u00f3n, el incremento supone un 6,05 por ciento, habi\u00e9ndose recogido hasta el momento 7.217.898 kilos, frente a los 6.806.220 del a\u00f1o anterior.<\/p>\n\n\n\n<p>La actual concesi\u00f3n, formalizada en junio pasado, supone un contrato por un importe total de 84.459.100 euros, que incluye una inversi\u00f3n de 13.462.069 euros destinada a la mejora de las instalaciones y servicios. Este contrato tendr\u00e1 una vigencia inicial de diez a\u00f1os y dar\u00e1 servicio a la poblaci\u00f3n de la Costa del Sol Occidental, que supera los 600.000 habitantes.<\/p>\n\n\n\n<p>El presidente de la Mancomunidad ha vuelto a destacar que \u201clos estudios demogr\u00e1ficos revelan un aumento de la poblaci\u00f3n en nuestra comarca junto con un incremento de los residuos separados selectivamente, gracias a la concienciaci\u00f3n de los ciudadanos\u201d.<\/p>\n\n\n\n<p>En concreto, Carde\u00f1a ha avanzado que se estima que la Costa del Sol genere anualmente una media de m\u00e1s de 21.000 toneladas de envases ligeros y m\u00e1s de 10.000 de papel-cart\u00f3n.<\/p>\n\n\n\n<p>En este trimestre, concluy\u00f3 el presidente \u201cse ha aumentado la frecuencia de las rutas y la primera fase de la instalaci\u00f3n de contenedores. Est\u00e1 determinado que se produzca un refuerzo y ampliaci\u00f3n de la frecuencia de recogida en temporada alta (del 15 de junio al 15 de septiembre, Semana Santa y Navidad), as\u00ed como una mayor dotaci\u00f3n de contenedores en estas fechas\u201d.<\/p>\n\n\n\n<p>Seg\u00fan las estipulaciones del contrato, Urbaser adquirir\u00e1 y pondr\u00e1 en funcionamiento, a partir del pr\u00f3ximo mes de octubre, 44 nuevos veh\u00edculos: 39 con etiqueta ECO y 5 con etiqueta CERO, los cuales, adem\u00e1s, tienen baja emisi\u00f3n de ruido, caracter\u00edsticas de obligado cumplimiento en todos los equipos destinados a ser utilizados en horario nocturno.<\/p>\n\n\n\n<p>Respecto a los contenedores para el dep\u00f3sito de residuos en la v\u00eda p\u00fablica, la empresa renovar\u00e1 un total de 6.488 unidades: 3.902 para la recogida selectiva de envases ligeros y 2.586 para la recogida selectiva de papel-cart\u00f3n.<br><\/p>\n\n\n\n<p>Urbaser incorporar\u00e1 1.456 sensores volum\u00e9tricos que controlan el nivel de llenado de los contenedores, lo que permitir\u00e1 un estudio de \u201ccontenerizaci\u00f3n\u201d de la zona y el ajuste de las rutas en cuanto a frecuencias se refiere, ofreciendo un servicio m\u00e1s eficiente y \u00e1gil.<\/p>\n\n\n\n<p>Asimismo, habr\u00e1 una auditor\u00eda externa que controlar\u00e1 la calidad del servicio.<\/p>\n","protected":false},"excerpt":{"rendered":"<p>Marbella, 10 de septiembre de 2025.\u2014 La Mancomunidad de Municipios de la Costa del Sol Occidental, despu\u00e9s de los tres primeros meses de vigencia del nuevo contrato de recogida selectiva con la empresa Urbaser, que tambi\u00e9n gestiona el Complejo Ambiental Costa del Sol, considera que \u201cse est\u00e1n cumpliendo los objetivos de la primera fase de [&hellip;]<\/p>\n","protected":false},"author":102,"featured_media":4172,"comment_status":"closed","ping_status":"closed","sticky":false,"template":"","format":"standard","meta":{"_monsterinsights_skip_tracking":false,"_monsterinsights_sitenote_active":false,"_monsterinsights_sitenote_note":"","_monsterinsights_sitenote_category":0,"footnotes":""},"categories":[1],"tags":[],"class_list":["post-4171","post","type-post","status-publish","format-standard","has-post-thumbnail","hentry","category-noticias"],"yoast_head":"<!-- This site is optimized with the Yoast SEO plugin v26.6 - https:\/\/yoast.com\/wordpress\/plugins\/seo\/ -->\n<title>La Mancomunidad ve cumplidos los objetivos de recogida selectiva en temporada alta - Mancomunidad de Municipios<\/title>\n<meta name=\"robots\" content=\"index, follow, max-snippet:-1, max-image-preview:large, max-video-preview:-1\" \/>\n<link rel=\"canonical\" href=\"https:\/\/mancomunidad.org\/en\/la-mancomunidad-ve-cumplidos-los-objetivos-de-recogida-selectiva-en-temporada-alta\/\" \/>\n<meta property=\"og:locale\" content=\"en_US\" \/>\n<meta property=\"og:type\" content=\"article\" \/>\n<meta property=\"og:title\" content=\"La Mancomunidad ve cumplidos los objetivos de recogida selectiva en temporada alta - Mancomunidad de Municipios\" \/>\n<meta property=\"og:description\" content=\"Marbella, 10 de septiembre de 2025.\u2014 La Mancomunidad de Municipios de la Costa del Sol Occidental, despu\u00e9s de los tres primeros meses de vigencia del nuevo contrato de recogida selectiva con la empresa Urbaser, que tambi\u00e9n gestiona el Complejo Ambiental Costa del Sol, considera que \u201cse est\u00e1n cumpliendo los objetivos de la primera fase de [&hellip;]\" \/>\n<meta property=\"og:url\" content=\"https:\/\/mancomunidad.org\/en\/la-mancomunidad-ve-cumplidos-los-objetivos-de-recogida-selectiva-en-temporada-alta\/\" \/>\n<meta property=\"og:site_name\" content=\"Mancomunidad de Municipios\" \/>\n<meta property=\"article:publisher\" content=\"https:\/\/www.facebook.com\/mancomunidadcostasoloccidental\/\" \/>\n<meta property=\"article:published_time\" content=\"2025-09-10T14:16:00+00:00\" \/>\n<meta property=\"article:modified_time\" content=\"2025-12-15T15:20:25+00:00\" \/>\n<meta property=\"og:image\" content=\"https:\/\/mancomunidad.org\/wp-content\/uploads\/2025\/12\/Nota-de-prensa-Selectiva.jpeg\" \/>\n\t<meta property=\"og:image:width\" content=\"1920\" \/>\n\t<meta property=\"og:image:height\" content=\"1280\" \/>\n\t<meta property=\"og:image:type\" content=\"image\/jpeg\" \/>\n<meta name=\"author\" content=\"Leonor Dialoga\" \/>\n<meta name=\"twitter:card\" content=\"summary_large_image\" \/>\n<meta name=\"twitter:creator\" content=\"@MancomunidadCSO\" \/>\n<meta name=\"twitter:site\" content=\"@MancomunidadCSO\" \/>\n<meta name=\"twitter:label1\" content=\"Written by\" \/>\n\t<meta name=\"twitter:data1\" content=\"Leonor Dialoga\" \/>\n\t<meta name=\"twitter:label2\" content=\"Est. reading time\" \/>\n\t<meta name=\"twitter:data2\" content=\"3 minutes\" \/>\n<script type=\"application\/ld+json\" class=\"yoast-schema-graph\">{\"@context\":\"https:\/\/schema.org\",\"@graph\":[{\"@type\":\"Article\",\"@id\":\"https:\/\/mancomunidad.org\/en\/la-mancomunidad-ve-cumplidos-los-objetivos-de-recogida-selectiva-en-temporada-alta\/#article\",\"isPartOf\":{\"@id\":\"https:\/\/mancomunidad.org\/en\/la-mancomunidad-ve-cumplidos-los-objetivos-de-recogida-selectiva-en-temporada-alta\/\"},\"author\":{\"name\":\"Leonor Dialoga\",\"@id\":\"https:\/\/mancomunidad.org\/en\/#\/schema\/person\/6e139d30f75d3716625e593cd4ec848b\"},\"headline\":\"La Mancomunidad ve cumplidos los objetivos de recogida selectiva en temporada alta\",\"datePublished\":\"2025-09-10T14:16:00+00:00\",\"dateModified\":\"2025-12-15T15:20:25+00:00\",\"mainEntityOfPage\":{\"@id\":\"https:\/\/mancomunidad.org\/en\/la-mancomunidad-ve-cumplidos-los-objetivos-de-recogida-selectiva-en-temporada-alta\/\"},\"wordCount\":514,\"publisher\":{\"@id\":\"https:\/\/mancomunidad.org\/en\/#organization\"},\"image\":{\"@id\":\"https:\/\/mancomunidad.org\/en\/la-mancomunidad-ve-cumplidos-los-objetivos-de-recogida-selectiva-en-temporada-alta\/#primaryimage\"},\"thumbnailUrl\":\"https:\/\/mancomunidad.org\/wp-content\/uploads\/2025\/12\/Nota-de-prensa-Selectiva.jpeg\",\"articleSection\":[\"Noticias\"],\"inLanguage\":\"en-US\"},{\"@type\":\"WebPage\",\"@id\":\"https:\/\/mancomunidad.org\/en\/la-mancomunidad-ve-cumplidos-los-objetivos-de-recogida-selectiva-en-temporada-alta\/\",\"url\":\"https:\/\/mancomunidad.org\/en\/la-mancomunidad-ve-cumplidos-los-objetivos-de-recogida-selectiva-en-temporada-alta\/\",\"name\":\"La Mancomunidad ve cumplidos los objetivos de recogida selectiva en temporada alta - Mancomunidad de Municipios\",\"isPartOf\":{\"@id\":\"https:\/\/mancomunidad.org\/en\/#website\"},\"primaryImageOfPage\":{\"@id\":\"https:\/\/mancomunidad.org\/en\/la-mancomunidad-ve-cumplidos-los-objetivos-de-recogida-selectiva-en-temporada-alta\/#primaryimage\"},\"image\":{\"@id\":\"https:\/\/mancomunidad.org\/en\/la-mancomunidad-ve-cumplidos-los-objetivos-de-recogida-selectiva-en-temporada-alta\/#primaryimage\"},\"thumbnailUrl\":\"https:\/\/mancomunidad.org\/wp-content\/uploads\/2025\/12\/Nota-de-prensa-Selectiva.jpeg\",\"datePublished\":\"2025-09-10T14:16:00+00:00\",\"dateModified\":\"2025-12-15T15:20:25+00:00\",\"breadcrumb\":{\"@id\":\"https:\/\/mancomunidad.org\/en\/la-mancomunidad-ve-cumplidos-los-objetivos-de-recogida-selectiva-en-temporada-alta\/#breadcrumb\"},\"inLanguage\":\"en-US\",\"potentialAction\":[{\"@type\":\"ReadAction\",\"target\":[\"https:\/\/mancomunidad.org\/en\/la-mancomunidad-ve-cumplidos-los-objetivos-de-recogida-selectiva-en-temporada-alta\/\"]}]},{\"@type\":\"ImageObject\",\"inLanguage\":\"en-US\",\"@id\":\"https:\/\/mancomunidad.org\/en\/la-mancomunidad-ve-cumplidos-los-objetivos-de-recogida-selectiva-en-temporada-alta\/#primaryimage\",\"url\":\"https:\/\/mancomunidad.org\/wp-content\/uploads\/2025\/12\/Nota-de-prensa-Selectiva.jpeg\",\"contentUrl\":\"https:\/\/mancomunidad.org\/wp-content\/uploads\/2025\/12\/Nota-de-prensa-Selectiva.jpeg\",\"width\":1920,\"height\":1280},{\"@type\":\"BreadcrumbList\",\"@id\":\"https:\/\/mancomunidad.org\/en\/la-mancomunidad-ve-cumplidos-los-objetivos-de-recogida-selectiva-en-temporada-alta\/#breadcrumb\",\"itemListElement\":[{\"@type\":\"ListItem\",\"position\":1,\"name\":\"Inicio\",\"item\":\"https:\/\/mancomunidad.org\/en\/\"},{\"@type\":\"ListItem\",\"position\":2,\"name\":\"La Mancomunidad ve cumplidos los objetivos de recogida selectiva en temporada alta\"}]},{\"@type\":\"WebSite\",\"@id\":\"https:\/\/mancomunidad.org\/en\/#website\",\"url\":\"https:\/\/mancomunidad.org\/en\/\",\"name\":\"Mancomunidad de Municipios\",\"description\":\"Costa del Sol Occidental\",\"publisher\":{\"@id\":\"https:\/\/mancomunidad.org\/en\/#organization\"},\"potentialAction\":[{\"@type\":\"SearchAction\",\"target\":{\"@type\":\"EntryPoint\",\"urlTemplate\":\"https:\/\/mancomunidad.org\/en\/?s={search_term_string}\"},\"query-input\":{\"@type\":\"PropertyValueSpecification\",\"valueRequired\":true,\"valueName\":\"search_term_string\"}}],\"inLanguage\":\"en-US\"},{\"@type\":\"Organization\",\"@id\":\"https:\/\/mancomunidad.org\/en\/#organization\",\"name\":\"Costa del Sol occidental\",\"url\":\"https:\/\/mancomunidad.org\/en\/\",\"logo\":{\"@type\":\"ImageObject\",\"inLanguage\":\"en-US\",\"@id\":\"https:\/\/mancomunidad.org\/en\/#\/schema\/logo\/image\/\",\"url\":\"https:\/\/mancomunidad.org\/wp-content\/uploads\/2024\/01\/logo_footer.png\",\"contentUrl\":\"https:\/\/mancomunidad.org\/wp-content\/uploads\/2024\/01\/logo_footer.png\",\"width\":201,\"height\":61,\"caption\":\"Costa del Sol occidental\"},\"image\":{\"@id\":\"https:\/\/mancomunidad.org\/en\/#\/schema\/logo\/image\/\"},\"sameAs\":[\"https:\/\/www.facebook.com\/mancomunidadcostasoloccidental\/\",\"https:\/\/x.com\/MancomunidadCSO\",\"https:\/\/www.instagram.com\/mancomunidadmunicipioscso\/\"]},{\"@type\":\"Person\",\"@id\":\"https:\/\/mancomunidad.org\/en\/#\/schema\/person\/6e139d30f75d3716625e593cd4ec848b\",\"name\":\"Leonor Dialoga\"}]}<\/script>\n<!-- \/ Yoast SEO plugin. -->","yoast_head_json":{"title":"La Mancomunidad ve cumplidos los objetivos de recogida selectiva en temporada alta - Mancomunidad de Municipios","robots":{"index":"index","follow":"follow","max-snippet":"max-snippet:-1","max-image-preview":"max-image-preview:large","max-video-preview":"max-video-preview:-1"},"canonical":"https:\/\/mancomunidad.org\/en\/la-mancomunidad-ve-cumplidos-los-objetivos-de-recogida-selectiva-en-temporada-alta\/","og_locale":"en_US","og_type":"article","og_title":"La Mancomunidad ve cumplidos los objetivos de recogida selectiva en temporada alta - Mancomunidad de Municipios","og_description":"Marbella, 10 de septiembre de 2025.\u2014 La Mancomunidad de Municipios de la Costa del Sol Occidental, despu\u00e9s de los tres primeros meses de vigencia del nuevo contrato de recogida selectiva con la empresa Urbaser, que tambi\u00e9n gestiona el Complejo Ambiental Costa del Sol, considera que \u201cse est\u00e1n cumpliendo los objetivos de la primera fase de [&hellip;]","og_url":"https:\/\/mancomunidad.org\/en\/la-mancomunidad-ve-cumplidos-los-objetivos-de-recogida-selectiva-en-temporada-alta\/","og_site_name":"Mancomunidad de Municipios","article_publisher":"https:\/\/www.facebook.com\/mancomunidadcostasoloccidental\/","article_published_time":"2025-09-10T14:16:00+00:00","article_modified_time":"2025-12-15T15:20:25+00:00","og_image":[{"width":1920,"height":1280,"url":"https:\/\/mancomunidad.org\/wp-content\/uploads\/2025\/12\/Nota-de-prensa-Selectiva.jpeg","type":"image\/jpeg"}],"author":"Leonor Dialoga","twitter_card":"summary_large_image","twitter_creator":"@MancomunidadCSO","twitter_site":"@MancomunidadCSO","twitter_misc":{"Written by":"Leonor Dialoga","Est. reading time":"3 minutes"},"schema":{"@context":"https:\/\/schema.org","@graph":[{"@type":"Article","@id":"https:\/\/mancomunidad.org\/en\/la-mancomunidad-ve-cumplidos-los-objetivos-de-recogida-selectiva-en-temporada-alta\/#article","isPartOf":{"@id":"https:\/\/mancomunidad.org\/en\/la-mancomunidad-ve-cumplidos-los-objetivos-de-recogida-selectiva-en-temporada-alta\/"},"author":{"name":"Leonor Dialoga","@id":"https:\/\/mancomunidad.org\/en\/#\/schema\/person\/6e139d30f75d3716625e593cd4ec848b"},"headline":"La Mancomunidad ve cumplidos los objetivos de recogida selectiva en temporada alta","datePublished":"2025-09-10T14:16:00+00:00","dateModified":"2025-12-15T15:20:25+00:00","mainEntityOfPage":{"@id":"https:\/\/mancomunidad.org\/en\/la-mancomunidad-ve-cumplidos-los-objetivos-de-recogida-selectiva-en-temporada-alta\/"},"wordCount":514,"publisher":{"@id":"https:\/\/mancomunidad.org\/en\/#organization"},"image":{"@id":"https:\/\/mancomunidad.org\/en\/la-mancomunidad-ve-cumplidos-los-objetivos-de-recogida-selectiva-en-temporada-alta\/#primaryimage"},"thumbnailUrl":"https:\/\/mancomunidad.org\/wp-content\/uploads\/2025\/12\/Nota-de-prensa-Selectiva.jpeg","articleSection":["Noticias"],"inLanguage":"en-US"},{"@type":"WebPage","@id":"https:\/\/mancomunidad.org\/en\/la-mancomunidad-ve-cumplidos-los-objetivos-de-recogida-selectiva-en-temporada-alta\/","url":"https:\/\/mancomunidad.org\/en\/la-mancomunidad-ve-cumplidos-los-objetivos-de-recogida-selectiva-en-temporada-alta\/","name":"La Mancomunidad ve cumplidos los objetivos de recogida selectiva en temporada alta - Mancomunidad de Municipios","isPartOf":{"@id":"https:\/\/mancomunidad.org\/en\/#website"},"primaryImageOfPage":{"@id":"https:\/\/mancomunidad.org\/en\/la-mancomunidad-ve-cumplidos-los-objetivos-de-recogida-selectiva-en-temporada-alta\/#primaryimage"},"image":{"@id":"https:\/\/mancomunidad.org\/en\/la-mancomunidad-ve-cumplidos-los-objetivos-de-recogida-selectiva-en-temporada-alta\/#primaryimage"},"thumbnailUrl":"https:\/\/mancomunidad.org\/wp-content\/uploads\/2025\/12\/Nota-de-prensa-Selectiva.jpeg","datePublished":"2025-09-10T14:16:00+00:00","dateModified":"2025-12-15T15:20:25+00:00","breadcrumb":{"@id":"https:\/\/mancomunidad.org\/en\/la-mancomunidad-ve-cumplidos-los-objetivos-de-recogida-selectiva-en-temporada-alta\/#breadcrumb"},"inLanguage":"en-US","potentialAction":[{"@type":"ReadAction","target":["https:\/\/mancomunidad.org\/en\/la-mancomunidad-ve-cumplidos-los-objetivos-de-recogida-selectiva-en-temporada-alta\/"]}]},{"@type":"ImageObject","inLanguage":"en-US","@id":"https:\/\/mancomunidad.org\/en\/la-mancomunidad-ve-cumplidos-los-objetivos-de-recogida-selectiva-en-temporada-alta\/#primaryimage","url":"https:\/\/mancomunidad.org\/wp-content\/uploads\/2025\/12\/Nota-de-prensa-Selectiva.jpeg","contentUrl":"https:\/\/mancomunidad.org\/wp-content\/uploads\/2025\/12\/Nota-de-prensa-Selectiva.jpeg","width":1920,"height":1280},{"@type":"BreadcrumbList","@id":"https:\/\/mancomunidad.org\/en\/la-mancomunidad-ve-cumplidos-los-objetivos-de-recogida-selectiva-en-temporada-alta\/#breadcrumb","itemListElement":[{"@type":"ListItem","position":1,"name":"Inicio","item":"https:\/\/mancomunidad.org\/en\/"},{"@type":"ListItem","position":2,"name":"La Mancomunidad ve cumplidos los objetivos de recogida selectiva en temporada alta"}]},{"@type":"WebSite","@id":"https:\/\/mancomunidad.org\/en\/#website","url":"https:\/\/mancomunidad.org\/en\/","name":"Mancomunidad de Municipios","description":"Costa del Sol Occidental","publisher":{"@id":"https:\/\/mancomunidad.org\/en\/#organization"},"potentialAction":[{"@type":"SearchAction","target":{"@type":"EntryPoint","urlTemplate":"https:\/\/mancomunidad.org\/en\/?s={search_term_string}"},"query-input":{"@type":"PropertyValueSpecification","valueRequired":true,"valueName":"search_term_string"}}],"inLanguage":"en-US"},{"@type":"Organization","@id":"https:\/\/mancomunidad.org\/en\/#organization","name":"Costa del Sol occidental","url":"https:\/\/mancomunidad.org\/en\/","logo":{"@type":"ImageObject","inLanguage":"en-US","@id":"https:\/\/mancomunidad.org\/en\/#\/schema\/logo\/image\/","url":"https:\/\/mancomunidad.org\/wp-content\/uploads\/2024\/01\/logo_footer.png","contentUrl":"https:\/\/mancomunidad.org\/wp-content\/uploads\/2024\/01\/logo_footer.png","width":201,"height":61,"caption":"Costa del Sol occidental"},"image":{"@id":"https:\/\/mancomunidad.org\/en\/#\/schema\/logo\/image\/"},"sameAs":["https:\/\/www.facebook.com\/mancomunidadcostasoloccidental\/","https:\/\/x.com\/MancomunidadCSO","https:\/\/www.instagram.com\/mancomunidadmunicipioscso\/"]},{"@type":"Person","@id":"https:\/\/mancomunidad.org\/en\/#\/schema\/person\/6e139d30f75d3716625e593cd4ec848b","name":"Leonor Dialoga"}]}},"_links":{"self":[{"href":"https:\/\/mancomunidad.org\/en\/wp-json\/wp\/v2\/posts\/4171","targetHints":{"allow":["GET"]}}],"collection":[{"href":"https:\/\/mancomunidad.org\/en\/wp-json\/wp\/v2\/posts"}],"about":[{"href":"https:\/\/mancomunidad.org\/en\/wp-json\/wp\/v2\/types\/post"}],"author":[{"embeddable":true,"href":"https:\/\/mancomunidad.org\/en\/wp-json\/wp\/v2\/users\/102"}],"replies":[{"embeddable":true,"href":"https:\/\/mancomunidad.org\/en\/wp-json\/wp\/v2\/comments?post=4171"}],"version-history":[{"count":1,"href":"https:\/\/mancomunidad.org\/en\/wp-json\/wp\/v2\/posts\/4171\/revisions"}],"predecessor-version":[{"id":4174,"href":"https:\/\/mancomunidad.org\/en\/wp-json\/wp\/v2\/posts\/4171\/revisions\/4174"}],"wp:featuredmedia":[{"embeddable":true,"href":"https:\/\/mancomunidad.org\/en\/wp-json\/wp\/v2\/media\/4172"}],"wp:attachment":[{"href":"https:\/\/mancomunidad.org\/en\/wp-json\/wp\/v2\/media?parent=4171"}],"wp:term":[{"taxonomy":"category","embeddable":true,"href":"https:\/\/mancomunidad.org\/en\/wp-json\/wp\/v2\/categories?post=4171"},{"taxonomy":"post_tag","embeddable":true,"href":"https:\/\/mancomunidad.org\/en\/wp-json\/wp\/v2\/tags?post=4171"}],"curies":[{"name":"wp","href":"https:\/\/api.w.org\/{rel}","templated":true}]}}