{"id":4167,"date":"2025-10-16T16:12:00","date_gmt":"2025-10-16T14:12:00","guid":{"rendered":"https:\/\/mancomunidad.org\/?p=4167"},"modified":"2025-12-15T16:16:46","modified_gmt":"2025-12-15T15:16:46","slug":"siguen-aumentando-las-cifras-de-reciclado-en-el-ambito-de-la-mancomunidad","status":"publish","type":"post","link":"https:\/\/mancomunidad.org\/en\/siguen-aumentando-las-cifras-de-reciclado-en-el-ambito-de-la-mancomunidad\/","title":{"rendered":"Siguen aumentando las cifras de reciclado en el \u00e1mbito de la Mancomunidad"},"content":{"rendered":"\n<ul class=\"wp-block-list\">\n<li>El Complejo Ambiental Costa del Sol ha tratado 104.834 toneladas de RSU, un 5% m\u00e1s que en 2024<\/li>\n<\/ul>\n\n\n\n<p><\/p>\n\n\n\n<p>Marbella, 16 de octubre de 2025.\u2014 La Costa del Sol ha incrementado en el tercer trimestre del a\u00f1o la recogida de todas las fracciones de residuos, respecto al mismo periodo del a\u00f1o anterior. En julio, agosto y septiembre se han registrado subidas en la recepci\u00f3n de residuos s\u00f3lidos urbanos (RSU), envases y papel-cart\u00f3n, mientras que la de vidrio ha mantenido niveles similares.<\/p>\n\n\n\n<p>El Complejo Ambiental Costa del Sol, propiedad de la Mancomunidad de Municipios de la Costa del Sol Occidental, y que gestiona Urbaser, trat\u00f3 en el tercer trimestre de 2025 un total de 104.834 toneladas de RSU, frente a las 99.795 toneladas de 2024, lo que supone un 5% m\u00e1s.<\/p>\n\n\n\n<p>Casares fue el municipio que registr\u00f3 un mayor incremento en la recogida de RSU de este trimestre, con un 22% m\u00e1s que en el mismo periodo del a\u00f1o anterior. Todos los municipios de la Costa del Sol experimentaron aumentos en la generaci\u00f3n de RSU, excepto Marbella, que curiosamente es el que, en volumen, m\u00e1s genera. En el tercer trimestre, Marbella redujo un 2% el RSU, pasando de las 30.003 toneladas del 2024 a 29.393.<\/p>\n\n\n\n<p>El presidente de la Mancomunidad de Municipios de la Costa del Sol Occidental, Manuel Carde\u00f1a, ha explicado que \u201ces habitual que en este tercer trimestre observemos un aumento en la generaci\u00f3n de RSU ya que corresponde a los meses del a\u00f1o con mayor aumento de la poblaci\u00f3n flotante\u201d.<\/p>\n\n\n\n<p>El presidente aclar\u00f3, no obstante, que \u201clo que nos hace ser optimistas es que sigue creciendo el porcentaje de material valorizable recuperado: envases, papel-cart\u00f3n y vidrio. En todas las fracciones se ha producido un incremento respecto al a\u00f1o anterior. Es normal que a m\u00e1s poblaci\u00f3n haya m\u00e1s basura, pero tambi\u00e9n hay m\u00e1s cantidad de material valorizable al que darle una segunda vida\u201d.<\/p>\n\n\n\n<p><strong>Envases Ligeros<\/strong><\/p>\n\n\n\n<p>La cantidad de envases ligeros recuperados en la Costa del Sol subi\u00f3 un 3% respecto a 2024. El tercer trimestre arroj\u00f3 un total de 4.862 toneladas, frente a las 4.709 de 2024.<\/p>\n\n\n\n<p>Benalm\u00e1dena fue la localidad con un mayor incremento en la recogida de envases, con un 22% m\u00e1s que en el tercer trimestre de 2024. Le siguen Marbella, Fuengirola y Mijas, que coinciden con una subida del 3%.<\/p>\n\n\n\n<p><strong>Papel y Cart\u00f3n<\/strong><\/p>\n\n\n\n<p>Respecto al papel-cart\u00f3n, el aumento de la recogida de este material en la Costa del Sol se ha situado en el tercer trimestre del a\u00f1o en el 9%, pasando de las 2.934 toneladas de 2024, a las 3.197 de 2025.<\/p>\n\n\n\n<p>De nuevo Benalm\u00e1dena encabeza el ranking con un incremento del 68%, seguida de Oj\u00e9n, con una subida del 35%. Todos los municipios de la Costa del Sol Occidental registraron subidas en la recogida de este material.<\/p>\n\n\n\n<p><strong>Vidrio<\/strong><\/p>\n\n\n\n<p>La entrada de vidrio en el tercer trimestre del a\u00f1o mantuvo niveles similares a los de 2024, situ\u00e1ndose en las. 5.177 toneladas.<\/p>\n\n\n\n<p>Mijas fue el municipio con mayor porcentaje de recogida, con un 10% m\u00e1s, seguida de Benahav\u00eds, Ist\u00e1n y Torremolinos con un 5%.<\/p>\n\n\n\n<p>Todos los datos por municipios se pueden consultar en costadelsol.eco<\/p>\n\n\n\n<p><\/p>\n","protected":false},"excerpt":{"rendered":"<p>Marbella, 16 de octubre de 2025.\u2014 La Costa del Sol ha incrementado en el tercer trimestre del a\u00f1o la recogida de todas las fracciones de residuos, respecto al mismo periodo del a\u00f1o anterior. En julio, agosto y septiembre se han registrado subidas en la recepci\u00f3n de residuos s\u00f3lidos urbanos (RSU), envases y papel-cart\u00f3n, mientras que [&hellip;]<\/p>\n","protected":false},"author":102,"featured_media":4168,"comment_status":"closed","ping_status":"closed","sticky":false,"template":"","format":"standard","meta":{"_monsterinsights_skip_tracking":false,"_monsterinsights_sitenote_active":false,"_monsterinsights_sitenote_note":"","_monsterinsights_sitenote_category":0,"footnotes":""},"categories":[1],"tags":[],"class_list":["post-4167","post","type-post","status-publish","format-standard","has-post-thumbnail","hentry","category-noticias"],"yoast_head":"<!-- This site is optimized with the Yoast SEO plugin v26.6 - https:\/\/yoast.com\/wordpress\/plugins\/seo\/ -->\n<title>Siguen aumentando las cifras de reciclado en el \u00e1mbito de la Mancomunidad - Mancomunidad de Municipios<\/title>\n<meta name=\"robots\" content=\"index, follow, max-snippet:-1, max-image-preview:large, max-video-preview:-1\" \/>\n<link rel=\"canonical\" href=\"https:\/\/mancomunidad.org\/en\/siguen-aumentando-las-cifras-de-reciclado-en-el-ambito-de-la-mancomunidad\/\" \/>\n<meta property=\"og:locale\" content=\"en_US\" \/>\n<meta property=\"og:type\" content=\"article\" \/>\n<meta property=\"og:title\" content=\"Siguen aumentando las cifras de reciclado en el \u00e1mbito de la Mancomunidad - Mancomunidad de Municipios\" \/>\n<meta property=\"og:description\" content=\"Marbella, 16 de octubre de 2025.\u2014 La Costa del Sol ha incrementado en el tercer trimestre del a\u00f1o la recogida de todas las fracciones de residuos, respecto al mismo periodo del a\u00f1o anterior. En julio, agosto y septiembre se han registrado subidas en la recepci\u00f3n de residuos s\u00f3lidos urbanos (RSU), envases y papel-cart\u00f3n, mientras que [&hellip;]\" \/>\n<meta property=\"og:url\" content=\"https:\/\/mancomunidad.org\/en\/siguen-aumentando-las-cifras-de-reciclado-en-el-ambito-de-la-mancomunidad\/\" \/>\n<meta property=\"og:site_name\" content=\"Mancomunidad de Municipios\" \/>\n<meta property=\"article:publisher\" content=\"https:\/\/www.facebook.com\/mancomunidadcostasoloccidental\/\" \/>\n<meta property=\"article:published_time\" content=\"2025-10-16T14:12:00+00:00\" \/>\n<meta property=\"article:modified_time\" content=\"2025-12-15T15:16:46+00:00\" \/>\n<meta property=\"og:image\" content=\"https:\/\/mancomunidad.org\/wp-content\/uploads\/2025\/12\/nota-de-prensa-tercer-trimestre-scaled.jpg\" \/>\n\t<meta property=\"og:image:width\" content=\"2560\" \/>\n\t<meta property=\"og:image:height\" content=\"1702\" \/>\n\t<meta property=\"og:image:type\" content=\"image\/jpeg\" \/>\n<meta name=\"author\" content=\"Leonor Dialoga\" \/>\n<meta name=\"twitter:card\" content=\"summary_large_image\" \/>\n<meta name=\"twitter:creator\" content=\"@MancomunidadCSO\" \/>\n<meta name=\"twitter:site\" content=\"@MancomunidadCSO\" \/>\n<meta name=\"twitter:label1\" content=\"Written by\" \/>\n\t<meta name=\"twitter:data1\" content=\"Leonor Dialoga\" \/>\n\t<meta name=\"twitter:label2\" content=\"Est. reading time\" \/>\n\t<meta name=\"twitter:data2\" content=\"3 minutes\" \/>\n<script type=\"application\/ld+json\" class=\"yoast-schema-graph\">{\"@context\":\"https:\/\/schema.org\",\"@graph\":[{\"@type\":\"Article\",\"@id\":\"https:\/\/mancomunidad.org\/en\/siguen-aumentando-las-cifras-de-reciclado-en-el-ambito-de-la-mancomunidad\/#article\",\"isPartOf\":{\"@id\":\"https:\/\/mancomunidad.org\/en\/siguen-aumentando-las-cifras-de-reciclado-en-el-ambito-de-la-mancomunidad\/\"},\"author\":{\"name\":\"Leonor Dialoga\",\"@id\":\"https:\/\/mancomunidad.org\/en\/#\/schema\/person\/6e139d30f75d3716625e593cd4ec848b\"},\"headline\":\"Siguen aumentando las cifras de reciclado en el \u00e1mbito de la Mancomunidad\",\"datePublished\":\"2025-10-16T14:12:00+00:00\",\"dateModified\":\"2025-12-15T15:16:46+00:00\",\"mainEntityOfPage\":{\"@id\":\"https:\/\/mancomunidad.org\/en\/siguen-aumentando-las-cifras-de-reciclado-en-el-ambito-de-la-mancomunidad\/\"},\"wordCount\":531,\"publisher\":{\"@id\":\"https:\/\/mancomunidad.org\/en\/#organization\"},\"image\":{\"@id\":\"https:\/\/mancomunidad.org\/en\/siguen-aumentando-las-cifras-de-reciclado-en-el-ambito-de-la-mancomunidad\/#primaryimage\"},\"thumbnailUrl\":\"https:\/\/mancomunidad.org\/wp-content\/uploads\/2025\/12\/nota-de-prensa-tercer-trimestre-scaled.jpg\",\"articleSection\":[\"Noticias\"],\"inLanguage\":\"en-US\"},{\"@type\":\"WebPage\",\"@id\":\"https:\/\/mancomunidad.org\/en\/siguen-aumentando-las-cifras-de-reciclado-en-el-ambito-de-la-mancomunidad\/\",\"url\":\"https:\/\/mancomunidad.org\/en\/siguen-aumentando-las-cifras-de-reciclado-en-el-ambito-de-la-mancomunidad\/\",\"name\":\"Siguen aumentando las cifras de reciclado en el \u00e1mbito de la Mancomunidad - Mancomunidad de Municipios\",\"isPartOf\":{\"@id\":\"https:\/\/mancomunidad.org\/en\/#website\"},\"primaryImageOfPage\":{\"@id\":\"https:\/\/mancomunidad.org\/en\/siguen-aumentando-las-cifras-de-reciclado-en-el-ambito-de-la-mancomunidad\/#primaryimage\"},\"image\":{\"@id\":\"https:\/\/mancomunidad.org\/en\/siguen-aumentando-las-cifras-de-reciclado-en-el-ambito-de-la-mancomunidad\/#primaryimage\"},\"thumbnailUrl\":\"https:\/\/mancomunidad.org\/wp-content\/uploads\/2025\/12\/nota-de-prensa-tercer-trimestre-scaled.jpg\",\"datePublished\":\"2025-10-16T14:12:00+00:00\",\"dateModified\":\"2025-12-15T15:16:46+00:00\",\"breadcrumb\":{\"@id\":\"https:\/\/mancomunidad.org\/en\/siguen-aumentando-las-cifras-de-reciclado-en-el-ambito-de-la-mancomunidad\/#breadcrumb\"},\"inLanguage\":\"en-US\",\"potentialAction\":[{\"@type\":\"ReadAction\",\"target\":[\"https:\/\/mancomunidad.org\/en\/siguen-aumentando-las-cifras-de-reciclado-en-el-ambito-de-la-mancomunidad\/\"]}]},{\"@type\":\"ImageObject\",\"inLanguage\":\"en-US\",\"@id\":\"https:\/\/mancomunidad.org\/en\/siguen-aumentando-las-cifras-de-reciclado-en-el-ambito-de-la-mancomunidad\/#primaryimage\",\"url\":\"https:\/\/mancomunidad.org\/wp-content\/uploads\/2025\/12\/nota-de-prensa-tercer-trimestre-scaled.jpg\",\"contentUrl\":\"https:\/\/mancomunidad.org\/wp-content\/uploads\/2025\/12\/nota-de-prensa-tercer-trimestre-scaled.jpg\",\"width\":2560,\"height\":1702},{\"@type\":\"BreadcrumbList\",\"@id\":\"https:\/\/mancomunidad.org\/en\/siguen-aumentando-las-cifras-de-reciclado-en-el-ambito-de-la-mancomunidad\/#breadcrumb\",\"itemListElement\":[{\"@type\":\"ListItem\",\"position\":1,\"name\":\"Inicio\",\"item\":\"https:\/\/mancomunidad.org\/en\/\"},{\"@type\":\"ListItem\",\"position\":2,\"name\":\"Siguen aumentando las cifras de reciclado en el \u00e1mbito de la Mancomunidad\"}]},{\"@type\":\"WebSite\",\"@id\":\"https:\/\/mancomunidad.org\/en\/#website\",\"url\":\"https:\/\/mancomunidad.org\/en\/\",\"name\":\"Mancomunidad de Municipios\",\"description\":\"Costa del Sol Occidental\",\"publisher\":{\"@id\":\"https:\/\/mancomunidad.org\/en\/#organization\"},\"potentialAction\":[{\"@type\":\"SearchAction\",\"target\":{\"@type\":\"EntryPoint\",\"urlTemplate\":\"https:\/\/mancomunidad.org\/en\/?s={search_term_string}\"},\"query-input\":{\"@type\":\"PropertyValueSpecification\",\"valueRequired\":true,\"valueName\":\"search_term_string\"}}],\"inLanguage\":\"en-US\"},{\"@type\":\"Organization\",\"@id\":\"https:\/\/mancomunidad.org\/en\/#organization\",\"name\":\"Costa del Sol occidental\",\"url\":\"https:\/\/mancomunidad.org\/en\/\",\"logo\":{\"@type\":\"ImageObject\",\"inLanguage\":\"en-US\",\"@id\":\"https:\/\/mancomunidad.org\/en\/#\/schema\/logo\/image\/\",\"url\":\"https:\/\/mancomunidad.org\/wp-content\/uploads\/2024\/01\/logo_footer.png\",\"contentUrl\":\"https:\/\/mancomunidad.org\/wp-content\/uploads\/2024\/01\/logo_footer.png\",\"width\":201,\"height\":61,\"caption\":\"Costa del Sol occidental\"},\"image\":{\"@id\":\"https:\/\/mancomunidad.org\/en\/#\/schema\/logo\/image\/\"},\"sameAs\":[\"https:\/\/www.facebook.com\/mancomunidadcostasoloccidental\/\",\"https:\/\/x.com\/MancomunidadCSO\",\"https:\/\/www.instagram.com\/mancomunidadmunicipioscso\/\"]},{\"@type\":\"Person\",\"@id\":\"https:\/\/mancomunidad.org\/en\/#\/schema\/person\/6e139d30f75d3716625e593cd4ec848b\",\"name\":\"Leonor Dialoga\"}]}<\/script>\n<!-- \/ Yoast SEO plugin. -->","yoast_head_json":{"title":"Siguen aumentando las cifras de reciclado en el \u00e1mbito de la Mancomunidad - Mancomunidad de Municipios","robots":{"index":"index","follow":"follow","max-snippet":"max-snippet:-1","max-image-preview":"max-image-preview:large","max-video-preview":"max-video-preview:-1"},"canonical":"https:\/\/mancomunidad.org\/en\/siguen-aumentando-las-cifras-de-reciclado-en-el-ambito-de-la-mancomunidad\/","og_locale":"en_US","og_type":"article","og_title":"Siguen aumentando las cifras de reciclado en el \u00e1mbito de la Mancomunidad - Mancomunidad de Municipios","og_description":"Marbella, 16 de octubre de 2025.\u2014 La Costa del Sol ha incrementado en el tercer trimestre del a\u00f1o la recogida de todas las fracciones de residuos, respecto al mismo periodo del a\u00f1o anterior. En julio, agosto y septiembre se han registrado subidas en la recepci\u00f3n de residuos s\u00f3lidos urbanos (RSU), envases y papel-cart\u00f3n, mientras que [&hellip;]","og_url":"https:\/\/mancomunidad.org\/en\/siguen-aumentando-las-cifras-de-reciclado-en-el-ambito-de-la-mancomunidad\/","og_site_name":"Mancomunidad de Municipios","article_publisher":"https:\/\/www.facebook.com\/mancomunidadcostasoloccidental\/","article_published_time":"2025-10-16T14:12:00+00:00","article_modified_time":"2025-12-15T15:16:46+00:00","og_image":[{"width":2560,"height":1702,"url":"https:\/\/mancomunidad.org\/wp-content\/uploads\/2025\/12\/nota-de-prensa-tercer-trimestre-scaled.jpg","type":"image\/jpeg"}],"author":"Leonor Dialoga","twitter_card":"summary_large_image","twitter_creator":"@MancomunidadCSO","twitter_site":"@MancomunidadCSO","twitter_misc":{"Written by":"Leonor Dialoga","Est. reading time":"3 minutes"},"schema":{"@context":"https:\/\/schema.org","@graph":[{"@type":"Article","@id":"https:\/\/mancomunidad.org\/en\/siguen-aumentando-las-cifras-de-reciclado-en-el-ambito-de-la-mancomunidad\/#article","isPartOf":{"@id":"https:\/\/mancomunidad.org\/en\/siguen-aumentando-las-cifras-de-reciclado-en-el-ambito-de-la-mancomunidad\/"},"author":{"name":"Leonor Dialoga","@id":"https:\/\/mancomunidad.org\/en\/#\/schema\/person\/6e139d30f75d3716625e593cd4ec848b"},"headline":"Siguen aumentando las cifras de reciclado en el \u00e1mbito de la Mancomunidad","datePublished":"2025-10-16T14:12:00+00:00","dateModified":"2025-12-15T15:16:46+00:00","mainEntityOfPage":{"@id":"https:\/\/mancomunidad.org\/en\/siguen-aumentando-las-cifras-de-reciclado-en-el-ambito-de-la-mancomunidad\/"},"wordCount":531,"publisher":{"@id":"https:\/\/mancomunidad.org\/en\/#organization"},"image":{"@id":"https:\/\/mancomunidad.org\/en\/siguen-aumentando-las-cifras-de-reciclado-en-el-ambito-de-la-mancomunidad\/#primaryimage"},"thumbnailUrl":"https:\/\/mancomunidad.org\/wp-content\/uploads\/2025\/12\/nota-de-prensa-tercer-trimestre-scaled.jpg","articleSection":["Noticias"],"inLanguage":"en-US"},{"@type":"WebPage","@id":"https:\/\/mancomunidad.org\/en\/siguen-aumentando-las-cifras-de-reciclado-en-el-ambito-de-la-mancomunidad\/","url":"https:\/\/mancomunidad.org\/en\/siguen-aumentando-las-cifras-de-reciclado-en-el-ambito-de-la-mancomunidad\/","name":"Siguen aumentando las cifras de reciclado en el \u00e1mbito de la Mancomunidad - Mancomunidad de Municipios","isPartOf":{"@id":"https:\/\/mancomunidad.org\/en\/#website"},"primaryImageOfPage":{"@id":"https:\/\/mancomunidad.org\/en\/siguen-aumentando-las-cifras-de-reciclado-en-el-ambito-de-la-mancomunidad\/#primaryimage"},"image":{"@id":"https:\/\/mancomunidad.org\/en\/siguen-aumentando-las-cifras-de-reciclado-en-el-ambito-de-la-mancomunidad\/#primaryimage"},"thumbnailUrl":"https:\/\/mancomunidad.org\/wp-content\/uploads\/2025\/12\/nota-de-prensa-tercer-trimestre-scaled.jpg","datePublished":"2025-10-16T14:12:00+00:00","dateModified":"2025-12-15T15:16:46+00:00","breadcrumb":{"@id":"https:\/\/mancomunidad.org\/en\/siguen-aumentando-las-cifras-de-reciclado-en-el-ambito-de-la-mancomunidad\/#breadcrumb"},"inLanguage":"en-US","potentialAction":[{"@type":"ReadAction","target":["https:\/\/mancomunidad.org\/en\/siguen-aumentando-las-cifras-de-reciclado-en-el-ambito-de-la-mancomunidad\/"]}]},{"@type":"ImageObject","inLanguage":"en-US","@id":"https:\/\/mancomunidad.org\/en\/siguen-aumentando-las-cifras-de-reciclado-en-el-ambito-de-la-mancomunidad\/#primaryimage","url":"https:\/\/mancomunidad.org\/wp-content\/uploads\/2025\/12\/nota-de-prensa-tercer-trimestre-scaled.jpg","contentUrl":"https:\/\/mancomunidad.org\/wp-content\/uploads\/2025\/12\/nota-de-prensa-tercer-trimestre-scaled.jpg","width":2560,"height":1702},{"@type":"BreadcrumbList","@id":"https:\/\/mancomunidad.org\/en\/siguen-aumentando-las-cifras-de-reciclado-en-el-ambito-de-la-mancomunidad\/#breadcrumb","itemListElement":[{"@type":"ListItem","position":1,"name":"Inicio","item":"https:\/\/mancomunidad.org\/en\/"},{"@type":"ListItem","position":2,"name":"Siguen aumentando las cifras de reciclado en el \u00e1mbito de la Mancomunidad"}]},{"@type":"WebSite","@id":"https:\/\/mancomunidad.org\/en\/#website","url":"https:\/\/mancomunidad.org\/en\/","name":"Mancomunidad de Municipios","description":"Costa del Sol Occidental","publisher":{"@id":"https:\/\/mancomunidad.org\/en\/#organization"},"potentialAction":[{"@type":"SearchAction","target":{"@type":"EntryPoint","urlTemplate":"https:\/\/mancomunidad.org\/en\/?s={search_term_string}"},"query-input":{"@type":"PropertyValueSpecification","valueRequired":true,"valueName":"search_term_string"}}],"inLanguage":"en-US"},{"@type":"Organization","@id":"https:\/\/mancomunidad.org\/en\/#organization","name":"Costa del Sol occidental","url":"https:\/\/mancomunidad.org\/en\/","logo":{"@type":"ImageObject","inLanguage":"en-US","@id":"https:\/\/mancomunidad.org\/en\/#\/schema\/logo\/image\/","url":"https:\/\/mancomunidad.org\/wp-content\/uploads\/2024\/01\/logo_footer.png","contentUrl":"https:\/\/mancomunidad.org\/wp-content\/uploads\/2024\/01\/logo_footer.png","width":201,"height":61,"caption":"Costa del Sol occidental"},"image":{"@id":"https:\/\/mancomunidad.org\/en\/#\/schema\/logo\/image\/"},"sameAs":["https:\/\/www.facebook.com\/mancomunidadcostasoloccidental\/","https:\/\/x.com\/MancomunidadCSO","https:\/\/www.instagram.com\/mancomunidadmunicipioscso\/"]},{"@type":"Person","@id":"https:\/\/mancomunidad.org\/en\/#\/schema\/person\/6e139d30f75d3716625e593cd4ec848b","name":"Leonor Dialoga"}]}},"_links":{"self":[{"href":"https:\/\/mancomunidad.org\/en\/wp-json\/wp\/v2\/posts\/4167","targetHints":{"allow":["GET"]}}],"collection":[{"href":"https:\/\/mancomunidad.org\/en\/wp-json\/wp\/v2\/posts"}],"about":[{"href":"https:\/\/mancomunidad.org\/en\/wp-json\/wp\/v2\/types\/post"}],"author":[{"embeddable":true,"href":"https:\/\/mancomunidad.org\/en\/wp-json\/wp\/v2\/users\/102"}],"replies":[{"embeddable":true,"href":"https:\/\/mancomunidad.org\/en\/wp-json\/wp\/v2\/comments?post=4167"}],"version-history":[{"count":1,"href":"https:\/\/mancomunidad.org\/en\/wp-json\/wp\/v2\/posts\/4167\/revisions"}],"predecessor-version":[{"id":4170,"href":"https:\/\/mancomunidad.org\/en\/wp-json\/wp\/v2\/posts\/4167\/revisions\/4170"}],"wp:featuredmedia":[{"embeddable":true,"href":"https:\/\/mancomunidad.org\/en\/wp-json\/wp\/v2\/media\/4168"}],"wp:attachment":[{"href":"https:\/\/mancomunidad.org\/en\/wp-json\/wp\/v2\/media?parent=4167"}],"wp:term":[{"taxonomy":"category","embeddable":true,"href":"https:\/\/mancomunidad.org\/en\/wp-json\/wp\/v2\/categories?post=4167"},{"taxonomy":"post_tag","embeddable":true,"href":"https:\/\/mancomunidad.org\/en\/wp-json\/wp\/v2\/tags?post=4167"}],"curies":[{"name":"wp","href":"https:\/\/api.w.org\/{rel}","templated":true}]}}