{"id":3730,"date":"2025-04-07T11:32:37","date_gmt":"2025-04-07T09:32:37","guid":{"rendered":"https:\/\/mancomunidad.org\/?p=3730"},"modified":"2025-04-07T11:33:08","modified_gmt":"2025-04-07T09:33:08","slug":"la-mancomunidad-se-promocionara-como-un-destino-verde-y-sostenible","status":"publish","type":"post","link":"https:\/\/mancomunidad.org\/en\/la-mancomunidad-se-promocionara-como-un-destino-verde-y-sostenible\/","title":{"rendered":"La Mancomunidad se promocionar\u00e1 como \u201cun destino verde y sostenible\u201d"},"content":{"rendered":"\n<ul class=\"wp-block-list\">\n<li>La entidad acuerda con la Direcci\u00f3n General de Promoci\u00f3n y Fomento del Turismo poner en valor los altos \u00edndices de reciclaje de la comarca<\/li>\n<\/ul>\n\n\n\n<p><\/p>\n\n\n\n<p>Marbella, 7 de abril de 2025.\u2014 La Mancomunidad de Municipios de la Costa del Sol Occidental y la Direcci\u00f3n General de Promoci\u00f3n y Fomento del Turismo han alcanzado un acuerdo mediante el cual se va a fortalecer el concepto de destino sostenible de la Costa del Sol.<\/p>\n\n\n\n<p>A ese respecto, Manuel Carde\u00f1a, presidente de la Mancomunidad, ha se\u00f1alado que \u201cen una reuni\u00f3n con Gemma del Corral, directora general de Promoci\u00f3n y Fomento del Turismo, hemos acordado potenciar la marca verde de la Costa del sol como sustento al destino tur\u00edstico de la Costa Sol\u201d.<\/p>\n\n\n\n<p>Carde\u00f1a hizo referencia a los \u00faltimos datos sobre reciclaje \u201cque demuestran que los vecinos de la Costa del Sol reciclan m\u00e1s y mejor que el resto de andaluces y de espa\u00f1oles, seg\u00fan se desprende de las ratios de recogida selectiva. Es necesario resaltar que la Costa del Sol sigue a la cabeza en el reciclado de estos residuos, que volvemos a transformar en recursos para conseguir la mayor circularidad posible\u201d.<\/p>\n\n\n\n<p>Tambi\u00e9n se\u00f1al\u00f3 que es necesario hacer saber \u201cque somos una comarca mod\u00e9lica en lo que respecta a ratios de reciclaje y esto tiene sus beneficios directos en nuestro entorno y en nuestra econom\u00eda. La concienciaci\u00f3n de<br>nuestros vecinos y la \u00f3ptima gesti\u00f3n que se realiza desde la Mancomunidad son las claves de estos buenos resultados, que no obstante estamos empe\u00f1ados en seguir mejorando\u201d.<\/p>\n\n\n\n<p>El presidente de la Mancomunidad concluy\u00f3 afirmando que \u201cestos datos, que son inapelables, nos hacen un destino diferente, y los vamos a utilizar como un rasgo distintivo y determinante en la promoci\u00f3n del destino\u201d.<\/p>\n","protected":false},"excerpt":{"rendered":"<p>Marbella, 7 de abril de 2025.\u2014 La Mancomunidad de Municipios de la Costa del Sol Occidental y la Direcci\u00f3n General de Promoci\u00f3n y Fomento del Turismo han alcanzado un acuerdo mediante el cual se va a fortalecer el concepto de destino sostenible de la Costa del Sol. A ese respecto, Manuel Carde\u00f1a, presidente de la [&hellip;]<\/p>\n","protected":false},"author":102,"featured_media":3731,"comment_status":"open","ping_status":"open","sticky":false,"template":"","format":"standard","meta":{"_monsterinsights_skip_tracking":false,"_monsterinsights_sitenote_active":false,"_monsterinsights_sitenote_note":"","_monsterinsights_sitenote_category":0,"footnotes":""},"categories":[1,10],"tags":[],"class_list":["post-3730","post","type-post","status-publish","format-standard","has-post-thumbnail","hentry","category-noticias","category-sala-de-prensa"],"yoast_head":"<!-- This site is optimized with the Yoast SEO plugin v26.6 - https:\/\/yoast.com\/wordpress\/plugins\/seo\/ -->\n<title>La Mancomunidad se promocionar\u00e1 como \u201cun destino verde y sostenible\u201d - Mancomunidad de Municipios<\/title>\n<meta name=\"robots\" content=\"index, follow, max-snippet:-1, max-image-preview:large, max-video-preview:-1\" \/>\n<link rel=\"canonical\" href=\"https:\/\/mancomunidad.org\/en\/la-mancomunidad-se-promocionara-como-un-destino-verde-y-sostenible\/\" \/>\n<meta property=\"og:locale\" content=\"en_US\" \/>\n<meta property=\"og:type\" content=\"article\" \/>\n<meta property=\"og:title\" content=\"La Mancomunidad se promocionar\u00e1 como \u201cun destino verde y sostenible\u201d - Mancomunidad de Municipios\" \/>\n<meta property=\"og:description\" content=\"Marbella, 7 de abril de 2025.\u2014 La Mancomunidad de Municipios de la Costa del Sol Occidental y la Direcci\u00f3n General de Promoci\u00f3n y Fomento del Turismo han alcanzado un acuerdo mediante el cual se va a fortalecer el concepto de destino sostenible de la Costa del Sol. A ese respecto, Manuel Carde\u00f1a, presidente de la [&hellip;]\" \/>\n<meta property=\"og:url\" content=\"https:\/\/mancomunidad.org\/en\/la-mancomunidad-se-promocionara-como-un-destino-verde-y-sostenible\/\" \/>\n<meta property=\"og:site_name\" content=\"Mancomunidad de Municipios\" \/>\n<meta property=\"article:publisher\" content=\"https:\/\/www.facebook.com\/mancomunidadcostasoloccidental\/\" \/>\n<meta property=\"article:published_time\" content=\"2025-04-07T09:32:37+00:00\" \/>\n<meta property=\"article:modified_time\" content=\"2025-04-07T09:33:08+00:00\" \/>\n<meta property=\"og:image\" content=\"https:\/\/mancomunidad.org\/wp-content\/uploads\/2025\/04\/NP-destino-verde-scaled.jpeg\" \/>\n\t<meta property=\"og:image:width\" content=\"2560\" \/>\n\t<meta property=\"og:image:height\" content=\"1707\" \/>\n\t<meta property=\"og:image:type\" content=\"image\/jpeg\" \/>\n<meta name=\"author\" content=\"Leonor Dialoga\" \/>\n<meta name=\"twitter:card\" content=\"summary_large_image\" \/>\n<meta name=\"twitter:creator\" content=\"@MancomunidadCSO\" \/>\n<meta name=\"twitter:site\" content=\"@MancomunidadCSO\" \/>\n<meta name=\"twitter:label1\" content=\"Written by\" \/>\n\t<meta name=\"twitter:data1\" content=\"Leonor Dialoga\" \/>\n\t<meta name=\"twitter:label2\" content=\"Est. reading time\" \/>\n\t<meta name=\"twitter:data2\" content=\"2 minutes\" \/>\n<script type=\"application\/ld+json\" class=\"yoast-schema-graph\">{\"@context\":\"https:\/\/schema.org\",\"@graph\":[{\"@type\":\"Article\",\"@id\":\"https:\/\/mancomunidad.org\/en\/la-mancomunidad-se-promocionara-como-un-destino-verde-y-sostenible\/#article\",\"isPartOf\":{\"@id\":\"https:\/\/mancomunidad.org\/en\/la-mancomunidad-se-promocionara-como-un-destino-verde-y-sostenible\/\"},\"author\":{\"name\":\"Leonor Dialoga\",\"@id\":\"https:\/\/mancomunidad.org\/en\/#\/schema\/person\/6e139d30f75d3716625e593cd4ec848b\"},\"headline\":\"La Mancomunidad se promocionar\u00e1 como \u201cun destino verde y sostenible\u201d\",\"datePublished\":\"2025-04-07T09:32:37+00:00\",\"dateModified\":\"2025-04-07T09:33:08+00:00\",\"mainEntityOfPage\":{\"@id\":\"https:\/\/mancomunidad.org\/en\/la-mancomunidad-se-promocionara-como-un-destino-verde-y-sostenible\/\"},\"wordCount\":313,\"commentCount\":0,\"publisher\":{\"@id\":\"https:\/\/mancomunidad.org\/en\/#organization\"},\"image\":{\"@id\":\"https:\/\/mancomunidad.org\/en\/la-mancomunidad-se-promocionara-como-un-destino-verde-y-sostenible\/#primaryimage\"},\"thumbnailUrl\":\"https:\/\/mancomunidad.org\/wp-content\/uploads\/2025\/04\/NP-destino-verde-scaled.jpeg\",\"articleSection\":[\"Noticias\",\"Sala de prensa\"],\"inLanguage\":\"en-US\",\"potentialAction\":[{\"@type\":\"CommentAction\",\"name\":\"Comment\",\"target\":[\"https:\/\/mancomunidad.org\/en\/la-mancomunidad-se-promocionara-como-un-destino-verde-y-sostenible\/#respond\"]}]},{\"@type\":\"WebPage\",\"@id\":\"https:\/\/mancomunidad.org\/en\/la-mancomunidad-se-promocionara-como-un-destino-verde-y-sostenible\/\",\"url\":\"https:\/\/mancomunidad.org\/en\/la-mancomunidad-se-promocionara-como-un-destino-verde-y-sostenible\/\",\"name\":\"La Mancomunidad se promocionar\u00e1 como \u201cun destino verde y sostenible\u201d - Mancomunidad de Municipios\",\"isPartOf\":{\"@id\":\"https:\/\/mancomunidad.org\/en\/#website\"},\"primaryImageOfPage\":{\"@id\":\"https:\/\/mancomunidad.org\/en\/la-mancomunidad-se-promocionara-como-un-destino-verde-y-sostenible\/#primaryimage\"},\"image\":{\"@id\":\"https:\/\/mancomunidad.org\/en\/la-mancomunidad-se-promocionara-como-un-destino-verde-y-sostenible\/#primaryimage\"},\"thumbnailUrl\":\"https:\/\/mancomunidad.org\/wp-content\/uploads\/2025\/04\/NP-destino-verde-scaled.jpeg\",\"datePublished\":\"2025-04-07T09:32:37+00:00\",\"dateModified\":\"2025-04-07T09:33:08+00:00\",\"breadcrumb\":{\"@id\":\"https:\/\/mancomunidad.org\/en\/la-mancomunidad-se-promocionara-como-un-destino-verde-y-sostenible\/#breadcrumb\"},\"inLanguage\":\"en-US\",\"potentialAction\":[{\"@type\":\"ReadAction\",\"target\":[\"https:\/\/mancomunidad.org\/en\/la-mancomunidad-se-promocionara-como-un-destino-verde-y-sostenible\/\"]}]},{\"@type\":\"ImageObject\",\"inLanguage\":\"en-US\",\"@id\":\"https:\/\/mancomunidad.org\/en\/la-mancomunidad-se-promocionara-como-un-destino-verde-y-sostenible\/#primaryimage\",\"url\":\"https:\/\/mancomunidad.org\/wp-content\/uploads\/2025\/04\/NP-destino-verde-scaled.jpeg\",\"contentUrl\":\"https:\/\/mancomunidad.org\/wp-content\/uploads\/2025\/04\/NP-destino-verde-scaled.jpeg\",\"width\":2560,\"height\":1707},{\"@type\":\"BreadcrumbList\",\"@id\":\"https:\/\/mancomunidad.org\/en\/la-mancomunidad-se-promocionara-como-un-destino-verde-y-sostenible\/#breadcrumb\",\"itemListElement\":[{\"@type\":\"ListItem\",\"position\":1,\"name\":\"Inicio\",\"item\":\"https:\/\/mancomunidad.org\/en\/\"},{\"@type\":\"ListItem\",\"position\":2,\"name\":\"La Mancomunidad se promocionar\u00e1 como \u201cun destino verde y sostenible\u201d\"}]},{\"@type\":\"WebSite\",\"@id\":\"https:\/\/mancomunidad.org\/en\/#website\",\"url\":\"https:\/\/mancomunidad.org\/en\/\",\"name\":\"Mancomunidad de Municipios\",\"description\":\"Costa del Sol Occidental\",\"publisher\":{\"@id\":\"https:\/\/mancomunidad.org\/en\/#organization\"},\"potentialAction\":[{\"@type\":\"SearchAction\",\"target\":{\"@type\":\"EntryPoint\",\"urlTemplate\":\"https:\/\/mancomunidad.org\/en\/?s={search_term_string}\"},\"query-input\":{\"@type\":\"PropertyValueSpecification\",\"valueRequired\":true,\"valueName\":\"search_term_string\"}}],\"inLanguage\":\"en-US\"},{\"@type\":\"Organization\",\"@id\":\"https:\/\/mancomunidad.org\/en\/#organization\",\"name\":\"Costa del Sol occidental\",\"url\":\"https:\/\/mancomunidad.org\/en\/\",\"logo\":{\"@type\":\"ImageObject\",\"inLanguage\":\"en-US\",\"@id\":\"https:\/\/mancomunidad.org\/en\/#\/schema\/logo\/image\/\",\"url\":\"https:\/\/mancomunidad.org\/wp-content\/uploads\/2024\/01\/logo_footer.png\",\"contentUrl\":\"https:\/\/mancomunidad.org\/wp-content\/uploads\/2024\/01\/logo_footer.png\",\"width\":201,\"height\":61,\"caption\":\"Costa del Sol occidental\"},\"image\":{\"@id\":\"https:\/\/mancomunidad.org\/en\/#\/schema\/logo\/image\/\"},\"sameAs\":[\"https:\/\/www.facebook.com\/mancomunidadcostasoloccidental\/\",\"https:\/\/x.com\/MancomunidadCSO\",\"https:\/\/www.instagram.com\/mancomunidadmunicipioscso\/\"]},{\"@type\":\"Person\",\"@id\":\"https:\/\/mancomunidad.org\/en\/#\/schema\/person\/6e139d30f75d3716625e593cd4ec848b\",\"name\":\"Leonor Dialoga\"}]}<\/script>\n<!-- \/ Yoast SEO plugin. -->","yoast_head_json":{"title":"La Mancomunidad se promocionar\u00e1 como \u201cun destino verde y sostenible\u201d - Mancomunidad de Municipios","robots":{"index":"index","follow":"follow","max-snippet":"max-snippet:-1","max-image-preview":"max-image-preview:large","max-video-preview":"max-video-preview:-1"},"canonical":"https:\/\/mancomunidad.org\/en\/la-mancomunidad-se-promocionara-como-un-destino-verde-y-sostenible\/","og_locale":"en_US","og_type":"article","og_title":"La Mancomunidad se promocionar\u00e1 como \u201cun destino verde y sostenible\u201d - Mancomunidad de Municipios","og_description":"Marbella, 7 de abril de 2025.\u2014 La Mancomunidad de Municipios de la Costa del Sol Occidental y la Direcci\u00f3n General de Promoci\u00f3n y Fomento del Turismo han alcanzado un acuerdo mediante el cual se va a fortalecer el concepto de destino sostenible de la Costa del Sol. A ese respecto, Manuel Carde\u00f1a, presidente de la [&hellip;]","og_url":"https:\/\/mancomunidad.org\/en\/la-mancomunidad-se-promocionara-como-un-destino-verde-y-sostenible\/","og_site_name":"Mancomunidad de Municipios","article_publisher":"https:\/\/www.facebook.com\/mancomunidadcostasoloccidental\/","article_published_time":"2025-04-07T09:32:37+00:00","article_modified_time":"2025-04-07T09:33:08+00:00","og_image":[{"width":2560,"height":1707,"url":"https:\/\/mancomunidad.org\/wp-content\/uploads\/2025\/04\/NP-destino-verde-scaled.jpeg","type":"image\/jpeg"}],"author":"Leonor Dialoga","twitter_card":"summary_large_image","twitter_creator":"@MancomunidadCSO","twitter_site":"@MancomunidadCSO","twitter_misc":{"Written by":"Leonor Dialoga","Est. reading time":"2 minutes"},"schema":{"@context":"https:\/\/schema.org","@graph":[{"@type":"Article","@id":"https:\/\/mancomunidad.org\/en\/la-mancomunidad-se-promocionara-como-un-destino-verde-y-sostenible\/#article","isPartOf":{"@id":"https:\/\/mancomunidad.org\/en\/la-mancomunidad-se-promocionara-como-un-destino-verde-y-sostenible\/"},"author":{"name":"Leonor Dialoga","@id":"https:\/\/mancomunidad.org\/en\/#\/schema\/person\/6e139d30f75d3716625e593cd4ec848b"},"headline":"La Mancomunidad se promocionar\u00e1 como \u201cun destino verde y sostenible\u201d","datePublished":"2025-04-07T09:32:37+00:00","dateModified":"2025-04-07T09:33:08+00:00","mainEntityOfPage":{"@id":"https:\/\/mancomunidad.org\/en\/la-mancomunidad-se-promocionara-como-un-destino-verde-y-sostenible\/"},"wordCount":313,"commentCount":0,"publisher":{"@id":"https:\/\/mancomunidad.org\/en\/#organization"},"image":{"@id":"https:\/\/mancomunidad.org\/en\/la-mancomunidad-se-promocionara-como-un-destino-verde-y-sostenible\/#primaryimage"},"thumbnailUrl":"https:\/\/mancomunidad.org\/wp-content\/uploads\/2025\/04\/NP-destino-verde-scaled.jpeg","articleSection":["Noticias","Sala de prensa"],"inLanguage":"en-US","potentialAction":[{"@type":"CommentAction","name":"Comment","target":["https:\/\/mancomunidad.org\/en\/la-mancomunidad-se-promocionara-como-un-destino-verde-y-sostenible\/#respond"]}]},{"@type":"WebPage","@id":"https:\/\/mancomunidad.org\/en\/la-mancomunidad-se-promocionara-como-un-destino-verde-y-sostenible\/","url":"https:\/\/mancomunidad.org\/en\/la-mancomunidad-se-promocionara-como-un-destino-verde-y-sostenible\/","name":"La Mancomunidad se promocionar\u00e1 como \u201cun destino verde y sostenible\u201d - Mancomunidad de Municipios","isPartOf":{"@id":"https:\/\/mancomunidad.org\/en\/#website"},"primaryImageOfPage":{"@id":"https:\/\/mancomunidad.org\/en\/la-mancomunidad-se-promocionara-como-un-destino-verde-y-sostenible\/#primaryimage"},"image":{"@id":"https:\/\/mancomunidad.org\/en\/la-mancomunidad-se-promocionara-como-un-destino-verde-y-sostenible\/#primaryimage"},"thumbnailUrl":"https:\/\/mancomunidad.org\/wp-content\/uploads\/2025\/04\/NP-destino-verde-scaled.jpeg","datePublished":"2025-04-07T09:32:37+00:00","dateModified":"2025-04-07T09:33:08+00:00","breadcrumb":{"@id":"https:\/\/mancomunidad.org\/en\/la-mancomunidad-se-promocionara-como-un-destino-verde-y-sostenible\/#breadcrumb"},"inLanguage":"en-US","potentialAction":[{"@type":"ReadAction","target":["https:\/\/mancomunidad.org\/en\/la-mancomunidad-se-promocionara-como-un-destino-verde-y-sostenible\/"]}]},{"@type":"ImageObject","inLanguage":"en-US","@id":"https:\/\/mancomunidad.org\/en\/la-mancomunidad-se-promocionara-como-un-destino-verde-y-sostenible\/#primaryimage","url":"https:\/\/mancomunidad.org\/wp-content\/uploads\/2025\/04\/NP-destino-verde-scaled.jpeg","contentUrl":"https:\/\/mancomunidad.org\/wp-content\/uploads\/2025\/04\/NP-destino-verde-scaled.jpeg","width":2560,"height":1707},{"@type":"BreadcrumbList","@id":"https:\/\/mancomunidad.org\/en\/la-mancomunidad-se-promocionara-como-un-destino-verde-y-sostenible\/#breadcrumb","itemListElement":[{"@type":"ListItem","position":1,"name":"Inicio","item":"https:\/\/mancomunidad.org\/en\/"},{"@type":"ListItem","position":2,"name":"La Mancomunidad se promocionar\u00e1 como \u201cun destino verde y sostenible\u201d"}]},{"@type":"WebSite","@id":"https:\/\/mancomunidad.org\/en\/#website","url":"https:\/\/mancomunidad.org\/en\/","name":"Mancomunidad de Municipios","description":"Costa del Sol Occidental","publisher":{"@id":"https:\/\/mancomunidad.org\/en\/#organization"},"potentialAction":[{"@type":"SearchAction","target":{"@type":"EntryPoint","urlTemplate":"https:\/\/mancomunidad.org\/en\/?s={search_term_string}"},"query-input":{"@type":"PropertyValueSpecification","valueRequired":true,"valueName":"search_term_string"}}],"inLanguage":"en-US"},{"@type":"Organization","@id":"https:\/\/mancomunidad.org\/en\/#organization","name":"Costa del Sol occidental","url":"https:\/\/mancomunidad.org\/en\/","logo":{"@type":"ImageObject","inLanguage":"en-US","@id":"https:\/\/mancomunidad.org\/en\/#\/schema\/logo\/image\/","url":"https:\/\/mancomunidad.org\/wp-content\/uploads\/2024\/01\/logo_footer.png","contentUrl":"https:\/\/mancomunidad.org\/wp-content\/uploads\/2024\/01\/logo_footer.png","width":201,"height":61,"caption":"Costa del Sol occidental"},"image":{"@id":"https:\/\/mancomunidad.org\/en\/#\/schema\/logo\/image\/"},"sameAs":["https:\/\/www.facebook.com\/mancomunidadcostasoloccidental\/","https:\/\/x.com\/MancomunidadCSO","https:\/\/www.instagram.com\/mancomunidadmunicipioscso\/"]},{"@type":"Person","@id":"https:\/\/mancomunidad.org\/en\/#\/schema\/person\/6e139d30f75d3716625e593cd4ec848b","name":"Leonor Dialoga"}]}},"_links":{"self":[{"href":"https:\/\/mancomunidad.org\/en\/wp-json\/wp\/v2\/posts\/3730","targetHints":{"allow":["GET"]}}],"collection":[{"href":"https:\/\/mancomunidad.org\/en\/wp-json\/wp\/v2\/posts"}],"about":[{"href":"https:\/\/mancomunidad.org\/en\/wp-json\/wp\/v2\/types\/post"}],"author":[{"embeddable":true,"href":"https:\/\/mancomunidad.org\/en\/wp-json\/wp\/v2\/users\/102"}],"replies":[{"embeddable":true,"href":"https:\/\/mancomunidad.org\/en\/wp-json\/wp\/v2\/comments?post=3730"}],"version-history":[{"count":2,"href":"https:\/\/mancomunidad.org\/en\/wp-json\/wp\/v2\/posts\/3730\/revisions"}],"predecessor-version":[{"id":3734,"href":"https:\/\/mancomunidad.org\/en\/wp-json\/wp\/v2\/posts\/3730\/revisions\/3734"}],"wp:featuredmedia":[{"embeddable":true,"href":"https:\/\/mancomunidad.org\/en\/wp-json\/wp\/v2\/media\/3731"}],"wp:attachment":[{"href":"https:\/\/mancomunidad.org\/en\/wp-json\/wp\/v2\/media?parent=3730"}],"wp:term":[{"taxonomy":"category","embeddable":true,"href":"https:\/\/mancomunidad.org\/en\/wp-json\/wp\/v2\/categories?post=3730"},{"taxonomy":"post_tag","embeddable":true,"href":"https:\/\/mancomunidad.org\/en\/wp-json\/wp\/v2\/tags?post=3730"}],"curies":[{"name":"wp","href":"https:\/\/api.w.org\/{rel}","templated":true}]}}