{"id":3617,"date":"2024-10-22T18:11:01","date_gmt":"2024-10-22T16:11:01","guid":{"rendered":"https:\/\/mancomunidad.org\/?p=3617"},"modified":"2024-10-22T18:11:03","modified_gmt":"2024-10-22T16:11:03","slug":"las-mancomunidades-de-la-costa-del-sol-aunan-esfuerzos","status":"publish","type":"post","link":"https:\/\/mancomunidad.org\/en\/las-mancomunidades-de-la-costa-del-sol-aunan-esfuerzos\/","title":{"rendered":"Las mancomunidades de la Costa del Sol a\u00fanan esfuerzos"},"content":{"rendered":"\n<ul class=\"wp-block-list\">\n<li><strong>Manuel Carde\u00f1a, presidente de la Mancomunidad, se re\u00fane con su hom\u00f3logo de la Axarqu\u00eda, Jorge Mart\u00edn para coordinar l\u00edneas de actuaci\u00f3n<\/strong><\/li>\n<\/ul>\n\n\n\n<p><strong>Marbella, 21 de octubre de 2024.\u2014 <\/strong>Manuel Carde\u00f1a, presidente de la Mancomunidad de Municipios de la Costa del Sol Occidental, ha mantenido esta ma\u00f1ana una reuni\u00f3n con su hom\u00f3logo de la Mancomunidad de la Costa del Sol Axarqu\u00eda, Jorge Mart\u00edn, a la que se han sumado alcaldes de la comarca de la Costa Occidental, como Jos\u00e9 Manuel Fern\u00e1ndez, alcalde de Manilva y Jos\u00e9 Antonio Mena, alcalde de Benahav\u00eds; delegados de la Mancomunidad, como Francisco Cerd\u00e1n y Mar\u00eda Heredia, y la consejera delegada de Acosol, Matilde Mancha, as\u00ed como el gerente de Axaragua, Francisco Moreno.<\/p>\n\n\n\n<p>Durante la reuni\u00f3n se han puesto de manifiesto algunas de las l\u00edneas de trabajo convergentes entre ambas administraciones, fundamentalmente las relativas a la gesti\u00f3n y gobernanza de los residuos h\u00eddricos, dada la situaci\u00f3n grave de sequ\u00eda que atraviesan ambas comarcas. La coincidencia en los argumentos y las necesidades propician que ambas instituciones pongan en com\u00fan acciones para acelerar en la medida de sus posibilidades las medidas de infraestructura que est\u00e1 llevando a cabo la Junta de Andaluc\u00eda para paliar los efectos de la carencia de lluvias.<\/p>\n\n\n\n<p>Por otro lado, Manuel Carde\u00f1a ha se\u00f1alado que \u201chemos estado de acuerdo en la necesidad de que las mancomunidades avancemos en el camino de la modernizaci\u00f3n, en convertirnos cada vez m\u00e1s en esas administraciones que, por proximidad, pero tambi\u00e9n por vocaci\u00f3n y por eficacia, seamos capaces de dar respuesta a las necesidades que tanto los ayuntamientos como los ciudadanos est\u00e1n reclamando\u201d.<\/p>\n","protected":false},"excerpt":{"rendered":"<p>Marbella, 21 de octubre de 2024.\u2014 Manuel Carde\u00f1a, presidente de la Mancomunidad de Municipios de la Costa del Sol Occidental, ha mantenido esta ma\u00f1ana una reuni\u00f3n con su hom\u00f3logo de la Mancomunidad de la Costa del Sol Axarqu\u00eda, Jorge Mart\u00edn, a la que se han sumado alcaldes de la comarca de la Costa Occidental, como [&hellip;]<\/p>\n","protected":false},"author":3,"featured_media":3620,"comment_status":"open","ping_status":"open","sticky":false,"template":"","format":"standard","meta":{"_monsterinsights_skip_tracking":false,"_monsterinsights_sitenote_active":false,"_monsterinsights_sitenote_note":"","_monsterinsights_sitenote_category":0,"footnotes":""},"categories":[1],"tags":[],"class_list":["post-3617","post","type-post","status-publish","format-standard","has-post-thumbnail","hentry","category-noticias"],"yoast_head":"<!-- This site is optimized with the Yoast SEO plugin v26.6 - https:\/\/yoast.com\/wordpress\/plugins\/seo\/ -->\n<title>Las mancomunidades de la Costa del Sol a\u00fanan esfuerzos - Mancomunidad de Municipios<\/title>\n<meta name=\"robots\" content=\"index, follow, max-snippet:-1, max-image-preview:large, max-video-preview:-1\" \/>\n<link rel=\"canonical\" href=\"https:\/\/mancomunidad.org\/en\/las-mancomunidades-de-la-costa-del-sol-aunan-esfuerzos\/\" \/>\n<meta property=\"og:locale\" content=\"en_US\" \/>\n<meta property=\"og:type\" content=\"article\" \/>\n<meta property=\"og:title\" content=\"Las mancomunidades de la Costa del Sol a\u00fanan esfuerzos - Mancomunidad de Municipios\" \/>\n<meta property=\"og:description\" content=\"Marbella, 21 de octubre de 2024.\u2014 Manuel Carde\u00f1a, presidente de la Mancomunidad de Municipios de la Costa del Sol Occidental, ha mantenido esta ma\u00f1ana una reuni\u00f3n con su hom\u00f3logo de la Mancomunidad de la Costa del Sol Axarqu\u00eda, Jorge Mart\u00edn, a la que se han sumado alcaldes de la comarca de la Costa Occidental, como [&hellip;]\" \/>\n<meta property=\"og:url\" content=\"https:\/\/mancomunidad.org\/en\/las-mancomunidades-de-la-costa-del-sol-aunan-esfuerzos\/\" \/>\n<meta property=\"og:site_name\" content=\"Mancomunidad de Municipios\" \/>\n<meta property=\"article:publisher\" content=\"https:\/\/www.facebook.com\/mancomunidadcostasoloccidental\/\" \/>\n<meta property=\"article:published_time\" content=\"2024-10-22T16:11:01+00:00\" \/>\n<meta property=\"article:modified_time\" content=\"2024-10-22T16:11:03+00:00\" \/>\n<meta property=\"og:image\" content=\"https:\/\/mancomunidad.org\/wp-content\/uploads\/2024\/10\/NP-visita-Mancomunidad-Axarquia.jpg\" \/>\n\t<meta property=\"og:image:width\" content=\"1920\" \/>\n\t<meta property=\"og:image:height\" content=\"1280\" \/>\n\t<meta property=\"og:image:type\" content=\"image\/jpeg\" \/>\n<meta name=\"author\" content=\"Estefan\u00eda Torres S\u00e1nchez\" \/>\n<meta name=\"twitter:card\" content=\"summary_large_image\" \/>\n<meta name=\"twitter:creator\" content=\"@MancomunidadCSO\" \/>\n<meta name=\"twitter:site\" content=\"@MancomunidadCSO\" \/>\n<meta name=\"twitter:label1\" content=\"Written by\" \/>\n\t<meta name=\"twitter:data1\" content=\"Estefan\u00eda Torres S\u00e1nchez\" \/>\n\t<meta name=\"twitter:label2\" content=\"Est. reading time\" \/>\n\t<meta name=\"twitter:data2\" content=\"2 minutes\" \/>\n<script type=\"application\/ld+json\" class=\"yoast-schema-graph\">{\"@context\":\"https:\/\/schema.org\",\"@graph\":[{\"@type\":\"Article\",\"@id\":\"https:\/\/mancomunidad.org\/en\/las-mancomunidades-de-la-costa-del-sol-aunan-esfuerzos\/#article\",\"isPartOf\":{\"@id\":\"https:\/\/mancomunidad.org\/en\/las-mancomunidades-de-la-costa-del-sol-aunan-esfuerzos\/\"},\"author\":{\"name\":\"Estefan\u00eda Torres S\u00e1nchez\",\"@id\":\"https:\/\/mancomunidad.org\/en\/#\/schema\/person\/a4db75a4b8ff63c82a7f736c72968aa4\"},\"headline\":\"Las mancomunidades de la Costa del Sol a\u00fanan esfuerzos\",\"datePublished\":\"2024-10-22T16:11:01+00:00\",\"dateModified\":\"2024-10-22T16:11:03+00:00\",\"mainEntityOfPage\":{\"@id\":\"https:\/\/mancomunidad.org\/en\/las-mancomunidades-de-la-costa-del-sol-aunan-esfuerzos\/\"},\"wordCount\":302,\"commentCount\":0,\"publisher\":{\"@id\":\"https:\/\/mancomunidad.org\/en\/#organization\"},\"image\":{\"@id\":\"https:\/\/mancomunidad.org\/en\/las-mancomunidades-de-la-costa-del-sol-aunan-esfuerzos\/#primaryimage\"},\"thumbnailUrl\":\"https:\/\/mancomunidad.org\/wp-content\/uploads\/2024\/10\/NP-visita-Mancomunidad-Axarquia.jpg\",\"articleSection\":[\"Noticias\"],\"inLanguage\":\"en-US\",\"potentialAction\":[{\"@type\":\"CommentAction\",\"name\":\"Comment\",\"target\":[\"https:\/\/mancomunidad.org\/en\/las-mancomunidades-de-la-costa-del-sol-aunan-esfuerzos\/#respond\"]}]},{\"@type\":\"WebPage\",\"@id\":\"https:\/\/mancomunidad.org\/en\/las-mancomunidades-de-la-costa-del-sol-aunan-esfuerzos\/\",\"url\":\"https:\/\/mancomunidad.org\/en\/las-mancomunidades-de-la-costa-del-sol-aunan-esfuerzos\/\",\"name\":\"Las mancomunidades de la Costa del Sol a\u00fanan esfuerzos - Mancomunidad de Municipios\",\"isPartOf\":{\"@id\":\"https:\/\/mancomunidad.org\/en\/#website\"},\"primaryImageOfPage\":{\"@id\":\"https:\/\/mancomunidad.org\/en\/las-mancomunidades-de-la-costa-del-sol-aunan-esfuerzos\/#primaryimage\"},\"image\":{\"@id\":\"https:\/\/mancomunidad.org\/en\/las-mancomunidades-de-la-costa-del-sol-aunan-esfuerzos\/#primaryimage\"},\"thumbnailUrl\":\"https:\/\/mancomunidad.org\/wp-content\/uploads\/2024\/10\/NP-visita-Mancomunidad-Axarquia.jpg\",\"datePublished\":\"2024-10-22T16:11:01+00:00\",\"dateModified\":\"2024-10-22T16:11:03+00:00\",\"breadcrumb\":{\"@id\":\"https:\/\/mancomunidad.org\/en\/las-mancomunidades-de-la-costa-del-sol-aunan-esfuerzos\/#breadcrumb\"},\"inLanguage\":\"en-US\",\"potentialAction\":[{\"@type\":\"ReadAction\",\"target\":[\"https:\/\/mancomunidad.org\/en\/las-mancomunidades-de-la-costa-del-sol-aunan-esfuerzos\/\"]}]},{\"@type\":\"ImageObject\",\"inLanguage\":\"en-US\",\"@id\":\"https:\/\/mancomunidad.org\/en\/las-mancomunidades-de-la-costa-del-sol-aunan-esfuerzos\/#primaryimage\",\"url\":\"https:\/\/mancomunidad.org\/wp-content\/uploads\/2024\/10\/NP-visita-Mancomunidad-Axarquia.jpg\",\"contentUrl\":\"https:\/\/mancomunidad.org\/wp-content\/uploads\/2024\/10\/NP-visita-Mancomunidad-Axarquia.jpg\",\"width\":1920,\"height\":1280},{\"@type\":\"BreadcrumbList\",\"@id\":\"https:\/\/mancomunidad.org\/en\/las-mancomunidades-de-la-costa-del-sol-aunan-esfuerzos\/#breadcrumb\",\"itemListElement\":[{\"@type\":\"ListItem\",\"position\":1,\"name\":\"Inicio\",\"item\":\"https:\/\/mancomunidad.org\/en\/\"},{\"@type\":\"ListItem\",\"position\":2,\"name\":\"Las mancomunidades de la Costa del Sol a\u00fanan esfuerzos\"}]},{\"@type\":\"WebSite\",\"@id\":\"https:\/\/mancomunidad.org\/en\/#website\",\"url\":\"https:\/\/mancomunidad.org\/en\/\",\"name\":\"Mancomunidad de Municipios\",\"description\":\"Costa del Sol Occidental\",\"publisher\":{\"@id\":\"https:\/\/mancomunidad.org\/en\/#organization\"},\"potentialAction\":[{\"@type\":\"SearchAction\",\"target\":{\"@type\":\"EntryPoint\",\"urlTemplate\":\"https:\/\/mancomunidad.org\/en\/?s={search_term_string}\"},\"query-input\":{\"@type\":\"PropertyValueSpecification\",\"valueRequired\":true,\"valueName\":\"search_term_string\"}}],\"inLanguage\":\"en-US\"},{\"@type\":\"Organization\",\"@id\":\"https:\/\/mancomunidad.org\/en\/#organization\",\"name\":\"Costa del Sol occidental\",\"url\":\"https:\/\/mancomunidad.org\/en\/\",\"logo\":{\"@type\":\"ImageObject\",\"inLanguage\":\"en-US\",\"@id\":\"https:\/\/mancomunidad.org\/en\/#\/schema\/logo\/image\/\",\"url\":\"https:\/\/mancomunidad.org\/wp-content\/uploads\/2024\/01\/logo_footer.png\",\"contentUrl\":\"https:\/\/mancomunidad.org\/wp-content\/uploads\/2024\/01\/logo_footer.png\",\"width\":201,\"height\":61,\"caption\":\"Costa del Sol occidental\"},\"image\":{\"@id\":\"https:\/\/mancomunidad.org\/en\/#\/schema\/logo\/image\/\"},\"sameAs\":[\"https:\/\/www.facebook.com\/mancomunidadcostasoloccidental\/\",\"https:\/\/x.com\/MancomunidadCSO\",\"https:\/\/www.instagram.com\/mancomunidadmunicipioscso\/\"]},{\"@type\":\"Person\",\"@id\":\"https:\/\/mancomunidad.org\/en\/#\/schema\/person\/a4db75a4b8ff63c82a7f736c72968aa4\",\"name\":\"Estefan\u00eda Torres S\u00e1nchez\"}]}<\/script>\n<!-- \/ Yoast SEO plugin. -->","yoast_head_json":{"title":"Las mancomunidades de la Costa del Sol a\u00fanan esfuerzos - Mancomunidad de Municipios","robots":{"index":"index","follow":"follow","max-snippet":"max-snippet:-1","max-image-preview":"max-image-preview:large","max-video-preview":"max-video-preview:-1"},"canonical":"https:\/\/mancomunidad.org\/en\/las-mancomunidades-de-la-costa-del-sol-aunan-esfuerzos\/","og_locale":"en_US","og_type":"article","og_title":"Las mancomunidades de la Costa del Sol a\u00fanan esfuerzos - Mancomunidad de Municipios","og_description":"Marbella, 21 de octubre de 2024.\u2014 Manuel Carde\u00f1a, presidente de la Mancomunidad de Municipios de la Costa del Sol Occidental, ha mantenido esta ma\u00f1ana una reuni\u00f3n con su hom\u00f3logo de la Mancomunidad de la Costa del Sol Axarqu\u00eda, Jorge Mart\u00edn, a la que se han sumado alcaldes de la comarca de la Costa Occidental, como [&hellip;]","og_url":"https:\/\/mancomunidad.org\/en\/las-mancomunidades-de-la-costa-del-sol-aunan-esfuerzos\/","og_site_name":"Mancomunidad de Municipios","article_publisher":"https:\/\/www.facebook.com\/mancomunidadcostasoloccidental\/","article_published_time":"2024-10-22T16:11:01+00:00","article_modified_time":"2024-10-22T16:11:03+00:00","og_image":[{"width":1920,"height":1280,"url":"https:\/\/mancomunidad.org\/wp-content\/uploads\/2024\/10\/NP-visita-Mancomunidad-Axarquia.jpg","type":"image\/jpeg"}],"author":"Estefan\u00eda Torres S\u00e1nchez","twitter_card":"summary_large_image","twitter_creator":"@MancomunidadCSO","twitter_site":"@MancomunidadCSO","twitter_misc":{"Written by":"Estefan\u00eda Torres S\u00e1nchez","Est. reading time":"2 minutes"},"schema":{"@context":"https:\/\/schema.org","@graph":[{"@type":"Article","@id":"https:\/\/mancomunidad.org\/en\/las-mancomunidades-de-la-costa-del-sol-aunan-esfuerzos\/#article","isPartOf":{"@id":"https:\/\/mancomunidad.org\/en\/las-mancomunidades-de-la-costa-del-sol-aunan-esfuerzos\/"},"author":{"name":"Estefan\u00eda Torres S\u00e1nchez","@id":"https:\/\/mancomunidad.org\/en\/#\/schema\/person\/a4db75a4b8ff63c82a7f736c72968aa4"},"headline":"Las mancomunidades de la Costa del Sol a\u00fanan esfuerzos","datePublished":"2024-10-22T16:11:01+00:00","dateModified":"2024-10-22T16:11:03+00:00","mainEntityOfPage":{"@id":"https:\/\/mancomunidad.org\/en\/las-mancomunidades-de-la-costa-del-sol-aunan-esfuerzos\/"},"wordCount":302,"commentCount":0,"publisher":{"@id":"https:\/\/mancomunidad.org\/en\/#organization"},"image":{"@id":"https:\/\/mancomunidad.org\/en\/las-mancomunidades-de-la-costa-del-sol-aunan-esfuerzos\/#primaryimage"},"thumbnailUrl":"https:\/\/mancomunidad.org\/wp-content\/uploads\/2024\/10\/NP-visita-Mancomunidad-Axarquia.jpg","articleSection":["Noticias"],"inLanguage":"en-US","potentialAction":[{"@type":"CommentAction","name":"Comment","target":["https:\/\/mancomunidad.org\/en\/las-mancomunidades-de-la-costa-del-sol-aunan-esfuerzos\/#respond"]}]},{"@type":"WebPage","@id":"https:\/\/mancomunidad.org\/en\/las-mancomunidades-de-la-costa-del-sol-aunan-esfuerzos\/","url":"https:\/\/mancomunidad.org\/en\/las-mancomunidades-de-la-costa-del-sol-aunan-esfuerzos\/","name":"Las mancomunidades de la Costa del Sol a\u00fanan esfuerzos - Mancomunidad de Municipios","isPartOf":{"@id":"https:\/\/mancomunidad.org\/en\/#website"},"primaryImageOfPage":{"@id":"https:\/\/mancomunidad.org\/en\/las-mancomunidades-de-la-costa-del-sol-aunan-esfuerzos\/#primaryimage"},"image":{"@id":"https:\/\/mancomunidad.org\/en\/las-mancomunidades-de-la-costa-del-sol-aunan-esfuerzos\/#primaryimage"},"thumbnailUrl":"https:\/\/mancomunidad.org\/wp-content\/uploads\/2024\/10\/NP-visita-Mancomunidad-Axarquia.jpg","datePublished":"2024-10-22T16:11:01+00:00","dateModified":"2024-10-22T16:11:03+00:00","breadcrumb":{"@id":"https:\/\/mancomunidad.org\/en\/las-mancomunidades-de-la-costa-del-sol-aunan-esfuerzos\/#breadcrumb"},"inLanguage":"en-US","potentialAction":[{"@type":"ReadAction","target":["https:\/\/mancomunidad.org\/en\/las-mancomunidades-de-la-costa-del-sol-aunan-esfuerzos\/"]}]},{"@type":"ImageObject","inLanguage":"en-US","@id":"https:\/\/mancomunidad.org\/en\/las-mancomunidades-de-la-costa-del-sol-aunan-esfuerzos\/#primaryimage","url":"https:\/\/mancomunidad.org\/wp-content\/uploads\/2024\/10\/NP-visita-Mancomunidad-Axarquia.jpg","contentUrl":"https:\/\/mancomunidad.org\/wp-content\/uploads\/2024\/10\/NP-visita-Mancomunidad-Axarquia.jpg","width":1920,"height":1280},{"@type":"BreadcrumbList","@id":"https:\/\/mancomunidad.org\/en\/las-mancomunidades-de-la-costa-del-sol-aunan-esfuerzos\/#breadcrumb","itemListElement":[{"@type":"ListItem","position":1,"name":"Inicio","item":"https:\/\/mancomunidad.org\/en\/"},{"@type":"ListItem","position":2,"name":"Las mancomunidades de la Costa del Sol a\u00fanan esfuerzos"}]},{"@type":"WebSite","@id":"https:\/\/mancomunidad.org\/en\/#website","url":"https:\/\/mancomunidad.org\/en\/","name":"Mancomunidad de Municipios","description":"Costa del Sol Occidental","publisher":{"@id":"https:\/\/mancomunidad.org\/en\/#organization"},"potentialAction":[{"@type":"SearchAction","target":{"@type":"EntryPoint","urlTemplate":"https:\/\/mancomunidad.org\/en\/?s={search_term_string}"},"query-input":{"@type":"PropertyValueSpecification","valueRequired":true,"valueName":"search_term_string"}}],"inLanguage":"en-US"},{"@type":"Organization","@id":"https:\/\/mancomunidad.org\/en\/#organization","name":"Costa del Sol occidental","url":"https:\/\/mancomunidad.org\/en\/","logo":{"@type":"ImageObject","inLanguage":"en-US","@id":"https:\/\/mancomunidad.org\/en\/#\/schema\/logo\/image\/","url":"https:\/\/mancomunidad.org\/wp-content\/uploads\/2024\/01\/logo_footer.png","contentUrl":"https:\/\/mancomunidad.org\/wp-content\/uploads\/2024\/01\/logo_footer.png","width":201,"height":61,"caption":"Costa del Sol occidental"},"image":{"@id":"https:\/\/mancomunidad.org\/en\/#\/schema\/logo\/image\/"},"sameAs":["https:\/\/www.facebook.com\/mancomunidadcostasoloccidental\/","https:\/\/x.com\/MancomunidadCSO","https:\/\/www.instagram.com\/mancomunidadmunicipioscso\/"]},{"@type":"Person","@id":"https:\/\/mancomunidad.org\/en\/#\/schema\/person\/a4db75a4b8ff63c82a7f736c72968aa4","name":"Estefan\u00eda Torres S\u00e1nchez"}]}},"_links":{"self":[{"href":"https:\/\/mancomunidad.org\/en\/wp-json\/wp\/v2\/posts\/3617","targetHints":{"allow":["GET"]}}],"collection":[{"href":"https:\/\/mancomunidad.org\/en\/wp-json\/wp\/v2\/posts"}],"about":[{"href":"https:\/\/mancomunidad.org\/en\/wp-json\/wp\/v2\/types\/post"}],"author":[{"embeddable":true,"href":"https:\/\/mancomunidad.org\/en\/wp-json\/wp\/v2\/users\/3"}],"replies":[{"embeddable":true,"href":"https:\/\/mancomunidad.org\/en\/wp-json\/wp\/v2\/comments?post=3617"}],"version-history":[{"count":1,"href":"https:\/\/mancomunidad.org\/en\/wp-json\/wp\/v2\/posts\/3617\/revisions"}],"predecessor-version":[{"id":3622,"href":"https:\/\/mancomunidad.org\/en\/wp-json\/wp\/v2\/posts\/3617\/revisions\/3622"}],"wp:featuredmedia":[{"embeddable":true,"href":"https:\/\/mancomunidad.org\/en\/wp-json\/wp\/v2\/media\/3620"}],"wp:attachment":[{"href":"https:\/\/mancomunidad.org\/en\/wp-json\/wp\/v2\/media?parent=3617"}],"wp:term":[{"taxonomy":"category","embeddable":true,"href":"https:\/\/mancomunidad.org\/en\/wp-json\/wp\/v2\/categories?post=3617"},{"taxonomy":"post_tag","embeddable":true,"href":"https:\/\/mancomunidad.org\/en\/wp-json\/wp\/v2\/tags?post=3617"}],"curies":[{"name":"wp","href":"https:\/\/api.w.org\/{rel}","templated":true}]}}