{"id":3597,"date":"2024-09-25T13:45:02","date_gmt":"2024-09-25T11:45:02","guid":{"rendered":"https:\/\/mancomunidad.org\/?p=3597"},"modified":"2024-09-25T13:45:04","modified_gmt":"2024-09-25T11:45:04","slug":"la-mancomunidad-abre-el-nuevo-aula-ambiental-de-casares-a-los-centros-educativos","status":"publish","type":"post","link":"https:\/\/mancomunidad.org\/en\/la-mancomunidad-abre-el-nuevo-aula-ambiental-de-casares-a-los-centros-educativos\/","title":{"rendered":"La Mancomunidad abre el nuevo aula ambiental de Casares a los centros educativos"},"content":{"rendered":"\n<ul class=\"wp-block-list\">\n<li><strong>Los centros educativos de la Costa del Sol ya pueden reservar cita para los alumnos a partir de 3\u00ba de Primaria<\/strong><\/li>\n<\/ul>\n\n\n\n<p><strong>Casares, 25 de septiembre de 2024<\/strong>.- La Mancomunidad de Municipios de la Costa del Sol Occidental abre el aula ambiental del Complejo Ambiental Costa del Sol, por lo que ya pueden solicitar las visitas todos los centros educativos de la Costa del Sol.<\/p>\n\n\n\n<p>El presidente de la Mancomunidad de Municipios de la Costa del Sol Occidental, <strong>Manuel Carde\u00f1a<\/strong>, ha mostrado su satisfacci\u00f3n por la apertura de este centro de educaci\u00f3n ambiental que es pionero porque ofrece una experiencia educativa completamente novedosa, utilizando herramientas no formales, como la resoluci\u00f3n de desaf\u00edos, el descifrado de enigmas, en un entorno cooperativo, totalmente interactivo, de manera que los alumnos aprenden jugando. De esta forma conseguimos que los ni\u00f1os y adolescentes aprendan a ser buenos recicladores y ense\u00f1en a sus familias a serlo. Educando a ni\u00f1os recicladores, conseguiremos adultos recicladores&#8221;.<\/p>\n\n\n\n<p>El presidente tambi\u00e9n ha recordado que el aula ha sido premiada ya por la Junta de Andaluc\u00eda, por su dise\u00f1o, en los <strong>Premios de Andaluc\u00eda de Medio Ambiente<\/strong> (PAMA) 2023 en la categor\u00eda de &#8220;Educaci\u00f3n y Sensibilidad Ambiental&#8221;.<\/p>\n\n\n\n<p>El aula de este complejo, que gestiona Urbaser S.A, dispone de una <strong>sala inmersiva<\/strong>, con tecnolog\u00eda 3D, en la que los visitantes pueden experimentar y conocer el recorrido que realizan los residuos desde que son recogidos por los camiones, hasta que se clasifican en el Complejo para su posterior reciclado. Una proyecci\u00f3n de realidad virtual con gafas 3D introduce al visitante en el interior de la planta y recorre todas sus fases.<\/p>\n\n\n\n<p>Esta sala es polivalente ya que tambi\u00e9n cuenta con una <strong>grada telesc\u00f3pica<\/strong> con capacidad para 55 personas y equipo audiovisual en la que pueden realizarse cursos, ponencias o celebrar eventos.<\/p>\n\n\n\n<p>La visita contin\u00faa por una segunda <strong>sala interactiva<\/strong> con diversas actividades en las que los visitantes, a trav\u00e9s de juegos, conocen conceptos como la recogida selectiva, la maquinaria utilizada en la planta para la separaci\u00f3n de los distintos materiales; la importancia de separar residuos en casa, el valor de los residuos, la autosuficiencia energ\u00e9tica del complejo o c\u00f3mo es el vertedero.<\/p>\n\n\n\n<p>Todo ello con juegos interactivos y simuladores. Entre ellos un <strong>Scalextric<\/strong> en el que los coches han sido sustituidos por camiones de basura y son los propios visitantes, montados en bicicletas est\u00e1ticas, los que generan la energ\u00eda para mover los veh\u00edculos.<\/p>\n\n\n\n<p>\u201cMe atrevo a decir que no hay en Espa\u00f1a un aula ambiental como esta, pues es completamente innovadora y los alumnos van a asimilar m\u00faltiples conceptos sobre e reciclaje, sin esfuerzo&#8221;, ha a\u00f1adido el presidente de la Mancomunidad.<\/p>\n\n\n\n<p>Incluso los <strong>ba\u00f1os<\/strong> del aula se convierten en lugar de aprendizaje ya que, por medio de vinilos distribuidos por paredes y espejos, los visitantes conocen el ciclo del agua. Para terminar la visita, los alumnos realizar\u00e1n un breve recorrido en autob\u00fas para ver las instalaciones.<\/p>\n\n\n\n<p>Carde\u00f1a ha recalcado que se trata de un <strong>edificio autosuficiente<\/strong> ya que est\u00e1 dotado con placas fotovoltaicas.<\/p>\n\n\n\n<p>Los centros educativos de los municipios mancomunados ya pueden reservar su cita a trav\u00e9s de la web <a href=\"https:\/\/costadelsol.eco\/aula-ambiental-costa-del-sol\/\">costadelsol.eco<\/a>. Ah\u00ed encontrar\u00e1n una ventana del Aula Ambiental con la agenda para elegir d\u00eda y las instrucciones para la visita.<\/p>\n\n\n\n<p>El Aula Ambiental est\u00e1 dirigida para el alumnado de educaci\u00f3n Primaria (a partir de 3\u00b0) y Secundaria. El aforo m\u00e1ximo es de 40 personas y la visita tendr\u00e1 una duraci\u00f3n aproximada de dos horas. Por supuesto la actividad es completamente <strong>gratuita<\/strong>. El traslado hasta el Complejo Ambiental correr\u00e1 a cargo de los centros educativos.<\/p>\n","protected":false},"excerpt":{"rendered":"<p>Casares, 25 de septiembre de 2024.- La Mancomunidad de Municipios de la Costa del Sol Occidental abre el aula ambiental del Complejo Ambiental Costa del Sol, por lo que ya pueden solicitar las visitas todos los centros educativos de la Costa del Sol. El presidente de la Mancomunidad de Municipios de la Costa del Sol [&hellip;]<\/p>\n","protected":false},"author":3,"featured_media":3598,"comment_status":"open","ping_status":"open","sticky":false,"template":"","format":"standard","meta":{"_monsterinsights_skip_tracking":false,"_monsterinsights_sitenote_active":false,"_monsterinsights_sitenote_note":"","_monsterinsights_sitenote_category":0,"footnotes":""},"categories":[1],"tags":[],"class_list":["post-3597","post","type-post","status-publish","format-standard","has-post-thumbnail","hentry","category-noticias"],"yoast_head":"<!-- This site is optimized with the Yoast SEO plugin v26.6 - https:\/\/yoast.com\/wordpress\/plugins\/seo\/ -->\n<title>La Mancomunidad abre el nuevo aula ambiental de Casares a los centros educativos - Mancomunidad de Municipios<\/title>\n<meta name=\"robots\" content=\"index, follow, max-snippet:-1, max-image-preview:large, max-video-preview:-1\" \/>\n<link rel=\"canonical\" href=\"https:\/\/mancomunidad.org\/en\/la-mancomunidad-abre-el-nuevo-aula-ambiental-de-casares-a-los-centros-educativos\/\" \/>\n<meta property=\"og:locale\" content=\"en_US\" \/>\n<meta property=\"og:type\" content=\"article\" \/>\n<meta property=\"og:title\" content=\"La Mancomunidad abre el nuevo aula ambiental de Casares a los centros educativos - Mancomunidad de Municipios\" \/>\n<meta property=\"og:description\" content=\"Casares, 25 de septiembre de 2024.- La Mancomunidad de Municipios de la Costa del Sol Occidental abre el aula ambiental del Complejo Ambiental Costa del Sol, por lo que ya pueden solicitar las visitas todos los centros educativos de la Costa del Sol. El presidente de la Mancomunidad de Municipios de la Costa del Sol [&hellip;]\" \/>\n<meta property=\"og:url\" content=\"https:\/\/mancomunidad.org\/en\/la-mancomunidad-abre-el-nuevo-aula-ambiental-de-casares-a-los-centros-educativos\/\" \/>\n<meta property=\"og:site_name\" content=\"Mancomunidad de Municipios\" \/>\n<meta property=\"article:publisher\" content=\"https:\/\/www.facebook.com\/mancomunidadcostasoloccidental\/\" \/>\n<meta property=\"article:published_time\" content=\"2024-09-25T11:45:02+00:00\" \/>\n<meta property=\"article:modified_time\" content=\"2024-09-25T11:45:04+00:00\" \/>\n<meta property=\"og:image\" content=\"https:\/\/mancomunidad.org\/wp-content\/uploads\/2024\/09\/Foto-1-Aula-Medioambiental-Casares.jpg\" \/>\n\t<meta property=\"og:image:width\" content=\"2126\" \/>\n\t<meta property=\"og:image:height\" content=\"1496\" \/>\n\t<meta property=\"og:image:type\" content=\"image\/jpeg\" \/>\n<meta name=\"author\" content=\"Estefan\u00eda Torres S\u00e1nchez\" \/>\n<meta name=\"twitter:card\" content=\"summary_large_image\" \/>\n<meta name=\"twitter:creator\" content=\"@MancomunidadCSO\" \/>\n<meta name=\"twitter:site\" content=\"@MancomunidadCSO\" \/>\n<meta name=\"twitter:label1\" content=\"Written by\" \/>\n\t<meta name=\"twitter:data1\" content=\"Estefan\u00eda Torres S\u00e1nchez\" \/>\n\t<meta name=\"twitter:label2\" content=\"Est. reading time\" \/>\n\t<meta name=\"twitter:data2\" content=\"3 minutes\" \/>\n<script type=\"application\/ld+json\" class=\"yoast-schema-graph\">{\"@context\":\"https:\/\/schema.org\",\"@graph\":[{\"@type\":\"Article\",\"@id\":\"https:\/\/mancomunidad.org\/en\/la-mancomunidad-abre-el-nuevo-aula-ambiental-de-casares-a-los-centros-educativos\/#article\",\"isPartOf\":{\"@id\":\"https:\/\/mancomunidad.org\/en\/la-mancomunidad-abre-el-nuevo-aula-ambiental-de-casares-a-los-centros-educativos\/\"},\"author\":{\"name\":\"Estefan\u00eda Torres S\u00e1nchez\",\"@id\":\"https:\/\/mancomunidad.org\/en\/#\/schema\/person\/a4db75a4b8ff63c82a7f736c72968aa4\"},\"headline\":\"La Mancomunidad abre el nuevo aula ambiental de Casares a los centros educativos\",\"datePublished\":\"2024-09-25T11:45:02+00:00\",\"dateModified\":\"2024-09-25T11:45:04+00:00\",\"mainEntityOfPage\":{\"@id\":\"https:\/\/mancomunidad.org\/en\/la-mancomunidad-abre-el-nuevo-aula-ambiental-de-casares-a-los-centros-educativos\/\"},\"wordCount\":637,\"commentCount\":0,\"publisher\":{\"@id\":\"https:\/\/mancomunidad.org\/en\/#organization\"},\"image\":{\"@id\":\"https:\/\/mancomunidad.org\/en\/la-mancomunidad-abre-el-nuevo-aula-ambiental-de-casares-a-los-centros-educativos\/#primaryimage\"},\"thumbnailUrl\":\"https:\/\/mancomunidad.org\/wp-content\/uploads\/2024\/09\/Foto-1-Aula-Medioambiental-Casares.jpg\",\"articleSection\":[\"Noticias\"],\"inLanguage\":\"en-US\",\"potentialAction\":[{\"@type\":\"CommentAction\",\"name\":\"Comment\",\"target\":[\"https:\/\/mancomunidad.org\/en\/la-mancomunidad-abre-el-nuevo-aula-ambiental-de-casares-a-los-centros-educativos\/#respond\"]}]},{\"@type\":\"WebPage\",\"@id\":\"https:\/\/mancomunidad.org\/en\/la-mancomunidad-abre-el-nuevo-aula-ambiental-de-casares-a-los-centros-educativos\/\",\"url\":\"https:\/\/mancomunidad.org\/en\/la-mancomunidad-abre-el-nuevo-aula-ambiental-de-casares-a-los-centros-educativos\/\",\"name\":\"La Mancomunidad abre el nuevo aula ambiental de Casares a los centros educativos - Mancomunidad de Municipios\",\"isPartOf\":{\"@id\":\"https:\/\/mancomunidad.org\/en\/#website\"},\"primaryImageOfPage\":{\"@id\":\"https:\/\/mancomunidad.org\/en\/la-mancomunidad-abre-el-nuevo-aula-ambiental-de-casares-a-los-centros-educativos\/#primaryimage\"},\"image\":{\"@id\":\"https:\/\/mancomunidad.org\/en\/la-mancomunidad-abre-el-nuevo-aula-ambiental-de-casares-a-los-centros-educativos\/#primaryimage\"},\"thumbnailUrl\":\"https:\/\/mancomunidad.org\/wp-content\/uploads\/2024\/09\/Foto-1-Aula-Medioambiental-Casares.jpg\",\"datePublished\":\"2024-09-25T11:45:02+00:00\",\"dateModified\":\"2024-09-25T11:45:04+00:00\",\"breadcrumb\":{\"@id\":\"https:\/\/mancomunidad.org\/en\/la-mancomunidad-abre-el-nuevo-aula-ambiental-de-casares-a-los-centros-educativos\/#breadcrumb\"},\"inLanguage\":\"en-US\",\"potentialAction\":[{\"@type\":\"ReadAction\",\"target\":[\"https:\/\/mancomunidad.org\/en\/la-mancomunidad-abre-el-nuevo-aula-ambiental-de-casares-a-los-centros-educativos\/\"]}]},{\"@type\":\"ImageObject\",\"inLanguage\":\"en-US\",\"@id\":\"https:\/\/mancomunidad.org\/en\/la-mancomunidad-abre-el-nuevo-aula-ambiental-de-casares-a-los-centros-educativos\/#primaryimage\",\"url\":\"https:\/\/mancomunidad.org\/wp-content\/uploads\/2024\/09\/Foto-1-Aula-Medioambiental-Casares.jpg\",\"contentUrl\":\"https:\/\/mancomunidad.org\/wp-content\/uploads\/2024\/09\/Foto-1-Aula-Medioambiental-Casares.jpg\",\"width\":2126,\"height\":1496},{\"@type\":\"BreadcrumbList\",\"@id\":\"https:\/\/mancomunidad.org\/en\/la-mancomunidad-abre-el-nuevo-aula-ambiental-de-casares-a-los-centros-educativos\/#breadcrumb\",\"itemListElement\":[{\"@type\":\"ListItem\",\"position\":1,\"name\":\"Inicio\",\"item\":\"https:\/\/mancomunidad.org\/en\/\"},{\"@type\":\"ListItem\",\"position\":2,\"name\":\"La Mancomunidad abre el nuevo aula ambiental de Casares a los centros educativos\"}]},{\"@type\":\"WebSite\",\"@id\":\"https:\/\/mancomunidad.org\/en\/#website\",\"url\":\"https:\/\/mancomunidad.org\/en\/\",\"name\":\"Mancomunidad de Municipios\",\"description\":\"Costa del Sol Occidental\",\"publisher\":{\"@id\":\"https:\/\/mancomunidad.org\/en\/#organization\"},\"potentialAction\":[{\"@type\":\"SearchAction\",\"target\":{\"@type\":\"EntryPoint\",\"urlTemplate\":\"https:\/\/mancomunidad.org\/en\/?s={search_term_string}\"},\"query-input\":{\"@type\":\"PropertyValueSpecification\",\"valueRequired\":true,\"valueName\":\"search_term_string\"}}],\"inLanguage\":\"en-US\"},{\"@type\":\"Organization\",\"@id\":\"https:\/\/mancomunidad.org\/en\/#organization\",\"name\":\"Costa del Sol occidental\",\"url\":\"https:\/\/mancomunidad.org\/en\/\",\"logo\":{\"@type\":\"ImageObject\",\"inLanguage\":\"en-US\",\"@id\":\"https:\/\/mancomunidad.org\/en\/#\/schema\/logo\/image\/\",\"url\":\"https:\/\/mancomunidad.org\/wp-content\/uploads\/2024\/01\/logo_footer.png\",\"contentUrl\":\"https:\/\/mancomunidad.org\/wp-content\/uploads\/2024\/01\/logo_footer.png\",\"width\":201,\"height\":61,\"caption\":\"Costa del Sol occidental\"},\"image\":{\"@id\":\"https:\/\/mancomunidad.org\/en\/#\/schema\/logo\/image\/\"},\"sameAs\":[\"https:\/\/www.facebook.com\/mancomunidadcostasoloccidental\/\",\"https:\/\/x.com\/MancomunidadCSO\",\"https:\/\/www.instagram.com\/mancomunidadmunicipioscso\/\"]},{\"@type\":\"Person\",\"@id\":\"https:\/\/mancomunidad.org\/en\/#\/schema\/person\/a4db75a4b8ff63c82a7f736c72968aa4\",\"name\":\"Estefan\u00eda Torres S\u00e1nchez\"}]}<\/script>\n<!-- \/ Yoast SEO plugin. -->","yoast_head_json":{"title":"La Mancomunidad abre el nuevo aula ambiental de Casares a los centros educativos - Mancomunidad de Municipios","robots":{"index":"index","follow":"follow","max-snippet":"max-snippet:-1","max-image-preview":"max-image-preview:large","max-video-preview":"max-video-preview:-1"},"canonical":"https:\/\/mancomunidad.org\/en\/la-mancomunidad-abre-el-nuevo-aula-ambiental-de-casares-a-los-centros-educativos\/","og_locale":"en_US","og_type":"article","og_title":"La Mancomunidad abre el nuevo aula ambiental de Casares a los centros educativos - Mancomunidad de Municipios","og_description":"Casares, 25 de septiembre de 2024.- La Mancomunidad de Municipios de la Costa del Sol Occidental abre el aula ambiental del Complejo Ambiental Costa del Sol, por lo que ya pueden solicitar las visitas todos los centros educativos de la Costa del Sol. El presidente de la Mancomunidad de Municipios de la Costa del Sol [&hellip;]","og_url":"https:\/\/mancomunidad.org\/en\/la-mancomunidad-abre-el-nuevo-aula-ambiental-de-casares-a-los-centros-educativos\/","og_site_name":"Mancomunidad de Municipios","article_publisher":"https:\/\/www.facebook.com\/mancomunidadcostasoloccidental\/","article_published_time":"2024-09-25T11:45:02+00:00","article_modified_time":"2024-09-25T11:45:04+00:00","og_image":[{"width":2126,"height":1496,"url":"https:\/\/mancomunidad.org\/wp-content\/uploads\/2024\/09\/Foto-1-Aula-Medioambiental-Casares.jpg","type":"image\/jpeg"}],"author":"Estefan\u00eda Torres S\u00e1nchez","twitter_card":"summary_large_image","twitter_creator":"@MancomunidadCSO","twitter_site":"@MancomunidadCSO","twitter_misc":{"Written by":"Estefan\u00eda Torres S\u00e1nchez","Est. reading time":"3 minutes"},"schema":{"@context":"https:\/\/schema.org","@graph":[{"@type":"Article","@id":"https:\/\/mancomunidad.org\/en\/la-mancomunidad-abre-el-nuevo-aula-ambiental-de-casares-a-los-centros-educativos\/#article","isPartOf":{"@id":"https:\/\/mancomunidad.org\/en\/la-mancomunidad-abre-el-nuevo-aula-ambiental-de-casares-a-los-centros-educativos\/"},"author":{"name":"Estefan\u00eda Torres S\u00e1nchez","@id":"https:\/\/mancomunidad.org\/en\/#\/schema\/person\/a4db75a4b8ff63c82a7f736c72968aa4"},"headline":"La Mancomunidad abre el nuevo aula ambiental de Casares a los centros educativos","datePublished":"2024-09-25T11:45:02+00:00","dateModified":"2024-09-25T11:45:04+00:00","mainEntityOfPage":{"@id":"https:\/\/mancomunidad.org\/en\/la-mancomunidad-abre-el-nuevo-aula-ambiental-de-casares-a-los-centros-educativos\/"},"wordCount":637,"commentCount":0,"publisher":{"@id":"https:\/\/mancomunidad.org\/en\/#organization"},"image":{"@id":"https:\/\/mancomunidad.org\/en\/la-mancomunidad-abre-el-nuevo-aula-ambiental-de-casares-a-los-centros-educativos\/#primaryimage"},"thumbnailUrl":"https:\/\/mancomunidad.org\/wp-content\/uploads\/2024\/09\/Foto-1-Aula-Medioambiental-Casares.jpg","articleSection":["Noticias"],"inLanguage":"en-US","potentialAction":[{"@type":"CommentAction","name":"Comment","target":["https:\/\/mancomunidad.org\/en\/la-mancomunidad-abre-el-nuevo-aula-ambiental-de-casares-a-los-centros-educativos\/#respond"]}]},{"@type":"WebPage","@id":"https:\/\/mancomunidad.org\/en\/la-mancomunidad-abre-el-nuevo-aula-ambiental-de-casares-a-los-centros-educativos\/","url":"https:\/\/mancomunidad.org\/en\/la-mancomunidad-abre-el-nuevo-aula-ambiental-de-casares-a-los-centros-educativos\/","name":"La Mancomunidad abre el nuevo aula ambiental de Casares a los centros educativos - Mancomunidad de Municipios","isPartOf":{"@id":"https:\/\/mancomunidad.org\/en\/#website"},"primaryImageOfPage":{"@id":"https:\/\/mancomunidad.org\/en\/la-mancomunidad-abre-el-nuevo-aula-ambiental-de-casares-a-los-centros-educativos\/#primaryimage"},"image":{"@id":"https:\/\/mancomunidad.org\/en\/la-mancomunidad-abre-el-nuevo-aula-ambiental-de-casares-a-los-centros-educativos\/#primaryimage"},"thumbnailUrl":"https:\/\/mancomunidad.org\/wp-content\/uploads\/2024\/09\/Foto-1-Aula-Medioambiental-Casares.jpg","datePublished":"2024-09-25T11:45:02+00:00","dateModified":"2024-09-25T11:45:04+00:00","breadcrumb":{"@id":"https:\/\/mancomunidad.org\/en\/la-mancomunidad-abre-el-nuevo-aula-ambiental-de-casares-a-los-centros-educativos\/#breadcrumb"},"inLanguage":"en-US","potentialAction":[{"@type":"ReadAction","target":["https:\/\/mancomunidad.org\/en\/la-mancomunidad-abre-el-nuevo-aula-ambiental-de-casares-a-los-centros-educativos\/"]}]},{"@type":"ImageObject","inLanguage":"en-US","@id":"https:\/\/mancomunidad.org\/en\/la-mancomunidad-abre-el-nuevo-aula-ambiental-de-casares-a-los-centros-educativos\/#primaryimage","url":"https:\/\/mancomunidad.org\/wp-content\/uploads\/2024\/09\/Foto-1-Aula-Medioambiental-Casares.jpg","contentUrl":"https:\/\/mancomunidad.org\/wp-content\/uploads\/2024\/09\/Foto-1-Aula-Medioambiental-Casares.jpg","width":2126,"height":1496},{"@type":"BreadcrumbList","@id":"https:\/\/mancomunidad.org\/en\/la-mancomunidad-abre-el-nuevo-aula-ambiental-de-casares-a-los-centros-educativos\/#breadcrumb","itemListElement":[{"@type":"ListItem","position":1,"name":"Inicio","item":"https:\/\/mancomunidad.org\/en\/"},{"@type":"ListItem","position":2,"name":"La Mancomunidad abre el nuevo aula ambiental de Casares a los centros educativos"}]},{"@type":"WebSite","@id":"https:\/\/mancomunidad.org\/en\/#website","url":"https:\/\/mancomunidad.org\/en\/","name":"Mancomunidad de Municipios","description":"Costa del Sol Occidental","publisher":{"@id":"https:\/\/mancomunidad.org\/en\/#organization"},"potentialAction":[{"@type":"SearchAction","target":{"@type":"EntryPoint","urlTemplate":"https:\/\/mancomunidad.org\/en\/?s={search_term_string}"},"query-input":{"@type":"PropertyValueSpecification","valueRequired":true,"valueName":"search_term_string"}}],"inLanguage":"en-US"},{"@type":"Organization","@id":"https:\/\/mancomunidad.org\/en\/#organization","name":"Costa del Sol occidental","url":"https:\/\/mancomunidad.org\/en\/","logo":{"@type":"ImageObject","inLanguage":"en-US","@id":"https:\/\/mancomunidad.org\/en\/#\/schema\/logo\/image\/","url":"https:\/\/mancomunidad.org\/wp-content\/uploads\/2024\/01\/logo_footer.png","contentUrl":"https:\/\/mancomunidad.org\/wp-content\/uploads\/2024\/01\/logo_footer.png","width":201,"height":61,"caption":"Costa del Sol occidental"},"image":{"@id":"https:\/\/mancomunidad.org\/en\/#\/schema\/logo\/image\/"},"sameAs":["https:\/\/www.facebook.com\/mancomunidadcostasoloccidental\/","https:\/\/x.com\/MancomunidadCSO","https:\/\/www.instagram.com\/mancomunidadmunicipioscso\/"]},{"@type":"Person","@id":"https:\/\/mancomunidad.org\/en\/#\/schema\/person\/a4db75a4b8ff63c82a7f736c72968aa4","name":"Estefan\u00eda Torres S\u00e1nchez"}]}},"_links":{"self":[{"href":"https:\/\/mancomunidad.org\/en\/wp-json\/wp\/v2\/posts\/3597","targetHints":{"allow":["GET"]}}],"collection":[{"href":"https:\/\/mancomunidad.org\/en\/wp-json\/wp\/v2\/posts"}],"about":[{"href":"https:\/\/mancomunidad.org\/en\/wp-json\/wp\/v2\/types\/post"}],"author":[{"embeddable":true,"href":"https:\/\/mancomunidad.org\/en\/wp-json\/wp\/v2\/users\/3"}],"replies":[{"embeddable":true,"href":"https:\/\/mancomunidad.org\/en\/wp-json\/wp\/v2\/comments?post=3597"}],"version-history":[{"count":1,"href":"https:\/\/mancomunidad.org\/en\/wp-json\/wp\/v2\/posts\/3597\/revisions"}],"predecessor-version":[{"id":3600,"href":"https:\/\/mancomunidad.org\/en\/wp-json\/wp\/v2\/posts\/3597\/revisions\/3600"}],"wp:featuredmedia":[{"embeddable":true,"href":"https:\/\/mancomunidad.org\/en\/wp-json\/wp\/v2\/media\/3598"}],"wp:attachment":[{"href":"https:\/\/mancomunidad.org\/en\/wp-json\/wp\/v2\/media?parent=3597"}],"wp:term":[{"taxonomy":"category","embeddable":true,"href":"https:\/\/mancomunidad.org\/en\/wp-json\/wp\/v2\/categories?post=3597"},{"taxonomy":"post_tag","embeddable":true,"href":"https:\/\/mancomunidad.org\/en\/wp-json\/wp\/v2\/tags?post=3597"}],"curies":[{"name":"wp","href":"https:\/\/api.w.org\/{rel}","templated":true}]}}