{"id":3496,"date":"2024-07-17T10:49:51","date_gmt":"2024-07-17T08:49:51","guid":{"rendered":"https:\/\/mancomunidad.org\/?p=3496"},"modified":"2024-07-17T10:49:53","modified_gmt":"2024-07-17T08:49:53","slug":"la-mancomunidad-reclama-el-tren-hasta-algeciras-para-terminar-con-el-colapso-en-la-costa-del-sol","status":"publish","type":"post","link":"https:\/\/mancomunidad.org\/en\/la-mancomunidad-reclama-el-tren-hasta-algeciras-para-terminar-con-el-colapso-en-la-costa-del-sol\/","title":{"rendered":"La Mancomunidad reclama el tren hasta Algeciras para terminar con el colapso en la Costa del Sol"},"content":{"rendered":"\n<ul class=\"wp-block-list\">\n<li><strong>Todos los grupos pol\u00edticos de la Instituci\u00f3n firman una moci\u00f3n institucional exigiendo la construcci\u00f3n de esta infraestructura<\/strong><\/li>\n<\/ul>\n\n\n\n<p><strong>Marbella, 16 de julio de 2024.\u2014 <\/strong>La Mancomunidad de Municipios de la Costa del Sol Occidental aprob\u00f3 por unanimidad en su \u00faltima asamblea general una moci\u00f3n institucional firmada por los que representan a la totalidad de los grupos pol\u00edticos representados en la instituci\u00f3n (Partido Popular, PSOE, Izquierda Unida, Compromiso Manilva y Por Mi Pueblo) una moci\u00f3n exigiendo la construcci\u00f3n del \u201cTren del Mediterr\u00e1neo Andaluz desde M\u00e1laga hasta Algeciras\u201d.<\/p>\n\n\n\n<p>As\u00ed, en la exposici\u00f3n de motivos se se\u00f1ala que \u201cel colapso ya sistem\u00e1tico de la A7-N340 est\u00e1 causando problemas de todo tipo de car\u00e1cter general a los ciudadanos y visitantes de la Costa y que carece de alternativa a partir de Fuengirola. No son pocas las veces que los vecinos, residentes y trabajadores de nuestra comarca, han visto comprometida su actividad cotidiana, o su asistencia a sus deberes, a causa de la paralizaci\u00f3n del tr\u00e1fico por carretera, que hoy por hoy es la \u00fanica forma de llegar a buena parte del \u00e1mbito de la Mancomunidad\u201d.<\/p>\n\n\n\n<p>Todo ello, afirman los portavoces, \u201cimpone una respuesta urgente al problema. Es necesario un compromiso firme de las administraciones para reivindicar el tren del Mediterr\u00e1neo andaluz, desde M\u00e1laga hasta el Campo de Gibraltar, atendiendo a la necesidad de disponer de un medio eficaz de transporte para los vecinos de la Costa del Sol que est\u00e9 exento de los problemas que la acumulaci\u00f3n de tr\u00e1fico rodado lleva aparejado. M\u00e1xime cuando solo considerando los c\u00e1lculos m\u00e1s recientes, la ampliaci\u00f3n de la l\u00ednea de Fuengirola a Marbella ya supondr\u00eda un tr\u00e1fico de varios millones de usuarios al a\u00f1o, que har\u00edan rentable la inversi\u00f3n\u201d.<\/p>\n\n\n\n<p>Asimismo, a\u00f1aden que \u201cinstituciones como la Diputaci\u00f3n provincial, o esta misma Mancomunidad, han destacado insistentemente la importancia de ir desarrollando y planificando la extensi\u00f3n de un sistema de transporte p\u00fablico ferroviario potente que llegue en el futuro al campo de Gibraltar y una toda la Costa del Sol. Se trata, por tanto, de dotar de servicio ferroviario al resto de la Costa del Sol al menos hasta Manilva, y tambi\u00e9n de estudiar e ir planificando su eventual extensi\u00f3n al litoral oriental, hacia Rinc\u00f3n y V\u00e9lez-M\u00e1laga, al menos, ahora que queda suelo disponible\u201d.<\/p>\n\n\n\n<p>Por tanto, \u201clos grupos pol\u00edticos de la Mancomunidad entendemos que el trabajo conjunto de las administraciones implicadas debe permitir solventar cualquier limitaci\u00f3n t\u00e9cnica o econ\u00f3mica que represente un proyecto de esta importancia. El sentir de los vecinos de la Costa del Sol y el de sus instituciones vienen de mucho tiempo atr\u00e1s. Ya en 2011, numerosas autoridades y representantes de instituciones sociales suscribieron la \u2018Declaraci\u00f3n de M\u00e1laga en defensa del corredor mediterr\u00e1neo\u2019 a esta, siguieron otras, sin \u00e9xito por el momento, por lo que es un deber posicionarse inequ\u00edvocamente a favor de impulsar la inclusi\u00f3n de la infraestructura ferroviaria de la Costa del Sol en el Corredor Mediterr\u00e1neo\u201d.<\/p>\n\n\n\n<p>Por todo lo expuesto, los grupos pol\u00edticos de la Mancomunidad acordaron \u201cinstar al Gobierno de Espa\u00f1a y a la Junta de Andaluc\u00eda a que, cada cual en el \u00e1mbito de sus competencias y bajo la necesaria colaboraci\u00f3n, pongan en juego toda su capacidad para conseguir que se haga realidad la ejecuci\u00f3n de la infraestructura ferroviaria que conecte las localidades entre Fuengirola y Algeciras, haciendo realidad, de forma prioritaria, el tramo hasta Manilva\u201d.<\/p>\n","protected":false},"excerpt":{"rendered":"<p>Marbella, 16 de julio de 2024.\u2014 La Mancomunidad de Municipios de la Costa del Sol Occidental aprob\u00f3 por unanimidad en su \u00faltima asamblea general una moci\u00f3n institucional firmada por los que representan a la totalidad de los grupos pol\u00edticos representados en la instituci\u00f3n (Partido Popular, PSOE, Izquierda Unida, Compromiso Manilva y Por Mi Pueblo) una [&hellip;]<\/p>\n","protected":false},"author":3,"featured_media":0,"comment_status":"open","ping_status":"open","sticky":false,"template":"","format":"standard","meta":{"_monsterinsights_skip_tracking":false,"_monsterinsights_sitenote_active":false,"_monsterinsights_sitenote_note":"","_monsterinsights_sitenote_category":0,"footnotes":""},"categories":[1],"tags":[],"class_list":["post-3496","post","type-post","status-publish","format-standard","hentry","category-noticias"],"yoast_head":"<!-- This site is optimized with the Yoast SEO plugin v26.6 - https:\/\/yoast.com\/wordpress\/plugins\/seo\/ -->\n<title>La Mancomunidad reclama el tren hasta Algeciras para terminar con el colapso en la Costa del Sol - Mancomunidad de Municipios<\/title>\n<meta name=\"robots\" content=\"index, follow, max-snippet:-1, max-image-preview:large, max-video-preview:-1\" \/>\n<link rel=\"canonical\" href=\"https:\/\/mancomunidad.org\/en\/la-mancomunidad-reclama-el-tren-hasta-algeciras-para-terminar-con-el-colapso-en-la-costa-del-sol\/\" \/>\n<meta property=\"og:locale\" content=\"en_US\" \/>\n<meta property=\"og:type\" content=\"article\" \/>\n<meta property=\"og:title\" content=\"La Mancomunidad reclama el tren hasta Algeciras para terminar con el colapso en la Costa del Sol - Mancomunidad de Municipios\" \/>\n<meta property=\"og:description\" content=\"Marbella, 16 de julio de 2024.\u2014 La Mancomunidad de Municipios de la Costa del Sol Occidental aprob\u00f3 por unanimidad en su \u00faltima asamblea general una moci\u00f3n institucional firmada por los que representan a la totalidad de los grupos pol\u00edticos representados en la instituci\u00f3n (Partido Popular, PSOE, Izquierda Unida, Compromiso Manilva y Por Mi Pueblo) una [&hellip;]\" \/>\n<meta property=\"og:url\" content=\"https:\/\/mancomunidad.org\/en\/la-mancomunidad-reclama-el-tren-hasta-algeciras-para-terminar-con-el-colapso-en-la-costa-del-sol\/\" \/>\n<meta property=\"og:site_name\" content=\"Mancomunidad de Municipios\" \/>\n<meta property=\"article:publisher\" content=\"https:\/\/www.facebook.com\/mancomunidadcostasoloccidental\/\" \/>\n<meta property=\"article:published_time\" content=\"2024-07-17T08:49:51+00:00\" \/>\n<meta property=\"article:modified_time\" content=\"2024-07-17T08:49:53+00:00\" \/>\n<meta property=\"og:image\" content=\"https:\/\/mancomunidad.org\/wp-content\/uploads\/2024\/02\/mancomunidad-schema.jpeg\" \/>\n\t<meta property=\"og:image:width\" content=\"1600\" \/>\n\t<meta property=\"og:image:height\" content=\"900\" \/>\n\t<meta property=\"og:image:type\" content=\"image\/jpeg\" \/>\n<meta name=\"author\" content=\"Estefan\u00eda Torres S\u00e1nchez\" \/>\n<meta name=\"twitter:card\" content=\"summary_large_image\" \/>\n<meta name=\"twitter:creator\" content=\"@MancomunidadCSO\" \/>\n<meta name=\"twitter:site\" content=\"@MancomunidadCSO\" \/>\n<meta name=\"twitter:label1\" content=\"Written by\" \/>\n\t<meta name=\"twitter:data1\" content=\"Estefan\u00eda Torres S\u00e1nchez\" \/>\n\t<meta name=\"twitter:label2\" content=\"Est. reading time\" \/>\n\t<meta name=\"twitter:data2\" content=\"3 minutes\" \/>\n<script type=\"application\/ld+json\" class=\"yoast-schema-graph\">{\"@context\":\"https:\/\/schema.org\",\"@graph\":[{\"@type\":\"Article\",\"@id\":\"https:\/\/mancomunidad.org\/en\/la-mancomunidad-reclama-el-tren-hasta-algeciras-para-terminar-con-el-colapso-en-la-costa-del-sol\/#article\",\"isPartOf\":{\"@id\":\"https:\/\/mancomunidad.org\/en\/la-mancomunidad-reclama-el-tren-hasta-algeciras-para-terminar-con-el-colapso-en-la-costa-del-sol\/\"},\"author\":{\"name\":\"Estefan\u00eda Torres S\u00e1nchez\",\"@id\":\"https:\/\/mancomunidad.org\/en\/#\/schema\/person\/a4db75a4b8ff63c82a7f736c72968aa4\"},\"headline\":\"La Mancomunidad reclama el tren hasta Algeciras para terminar con el colapso en la Costa del Sol\",\"datePublished\":\"2024-07-17T08:49:51+00:00\",\"dateModified\":\"2024-07-17T08:49:53+00:00\",\"mainEntityOfPage\":{\"@id\":\"https:\/\/mancomunidad.org\/en\/la-mancomunidad-reclama-el-tren-hasta-algeciras-para-terminar-con-el-colapso-en-la-costa-del-sol\/\"},\"wordCount\":623,\"commentCount\":0,\"publisher\":{\"@id\":\"https:\/\/mancomunidad.org\/en\/#organization\"},\"articleSection\":[\"Noticias\"],\"inLanguage\":\"en-US\",\"potentialAction\":[{\"@type\":\"CommentAction\",\"name\":\"Comment\",\"target\":[\"https:\/\/mancomunidad.org\/en\/la-mancomunidad-reclama-el-tren-hasta-algeciras-para-terminar-con-el-colapso-en-la-costa-del-sol\/#respond\"]}]},{\"@type\":\"WebPage\",\"@id\":\"https:\/\/mancomunidad.org\/en\/la-mancomunidad-reclama-el-tren-hasta-algeciras-para-terminar-con-el-colapso-en-la-costa-del-sol\/\",\"url\":\"https:\/\/mancomunidad.org\/en\/la-mancomunidad-reclama-el-tren-hasta-algeciras-para-terminar-con-el-colapso-en-la-costa-del-sol\/\",\"name\":\"La Mancomunidad reclama el tren hasta Algeciras para terminar con el colapso en la Costa del Sol - Mancomunidad de Municipios\",\"isPartOf\":{\"@id\":\"https:\/\/mancomunidad.org\/en\/#website\"},\"datePublished\":\"2024-07-17T08:49:51+00:00\",\"dateModified\":\"2024-07-17T08:49:53+00:00\",\"breadcrumb\":{\"@id\":\"https:\/\/mancomunidad.org\/en\/la-mancomunidad-reclama-el-tren-hasta-algeciras-para-terminar-con-el-colapso-en-la-costa-del-sol\/#breadcrumb\"},\"inLanguage\":\"en-US\",\"potentialAction\":[{\"@type\":\"ReadAction\",\"target\":[\"https:\/\/mancomunidad.org\/en\/la-mancomunidad-reclama-el-tren-hasta-algeciras-para-terminar-con-el-colapso-en-la-costa-del-sol\/\"]}]},{\"@type\":\"BreadcrumbList\",\"@id\":\"https:\/\/mancomunidad.org\/en\/la-mancomunidad-reclama-el-tren-hasta-algeciras-para-terminar-con-el-colapso-en-la-costa-del-sol\/#breadcrumb\",\"itemListElement\":[{\"@type\":\"ListItem\",\"position\":1,\"name\":\"Inicio\",\"item\":\"https:\/\/mancomunidad.org\/en\/\"},{\"@type\":\"ListItem\",\"position\":2,\"name\":\"La Mancomunidad reclama el tren hasta Algeciras para terminar con el colapso en la Costa del Sol\"}]},{\"@type\":\"WebSite\",\"@id\":\"https:\/\/mancomunidad.org\/en\/#website\",\"url\":\"https:\/\/mancomunidad.org\/en\/\",\"name\":\"Mancomunidad de Municipios\",\"description\":\"Costa del Sol Occidental\",\"publisher\":{\"@id\":\"https:\/\/mancomunidad.org\/en\/#organization\"},\"potentialAction\":[{\"@type\":\"SearchAction\",\"target\":{\"@type\":\"EntryPoint\",\"urlTemplate\":\"https:\/\/mancomunidad.org\/en\/?s={search_term_string}\"},\"query-input\":{\"@type\":\"PropertyValueSpecification\",\"valueRequired\":true,\"valueName\":\"search_term_string\"}}],\"inLanguage\":\"en-US\"},{\"@type\":\"Organization\",\"@id\":\"https:\/\/mancomunidad.org\/en\/#organization\",\"name\":\"Costa del Sol occidental\",\"url\":\"https:\/\/mancomunidad.org\/en\/\",\"logo\":{\"@type\":\"ImageObject\",\"inLanguage\":\"en-US\",\"@id\":\"https:\/\/mancomunidad.org\/en\/#\/schema\/logo\/image\/\",\"url\":\"https:\/\/mancomunidad.org\/wp-content\/uploads\/2024\/01\/logo_footer.png\",\"contentUrl\":\"https:\/\/mancomunidad.org\/wp-content\/uploads\/2024\/01\/logo_footer.png\",\"width\":201,\"height\":61,\"caption\":\"Costa del Sol occidental\"},\"image\":{\"@id\":\"https:\/\/mancomunidad.org\/en\/#\/schema\/logo\/image\/\"},\"sameAs\":[\"https:\/\/www.facebook.com\/mancomunidadcostasoloccidental\/\",\"https:\/\/x.com\/MancomunidadCSO\",\"https:\/\/www.instagram.com\/mancomunidadmunicipioscso\/\"]},{\"@type\":\"Person\",\"@id\":\"https:\/\/mancomunidad.org\/en\/#\/schema\/person\/a4db75a4b8ff63c82a7f736c72968aa4\",\"name\":\"Estefan\u00eda Torres S\u00e1nchez\"}]}<\/script>\n<!-- \/ Yoast SEO plugin. -->","yoast_head_json":{"title":"La Mancomunidad reclama el tren hasta Algeciras para terminar con el colapso en la Costa del Sol - Mancomunidad de Municipios","robots":{"index":"index","follow":"follow","max-snippet":"max-snippet:-1","max-image-preview":"max-image-preview:large","max-video-preview":"max-video-preview:-1"},"canonical":"https:\/\/mancomunidad.org\/en\/la-mancomunidad-reclama-el-tren-hasta-algeciras-para-terminar-con-el-colapso-en-la-costa-del-sol\/","og_locale":"en_US","og_type":"article","og_title":"La Mancomunidad reclama el tren hasta Algeciras para terminar con el colapso en la Costa del Sol - Mancomunidad de Municipios","og_description":"Marbella, 16 de julio de 2024.\u2014 La Mancomunidad de Municipios de la Costa del Sol Occidental aprob\u00f3 por unanimidad en su \u00faltima asamblea general una moci\u00f3n institucional firmada por los que representan a la totalidad de los grupos pol\u00edticos representados en la instituci\u00f3n (Partido Popular, PSOE, Izquierda Unida, Compromiso Manilva y Por Mi Pueblo) una [&hellip;]","og_url":"https:\/\/mancomunidad.org\/en\/la-mancomunidad-reclama-el-tren-hasta-algeciras-para-terminar-con-el-colapso-en-la-costa-del-sol\/","og_site_name":"Mancomunidad de Municipios","article_publisher":"https:\/\/www.facebook.com\/mancomunidadcostasoloccidental\/","article_published_time":"2024-07-17T08:49:51+00:00","article_modified_time":"2024-07-17T08:49:53+00:00","og_image":[{"width":1600,"height":900,"url":"https:\/\/mancomunidad.org\/wp-content\/uploads\/2024\/02\/mancomunidad-schema.jpeg","type":"image\/jpeg"}],"author":"Estefan\u00eda Torres S\u00e1nchez","twitter_card":"summary_large_image","twitter_creator":"@MancomunidadCSO","twitter_site":"@MancomunidadCSO","twitter_misc":{"Written by":"Estefan\u00eda Torres S\u00e1nchez","Est. reading time":"3 minutes"},"schema":{"@context":"https:\/\/schema.org","@graph":[{"@type":"Article","@id":"https:\/\/mancomunidad.org\/en\/la-mancomunidad-reclama-el-tren-hasta-algeciras-para-terminar-con-el-colapso-en-la-costa-del-sol\/#article","isPartOf":{"@id":"https:\/\/mancomunidad.org\/en\/la-mancomunidad-reclama-el-tren-hasta-algeciras-para-terminar-con-el-colapso-en-la-costa-del-sol\/"},"author":{"name":"Estefan\u00eda Torres S\u00e1nchez","@id":"https:\/\/mancomunidad.org\/en\/#\/schema\/person\/a4db75a4b8ff63c82a7f736c72968aa4"},"headline":"La Mancomunidad reclama el tren hasta Algeciras para terminar con el colapso en la Costa del Sol","datePublished":"2024-07-17T08:49:51+00:00","dateModified":"2024-07-17T08:49:53+00:00","mainEntityOfPage":{"@id":"https:\/\/mancomunidad.org\/en\/la-mancomunidad-reclama-el-tren-hasta-algeciras-para-terminar-con-el-colapso-en-la-costa-del-sol\/"},"wordCount":623,"commentCount":0,"publisher":{"@id":"https:\/\/mancomunidad.org\/en\/#organization"},"articleSection":["Noticias"],"inLanguage":"en-US","potentialAction":[{"@type":"CommentAction","name":"Comment","target":["https:\/\/mancomunidad.org\/en\/la-mancomunidad-reclama-el-tren-hasta-algeciras-para-terminar-con-el-colapso-en-la-costa-del-sol\/#respond"]}]},{"@type":"WebPage","@id":"https:\/\/mancomunidad.org\/en\/la-mancomunidad-reclama-el-tren-hasta-algeciras-para-terminar-con-el-colapso-en-la-costa-del-sol\/","url":"https:\/\/mancomunidad.org\/en\/la-mancomunidad-reclama-el-tren-hasta-algeciras-para-terminar-con-el-colapso-en-la-costa-del-sol\/","name":"La Mancomunidad reclama el tren hasta Algeciras para terminar con el colapso en la Costa del Sol - Mancomunidad de Municipios","isPartOf":{"@id":"https:\/\/mancomunidad.org\/en\/#website"},"datePublished":"2024-07-17T08:49:51+00:00","dateModified":"2024-07-17T08:49:53+00:00","breadcrumb":{"@id":"https:\/\/mancomunidad.org\/en\/la-mancomunidad-reclama-el-tren-hasta-algeciras-para-terminar-con-el-colapso-en-la-costa-del-sol\/#breadcrumb"},"inLanguage":"en-US","potentialAction":[{"@type":"ReadAction","target":["https:\/\/mancomunidad.org\/en\/la-mancomunidad-reclama-el-tren-hasta-algeciras-para-terminar-con-el-colapso-en-la-costa-del-sol\/"]}]},{"@type":"BreadcrumbList","@id":"https:\/\/mancomunidad.org\/en\/la-mancomunidad-reclama-el-tren-hasta-algeciras-para-terminar-con-el-colapso-en-la-costa-del-sol\/#breadcrumb","itemListElement":[{"@type":"ListItem","position":1,"name":"Inicio","item":"https:\/\/mancomunidad.org\/en\/"},{"@type":"ListItem","position":2,"name":"La Mancomunidad reclama el tren hasta Algeciras para terminar con el colapso en la Costa del Sol"}]},{"@type":"WebSite","@id":"https:\/\/mancomunidad.org\/en\/#website","url":"https:\/\/mancomunidad.org\/en\/","name":"Mancomunidad de Municipios","description":"Costa del Sol Occidental","publisher":{"@id":"https:\/\/mancomunidad.org\/en\/#organization"},"potentialAction":[{"@type":"SearchAction","target":{"@type":"EntryPoint","urlTemplate":"https:\/\/mancomunidad.org\/en\/?s={search_term_string}"},"query-input":{"@type":"PropertyValueSpecification","valueRequired":true,"valueName":"search_term_string"}}],"inLanguage":"en-US"},{"@type":"Organization","@id":"https:\/\/mancomunidad.org\/en\/#organization","name":"Costa del Sol occidental","url":"https:\/\/mancomunidad.org\/en\/","logo":{"@type":"ImageObject","inLanguage":"en-US","@id":"https:\/\/mancomunidad.org\/en\/#\/schema\/logo\/image\/","url":"https:\/\/mancomunidad.org\/wp-content\/uploads\/2024\/01\/logo_footer.png","contentUrl":"https:\/\/mancomunidad.org\/wp-content\/uploads\/2024\/01\/logo_footer.png","width":201,"height":61,"caption":"Costa del Sol occidental"},"image":{"@id":"https:\/\/mancomunidad.org\/en\/#\/schema\/logo\/image\/"},"sameAs":["https:\/\/www.facebook.com\/mancomunidadcostasoloccidental\/","https:\/\/x.com\/MancomunidadCSO","https:\/\/www.instagram.com\/mancomunidadmunicipioscso\/"]},{"@type":"Person","@id":"https:\/\/mancomunidad.org\/en\/#\/schema\/person\/a4db75a4b8ff63c82a7f736c72968aa4","name":"Estefan\u00eda Torres S\u00e1nchez"}]}},"_links":{"self":[{"href":"https:\/\/mancomunidad.org\/en\/wp-json\/wp\/v2\/posts\/3496","targetHints":{"allow":["GET"]}}],"collection":[{"href":"https:\/\/mancomunidad.org\/en\/wp-json\/wp\/v2\/posts"}],"about":[{"href":"https:\/\/mancomunidad.org\/en\/wp-json\/wp\/v2\/types\/post"}],"author":[{"embeddable":true,"href":"https:\/\/mancomunidad.org\/en\/wp-json\/wp\/v2\/users\/3"}],"replies":[{"embeddable":true,"href":"https:\/\/mancomunidad.org\/en\/wp-json\/wp\/v2\/comments?post=3496"}],"version-history":[{"count":1,"href":"https:\/\/mancomunidad.org\/en\/wp-json\/wp\/v2\/posts\/3496\/revisions"}],"predecessor-version":[{"id":3497,"href":"https:\/\/mancomunidad.org\/en\/wp-json\/wp\/v2\/posts\/3496\/revisions\/3497"}],"wp:attachment":[{"href":"https:\/\/mancomunidad.org\/en\/wp-json\/wp\/v2\/media?parent=3496"}],"wp:term":[{"taxonomy":"category","embeddable":true,"href":"https:\/\/mancomunidad.org\/en\/wp-json\/wp\/v2\/categories?post=3496"},{"taxonomy":"post_tag","embeddable":true,"href":"https:\/\/mancomunidad.org\/en\/wp-json\/wp\/v2\/tags?post=3496"}],"curies":[{"name":"wp","href":"https:\/\/api.w.org\/{rel}","templated":true}]}}