{"id":3440,"date":"2024-05-21T12:50:32","date_gmt":"2024-05-21T10:50:32","guid":{"rendered":"https:\/\/mancomunidad.org\/?p=3440"},"modified":"2024-05-21T12:51:38","modified_gmt":"2024-05-21T10:51:38","slug":"las-mancomunidades-de-la-costa-del-sol-occidental-y-campo-de-gibraltar-aunan-esfuerzos","status":"publish","type":"post","link":"https:\/\/mancomunidad.org\/en\/las-mancomunidades-de-la-costa-del-sol-occidental-y-campo-de-gibraltar-aunan-esfuerzos\/","title":{"rendered":"Las mancomunidades de la Costa del Sol Occidental y Campo de Gibraltar a\u00fanan esfuerzos"},"content":{"rendered":"\n<p><strong>Marbella, 21 de mayor de 2024.-<\/strong> Manuel Carde\u00f1a, presidente de la Mancomunidad de Municipios de la Costa del Sol Occidental, ha recibido esta ma\u00f1ana la visita de Susana P\u00e9rez Custiodo, presidenta de la Mancomunidad de Municipios del Campo de Gibraltar.<\/p>\n\n\n\n<p>Carde\u00f1a ha se\u00f1alado que la reuni\u00f3n \u201cse enmarca en la tradicional buena relaci\u00f3n que existen entre ambas mancomunidades, que llevan d\u00e9cadas de colaboraci\u00f3n en temas esenciales como residuos y gesti\u00f3n del agua\u201d.<\/p>\n\n\n\n<p>Asimismo, Susana P\u00e9rez ha destacado \u201cla buena vecindad entre las dos mancomunidades, el constante flujo de ayuda y cooperaci\u00f3n. Ese el motivo de esta visita, aumentar la l\u00ednea de colaboraci\u00f3n entre ambas instituciones para que los servicios que prestamos a los ciudadanos sea cada vez mejor y m\u00e1s eficiente\u201d.<\/p>\n","protected":false},"excerpt":{"rendered":"<p>Marbella, 21 de mayor de 2024.- Manuel Carde\u00f1a, presidente de la Mancomunidad de Municipios de la Costa del Sol Occidental, ha recibido esta ma\u00f1ana la visita de Susana P\u00e9rez Custiodo, presidenta de la Mancomunidad de Municipios del Campo de Gibraltar. Carde\u00f1a ha se\u00f1alado que la reuni\u00f3n \u201cse enmarca en la tradicional buena relaci\u00f3n que existen [&hellip;]<\/p>\n","protected":false},"author":3,"featured_media":3442,"comment_status":"open","ping_status":"open","sticky":false,"template":"","format":"standard","meta":{"_monsterinsights_skip_tracking":false,"_monsterinsights_sitenote_active":false,"_monsterinsights_sitenote_note":"","_monsterinsights_sitenote_category":0,"footnotes":""},"categories":[1],"tags":[],"class_list":["post-3440","post","type-post","status-publish","format-standard","has-post-thumbnail","hentry","category-noticias"],"yoast_head":"<!-- This site is optimized with the Yoast SEO plugin v26.6 - https:\/\/yoast.com\/wordpress\/plugins\/seo\/ -->\n<title>Las mancomunidades de la Costa del Sol Occidental y Campo de Gibraltar a\u00fanan esfuerzos - Mancomunidad de Municipios<\/title>\n<meta name=\"robots\" content=\"index, follow, max-snippet:-1, max-image-preview:large, max-video-preview:-1\" \/>\n<link rel=\"canonical\" href=\"https:\/\/mancomunidad.org\/en\/las-mancomunidades-de-la-costa-del-sol-occidental-y-campo-de-gibraltar-aunan-esfuerzos\/\" \/>\n<meta property=\"og:locale\" content=\"en_US\" \/>\n<meta property=\"og:type\" content=\"article\" \/>\n<meta property=\"og:title\" content=\"Las mancomunidades de la Costa del Sol Occidental y Campo de Gibraltar a\u00fanan esfuerzos - Mancomunidad de Municipios\" \/>\n<meta property=\"og:description\" content=\"Marbella, 21 de mayor de 2024.- Manuel Carde\u00f1a, presidente de la Mancomunidad de Municipios de la Costa del Sol Occidental, ha recibido esta ma\u00f1ana la visita de Susana P\u00e9rez Custiodo, presidenta de la Mancomunidad de Municipios del Campo de Gibraltar. Carde\u00f1a ha se\u00f1alado que la reuni\u00f3n \u201cse enmarca en la tradicional buena relaci\u00f3n que existen [&hellip;]\" \/>\n<meta property=\"og:url\" content=\"https:\/\/mancomunidad.org\/en\/las-mancomunidades-de-la-costa-del-sol-occidental-y-campo-de-gibraltar-aunan-esfuerzos\/\" \/>\n<meta property=\"og:site_name\" content=\"Mancomunidad de Municipios\" \/>\n<meta property=\"article:publisher\" content=\"https:\/\/www.facebook.com\/mancomunidadcostasoloccidental\/\" \/>\n<meta property=\"article:published_time\" content=\"2024-05-21T10:50:32+00:00\" \/>\n<meta property=\"article:modified_time\" content=\"2024-05-21T10:51:38+00:00\" \/>\n<meta property=\"og:image\" content=\"https:\/\/mancomunidad.org\/wp-content\/uploads\/2024\/05\/fotonoticia.jpeg\" \/>\n\t<meta property=\"og:image:width\" content=\"1600\" \/>\n\t<meta property=\"og:image:height\" content=\"1066\" \/>\n\t<meta property=\"og:image:type\" content=\"image\/jpeg\" \/>\n<meta name=\"author\" content=\"Estefan\u00eda Torres S\u00e1nchez\" \/>\n<meta name=\"twitter:card\" content=\"summary_large_image\" \/>\n<meta name=\"twitter:creator\" content=\"@MancomunidadCSO\" \/>\n<meta name=\"twitter:site\" content=\"@MancomunidadCSO\" \/>\n<meta name=\"twitter:label1\" content=\"Written by\" \/>\n\t<meta name=\"twitter:data1\" content=\"Estefan\u00eda Torres S\u00e1nchez\" \/>\n\t<meta name=\"twitter:label2\" content=\"Est. reading time\" \/>\n\t<meta name=\"twitter:data2\" content=\"1 minute\" \/>\n<script type=\"application\/ld+json\" class=\"yoast-schema-graph\">{\"@context\":\"https:\/\/schema.org\",\"@graph\":[{\"@type\":\"Article\",\"@id\":\"https:\/\/mancomunidad.org\/en\/las-mancomunidades-de-la-costa-del-sol-occidental-y-campo-de-gibraltar-aunan-esfuerzos\/#article\",\"isPartOf\":{\"@id\":\"https:\/\/mancomunidad.org\/en\/las-mancomunidades-de-la-costa-del-sol-occidental-y-campo-de-gibraltar-aunan-esfuerzos\/\"},\"author\":{\"name\":\"Estefan\u00eda Torres S\u00e1nchez\",\"@id\":\"https:\/\/mancomunidad.org\/en\/#\/schema\/person\/a4db75a4b8ff63c82a7f736c72968aa4\"},\"headline\":\"Las mancomunidades de la Costa del Sol Occidental y Campo de Gibraltar a\u00fanan esfuerzos\",\"datePublished\":\"2024-05-21T10:50:32+00:00\",\"dateModified\":\"2024-05-21T10:51:38+00:00\",\"mainEntityOfPage\":{\"@id\":\"https:\/\/mancomunidad.org\/en\/las-mancomunidades-de-la-costa-del-sol-occidental-y-campo-de-gibraltar-aunan-esfuerzos\/\"},\"wordCount\":150,\"commentCount\":0,\"publisher\":{\"@id\":\"https:\/\/mancomunidad.org\/en\/#organization\"},\"image\":{\"@id\":\"https:\/\/mancomunidad.org\/en\/las-mancomunidades-de-la-costa-del-sol-occidental-y-campo-de-gibraltar-aunan-esfuerzos\/#primaryimage\"},\"thumbnailUrl\":\"https:\/\/mancomunidad.org\/wp-content\/uploads\/2024\/05\/fotonoticia.jpeg\",\"articleSection\":[\"Noticias\"],\"inLanguage\":\"en-US\",\"potentialAction\":[{\"@type\":\"CommentAction\",\"name\":\"Comment\",\"target\":[\"https:\/\/mancomunidad.org\/en\/las-mancomunidades-de-la-costa-del-sol-occidental-y-campo-de-gibraltar-aunan-esfuerzos\/#respond\"]}]},{\"@type\":\"WebPage\",\"@id\":\"https:\/\/mancomunidad.org\/en\/las-mancomunidades-de-la-costa-del-sol-occidental-y-campo-de-gibraltar-aunan-esfuerzos\/\",\"url\":\"https:\/\/mancomunidad.org\/en\/las-mancomunidades-de-la-costa-del-sol-occidental-y-campo-de-gibraltar-aunan-esfuerzos\/\",\"name\":\"Las mancomunidades de la Costa del Sol Occidental y Campo de Gibraltar a\u00fanan esfuerzos - Mancomunidad de Municipios\",\"isPartOf\":{\"@id\":\"https:\/\/mancomunidad.org\/en\/#website\"},\"primaryImageOfPage\":{\"@id\":\"https:\/\/mancomunidad.org\/en\/las-mancomunidades-de-la-costa-del-sol-occidental-y-campo-de-gibraltar-aunan-esfuerzos\/#primaryimage\"},\"image\":{\"@id\":\"https:\/\/mancomunidad.org\/en\/las-mancomunidades-de-la-costa-del-sol-occidental-y-campo-de-gibraltar-aunan-esfuerzos\/#primaryimage\"},\"thumbnailUrl\":\"https:\/\/mancomunidad.org\/wp-content\/uploads\/2024\/05\/fotonoticia.jpeg\",\"datePublished\":\"2024-05-21T10:50:32+00:00\",\"dateModified\":\"2024-05-21T10:51:38+00:00\",\"breadcrumb\":{\"@id\":\"https:\/\/mancomunidad.org\/en\/las-mancomunidades-de-la-costa-del-sol-occidental-y-campo-de-gibraltar-aunan-esfuerzos\/#breadcrumb\"},\"inLanguage\":\"en-US\",\"potentialAction\":[{\"@type\":\"ReadAction\",\"target\":[\"https:\/\/mancomunidad.org\/en\/las-mancomunidades-de-la-costa-del-sol-occidental-y-campo-de-gibraltar-aunan-esfuerzos\/\"]}]},{\"@type\":\"ImageObject\",\"inLanguage\":\"en-US\",\"@id\":\"https:\/\/mancomunidad.org\/en\/las-mancomunidades-de-la-costa-del-sol-occidental-y-campo-de-gibraltar-aunan-esfuerzos\/#primaryimage\",\"url\":\"https:\/\/mancomunidad.org\/wp-content\/uploads\/2024\/05\/fotonoticia.jpeg\",\"contentUrl\":\"https:\/\/mancomunidad.org\/wp-content\/uploads\/2024\/05\/fotonoticia.jpeg\",\"width\":1600,\"height\":1066},{\"@type\":\"BreadcrumbList\",\"@id\":\"https:\/\/mancomunidad.org\/en\/las-mancomunidades-de-la-costa-del-sol-occidental-y-campo-de-gibraltar-aunan-esfuerzos\/#breadcrumb\",\"itemListElement\":[{\"@type\":\"ListItem\",\"position\":1,\"name\":\"Inicio\",\"item\":\"https:\/\/mancomunidad.org\/en\/\"},{\"@type\":\"ListItem\",\"position\":2,\"name\":\"Las mancomunidades de la Costa del Sol Occidental y Campo de Gibraltar a\u00fanan esfuerzos\"}]},{\"@type\":\"WebSite\",\"@id\":\"https:\/\/mancomunidad.org\/en\/#website\",\"url\":\"https:\/\/mancomunidad.org\/en\/\",\"name\":\"Mancomunidad de Municipios\",\"description\":\"Costa del Sol Occidental\",\"publisher\":{\"@id\":\"https:\/\/mancomunidad.org\/en\/#organization\"},\"potentialAction\":[{\"@type\":\"SearchAction\",\"target\":{\"@type\":\"EntryPoint\",\"urlTemplate\":\"https:\/\/mancomunidad.org\/en\/?s={search_term_string}\"},\"query-input\":{\"@type\":\"PropertyValueSpecification\",\"valueRequired\":true,\"valueName\":\"search_term_string\"}}],\"inLanguage\":\"en-US\"},{\"@type\":\"Organization\",\"@id\":\"https:\/\/mancomunidad.org\/en\/#organization\",\"name\":\"Costa del Sol occidental\",\"url\":\"https:\/\/mancomunidad.org\/en\/\",\"logo\":{\"@type\":\"ImageObject\",\"inLanguage\":\"en-US\",\"@id\":\"https:\/\/mancomunidad.org\/en\/#\/schema\/logo\/image\/\",\"url\":\"https:\/\/mancomunidad.org\/wp-content\/uploads\/2024\/01\/logo_footer.png\",\"contentUrl\":\"https:\/\/mancomunidad.org\/wp-content\/uploads\/2024\/01\/logo_footer.png\",\"width\":201,\"height\":61,\"caption\":\"Costa del Sol occidental\"},\"image\":{\"@id\":\"https:\/\/mancomunidad.org\/en\/#\/schema\/logo\/image\/\"},\"sameAs\":[\"https:\/\/www.facebook.com\/mancomunidadcostasoloccidental\/\",\"https:\/\/x.com\/MancomunidadCSO\",\"https:\/\/www.instagram.com\/mancomunidadmunicipioscso\/\"]},{\"@type\":\"Person\",\"@id\":\"https:\/\/mancomunidad.org\/en\/#\/schema\/person\/a4db75a4b8ff63c82a7f736c72968aa4\",\"name\":\"Estefan\u00eda Torres S\u00e1nchez\"}]}<\/script>\n<!-- \/ Yoast SEO plugin. -->","yoast_head_json":{"title":"Las mancomunidades de la Costa del Sol Occidental y Campo de Gibraltar a\u00fanan esfuerzos - Mancomunidad de Municipios","robots":{"index":"index","follow":"follow","max-snippet":"max-snippet:-1","max-image-preview":"max-image-preview:large","max-video-preview":"max-video-preview:-1"},"canonical":"https:\/\/mancomunidad.org\/en\/las-mancomunidades-de-la-costa-del-sol-occidental-y-campo-de-gibraltar-aunan-esfuerzos\/","og_locale":"en_US","og_type":"article","og_title":"Las mancomunidades de la Costa del Sol Occidental y Campo de Gibraltar a\u00fanan esfuerzos - Mancomunidad de Municipios","og_description":"Marbella, 21 de mayor de 2024.- Manuel Carde\u00f1a, presidente de la Mancomunidad de Municipios de la Costa del Sol Occidental, ha recibido esta ma\u00f1ana la visita de Susana P\u00e9rez Custiodo, presidenta de la Mancomunidad de Municipios del Campo de Gibraltar. Carde\u00f1a ha se\u00f1alado que la reuni\u00f3n \u201cse enmarca en la tradicional buena relaci\u00f3n que existen [&hellip;]","og_url":"https:\/\/mancomunidad.org\/en\/las-mancomunidades-de-la-costa-del-sol-occidental-y-campo-de-gibraltar-aunan-esfuerzos\/","og_site_name":"Mancomunidad de Municipios","article_publisher":"https:\/\/www.facebook.com\/mancomunidadcostasoloccidental\/","article_published_time":"2024-05-21T10:50:32+00:00","article_modified_time":"2024-05-21T10:51:38+00:00","og_image":[{"width":1600,"height":1066,"url":"https:\/\/mancomunidad.org\/wp-content\/uploads\/2024\/05\/fotonoticia.jpeg","type":"image\/jpeg"}],"author":"Estefan\u00eda Torres S\u00e1nchez","twitter_card":"summary_large_image","twitter_creator":"@MancomunidadCSO","twitter_site":"@MancomunidadCSO","twitter_misc":{"Written by":"Estefan\u00eda Torres S\u00e1nchez","Est. reading time":"1 minute"},"schema":{"@context":"https:\/\/schema.org","@graph":[{"@type":"Article","@id":"https:\/\/mancomunidad.org\/en\/las-mancomunidades-de-la-costa-del-sol-occidental-y-campo-de-gibraltar-aunan-esfuerzos\/#article","isPartOf":{"@id":"https:\/\/mancomunidad.org\/en\/las-mancomunidades-de-la-costa-del-sol-occidental-y-campo-de-gibraltar-aunan-esfuerzos\/"},"author":{"name":"Estefan\u00eda Torres S\u00e1nchez","@id":"https:\/\/mancomunidad.org\/en\/#\/schema\/person\/a4db75a4b8ff63c82a7f736c72968aa4"},"headline":"Las mancomunidades de la Costa del Sol Occidental y Campo de Gibraltar a\u00fanan esfuerzos","datePublished":"2024-05-21T10:50:32+00:00","dateModified":"2024-05-21T10:51:38+00:00","mainEntityOfPage":{"@id":"https:\/\/mancomunidad.org\/en\/las-mancomunidades-de-la-costa-del-sol-occidental-y-campo-de-gibraltar-aunan-esfuerzos\/"},"wordCount":150,"commentCount":0,"publisher":{"@id":"https:\/\/mancomunidad.org\/en\/#organization"},"image":{"@id":"https:\/\/mancomunidad.org\/en\/las-mancomunidades-de-la-costa-del-sol-occidental-y-campo-de-gibraltar-aunan-esfuerzos\/#primaryimage"},"thumbnailUrl":"https:\/\/mancomunidad.org\/wp-content\/uploads\/2024\/05\/fotonoticia.jpeg","articleSection":["Noticias"],"inLanguage":"en-US","potentialAction":[{"@type":"CommentAction","name":"Comment","target":["https:\/\/mancomunidad.org\/en\/las-mancomunidades-de-la-costa-del-sol-occidental-y-campo-de-gibraltar-aunan-esfuerzos\/#respond"]}]},{"@type":"WebPage","@id":"https:\/\/mancomunidad.org\/en\/las-mancomunidades-de-la-costa-del-sol-occidental-y-campo-de-gibraltar-aunan-esfuerzos\/","url":"https:\/\/mancomunidad.org\/en\/las-mancomunidades-de-la-costa-del-sol-occidental-y-campo-de-gibraltar-aunan-esfuerzos\/","name":"Las mancomunidades de la Costa del Sol Occidental y Campo de Gibraltar a\u00fanan esfuerzos - Mancomunidad de Municipios","isPartOf":{"@id":"https:\/\/mancomunidad.org\/en\/#website"},"primaryImageOfPage":{"@id":"https:\/\/mancomunidad.org\/en\/las-mancomunidades-de-la-costa-del-sol-occidental-y-campo-de-gibraltar-aunan-esfuerzos\/#primaryimage"},"image":{"@id":"https:\/\/mancomunidad.org\/en\/las-mancomunidades-de-la-costa-del-sol-occidental-y-campo-de-gibraltar-aunan-esfuerzos\/#primaryimage"},"thumbnailUrl":"https:\/\/mancomunidad.org\/wp-content\/uploads\/2024\/05\/fotonoticia.jpeg","datePublished":"2024-05-21T10:50:32+00:00","dateModified":"2024-05-21T10:51:38+00:00","breadcrumb":{"@id":"https:\/\/mancomunidad.org\/en\/las-mancomunidades-de-la-costa-del-sol-occidental-y-campo-de-gibraltar-aunan-esfuerzos\/#breadcrumb"},"inLanguage":"en-US","potentialAction":[{"@type":"ReadAction","target":["https:\/\/mancomunidad.org\/en\/las-mancomunidades-de-la-costa-del-sol-occidental-y-campo-de-gibraltar-aunan-esfuerzos\/"]}]},{"@type":"ImageObject","inLanguage":"en-US","@id":"https:\/\/mancomunidad.org\/en\/las-mancomunidades-de-la-costa-del-sol-occidental-y-campo-de-gibraltar-aunan-esfuerzos\/#primaryimage","url":"https:\/\/mancomunidad.org\/wp-content\/uploads\/2024\/05\/fotonoticia.jpeg","contentUrl":"https:\/\/mancomunidad.org\/wp-content\/uploads\/2024\/05\/fotonoticia.jpeg","width":1600,"height":1066},{"@type":"BreadcrumbList","@id":"https:\/\/mancomunidad.org\/en\/las-mancomunidades-de-la-costa-del-sol-occidental-y-campo-de-gibraltar-aunan-esfuerzos\/#breadcrumb","itemListElement":[{"@type":"ListItem","position":1,"name":"Inicio","item":"https:\/\/mancomunidad.org\/en\/"},{"@type":"ListItem","position":2,"name":"Las mancomunidades de la Costa del Sol Occidental y Campo de Gibraltar a\u00fanan esfuerzos"}]},{"@type":"WebSite","@id":"https:\/\/mancomunidad.org\/en\/#website","url":"https:\/\/mancomunidad.org\/en\/","name":"Mancomunidad de Municipios","description":"Costa del Sol Occidental","publisher":{"@id":"https:\/\/mancomunidad.org\/en\/#organization"},"potentialAction":[{"@type":"SearchAction","target":{"@type":"EntryPoint","urlTemplate":"https:\/\/mancomunidad.org\/en\/?s={search_term_string}"},"query-input":{"@type":"PropertyValueSpecification","valueRequired":true,"valueName":"search_term_string"}}],"inLanguage":"en-US"},{"@type":"Organization","@id":"https:\/\/mancomunidad.org\/en\/#organization","name":"Costa del Sol occidental","url":"https:\/\/mancomunidad.org\/en\/","logo":{"@type":"ImageObject","inLanguage":"en-US","@id":"https:\/\/mancomunidad.org\/en\/#\/schema\/logo\/image\/","url":"https:\/\/mancomunidad.org\/wp-content\/uploads\/2024\/01\/logo_footer.png","contentUrl":"https:\/\/mancomunidad.org\/wp-content\/uploads\/2024\/01\/logo_footer.png","width":201,"height":61,"caption":"Costa del Sol occidental"},"image":{"@id":"https:\/\/mancomunidad.org\/en\/#\/schema\/logo\/image\/"},"sameAs":["https:\/\/www.facebook.com\/mancomunidadcostasoloccidental\/","https:\/\/x.com\/MancomunidadCSO","https:\/\/www.instagram.com\/mancomunidadmunicipioscso\/"]},{"@type":"Person","@id":"https:\/\/mancomunidad.org\/en\/#\/schema\/person\/a4db75a4b8ff63c82a7f736c72968aa4","name":"Estefan\u00eda Torres S\u00e1nchez"}]}},"_links":{"self":[{"href":"https:\/\/mancomunidad.org\/en\/wp-json\/wp\/v2\/posts\/3440","targetHints":{"allow":["GET"]}}],"collection":[{"href":"https:\/\/mancomunidad.org\/en\/wp-json\/wp\/v2\/posts"}],"about":[{"href":"https:\/\/mancomunidad.org\/en\/wp-json\/wp\/v2\/types\/post"}],"author":[{"embeddable":true,"href":"https:\/\/mancomunidad.org\/en\/wp-json\/wp\/v2\/users\/3"}],"replies":[{"embeddable":true,"href":"https:\/\/mancomunidad.org\/en\/wp-json\/wp\/v2\/comments?post=3440"}],"version-history":[{"count":1,"href":"https:\/\/mancomunidad.org\/en\/wp-json\/wp\/v2\/posts\/3440\/revisions"}],"predecessor-version":[{"id":3441,"href":"https:\/\/mancomunidad.org\/en\/wp-json\/wp\/v2\/posts\/3440\/revisions\/3441"}],"wp:featuredmedia":[{"embeddable":true,"href":"https:\/\/mancomunidad.org\/en\/wp-json\/wp\/v2\/media\/3442"}],"wp:attachment":[{"href":"https:\/\/mancomunidad.org\/en\/wp-json\/wp\/v2\/media?parent=3440"}],"wp:term":[{"taxonomy":"category","embeddable":true,"href":"https:\/\/mancomunidad.org\/en\/wp-json\/wp\/v2\/categories?post=3440"},{"taxonomy":"post_tag","embeddable":true,"href":"https:\/\/mancomunidad.org\/en\/wp-json\/wp\/v2\/tags?post=3440"}],"curies":[{"name":"wp","href":"https:\/\/api.w.org\/{rel}","templated":true}]}}