{"id":3247,"date":"2024-05-08T13:16:59","date_gmt":"2024-05-08T11:16:59","guid":{"rendered":"https:\/\/mancomunidad.org\/?p=3247"},"modified":"2024-05-08T13:17:01","modified_gmt":"2024-05-08T11:17:01","slug":"la-mancomunidad-recibe-el-primer-pago-de-los-fondos-feder-para-eficiencia-energetica","status":"publish","type":"post","link":"https:\/\/mancomunidad.org\/en\/la-mancomunidad-recibe-el-primer-pago-de-los-fondos-feder-para-eficiencia-energetica\/","title":{"rendered":"La Mancomunidad recibe el primer pago de los fondos FEDER para eficiencia energ\u00e9tica"},"content":{"rendered":"\n<ul class=\"wp-block-list\">\n<li><strong>La subvenci\u00f3n total ser\u00e1 de m\u00e1s de cuatro millones de euros<\/strong><\/li>\n<\/ul>\n\n\n\n<p><strong>Marbella, 8 de mayo de 2024.\u2014 <\/strong>La Mancomunidad de Municipios de la Costa del Sol Occidental ha recibido de los fondos europeos FEDER la cantidad de 1.964.683,77 euros en concepto de \u201cprimer pago\u201d de una subvenci\u00f3n total de 4.276.264,99 euros que se han destinado a eficiencia energ\u00e9tica en todas las estaciones depuradoras.<\/p>\n\n\n\n<p>Con estas actuaciones la empresa p\u00fablica Acosol, dependiente de la Mancomunidad, est\u00e1 consiguiendo un ahorro energ\u00e9tico de m\u00e1s del 46,53%. Entre los proyectos, ya todos ejecutados y en funcionamiento, suman una inversi\u00f3n que se acerca a los 20 millones de euros, cofinanciado entre Acosol y las l\u00edneas de subvenciones del IDAE y de la Agencia Andaluza de la Energ\u00eda. Dicha inversi\u00f3n est\u00e1 permitiendo que, adem\u00e1s de funcionar de una manera m\u00e1s eficiente, reduciendo consumo energ\u00e9tico y econ\u00f3mico, se reduzca el impacto en el medio ambiente evitando la emisi\u00f3n de m\u00e1s de 7.000 toneladas de CO<sup>2<\/sup> a la atm\u00f3sfera.<\/p>\n\n\n\n<p>Manuel Carde\u00f1a, presidente de la Mancomunidad y de Acosol, ha se\u00f1alado que \u201cestas actuaciones forman parte del compromiso de la empresa p\u00fablica del agua y de la propia Mancomunidad para ser m\u00e1s eficientes y reducir la huella de carbono. Son actuaciones de calado que nos est\u00e1 permitiendo funcionar mejor y adem\u00e1s ahorrar no solo en la factura de la luz, lo cual es bastante importante, sino que tambi\u00e9n estamos reduciendo el consumo y las emisiones de CO<sup>2<\/sup> a la atm\u00f3sfera\u201d.<\/p>\n\n\n\n<p>En total se trata de diez proyectos de eficiencia energ\u00e9tica desarrollados en varias de las plantas depuradoras gestionadas por Acosol que tienen que ver con el sistema de automatizaci\u00f3n y control de depuradora, as\u00ed como la instalaci\u00f3n de placas fotovoltaicas en las depuradoras de Fuengirola, Arroyo de la Miel, Marbella y Estepona, o la mejora del sistema de aireaci\u00f3n de reactores biol\u00f3gicos en Fuengirola y Marbella.<\/p>\n\n\n\n<p>Otro de los proyectos es la cogeneraci\u00f3n, con la que se pretende la producci\u00f3n de energ\u00eda el\u00e9ctrica mediante un motor de combusti\u00f3n interna o una micro turbina que se alimenta con biog\u00e1s producido por la propia depuradora. En ambos casos el funcionamiento del sistema es capaz de generar energ\u00eda el\u00e9ctrica y de este modo se estar\u00eda empleando un residuo como una fuente de producci\u00f3n de energ\u00eda el\u00e9ctrica y calor. Las depuradoras donde se ha implantado este sistema son las de Arroyo de la Miel, Fuengirola, Marbella y Estepona. Esto supone una inversi\u00f3n total de 6.083.440\u20ac.<\/p>\n\n\n\n<p>En suma, todas las actuaciones suponen una inversi\u00f3n global de 19.990.564\u20ac, generando un ahorro energ\u00e9tico del 46,53% y econ\u00f3mico de 3.606.025\u20ac. Adem\u00e1s, se evita emitir a la atm\u00f3sfera 7.242 toneladas de CO<sup>2<\/sup>.<\/p>\n\n\n\n<p>Para Mar\u00eda Heredia, delegada de la Oficina T\u00e9cnica de la Mancomunidad, departamento que ha desarrollado los proyectos y la l\u00ednea de subvenciones, \u201cestas actuaciones son un aliciente para nosotros, ya que brindan una fuente de energ\u00eda limpia, renovable y ecol\u00f3gica, ofreciendo numerosas ventajas tambi\u00e9n a nivel econ\u00f3mico\u201d. Asimismo, ha querido resaltar que \u201cgracias a todas estas inversiones en las distintas instalaciones en las que se han llevado a cabo, podemos brindar a los ciudadanos numerosas mejoras medioambientales y en su calidad de vida, siendo una herramienta m\u00e1s en la lucha contra el cambio clim\u00e1tico porque la generaci\u00f3n de electricidad mediante las placas solares no produce emisiones de CO<sup>2<\/sup> ni otros gases contaminantes\u201d.<\/p>\n","protected":false},"excerpt":{"rendered":"<p>Marbella, 8 de mayo de 2024.\u2014 La Mancomunidad de Municipios de la Costa del Sol Occidental ha recibido de los fondos europeos FEDER la cantidad de 1.964.683,77 euros en concepto de \u201cprimer pago\u201d de una subvenci\u00f3n total de 4.276.264,99 euros que se han destinado a eficiencia energ\u00e9tica en todas las estaciones depuradoras. Con estas actuaciones [&hellip;]<\/p>\n","protected":false},"author":3,"featured_media":3248,"comment_status":"open","ping_status":"open","sticky":false,"template":"","format":"standard","meta":{"_monsterinsights_skip_tracking":false,"_monsterinsights_sitenote_active":false,"_monsterinsights_sitenote_note":"","_monsterinsights_sitenote_category":0,"footnotes":""},"categories":[1],"tags":[],"class_list":["post-3247","post","type-post","status-publish","format-standard","has-post-thumbnail","hentry","category-noticias"],"yoast_head":"<!-- This site is optimized with the Yoast SEO plugin v26.6 - https:\/\/yoast.com\/wordpress\/plugins\/seo\/ -->\n<title>La Mancomunidad recibe el primer pago de los fondos FEDER para eficiencia energ\u00e9tica - Mancomunidad de Municipios<\/title>\n<meta name=\"robots\" content=\"index, follow, max-snippet:-1, max-image-preview:large, max-video-preview:-1\" \/>\n<link rel=\"canonical\" href=\"https:\/\/mancomunidad.org\/en\/la-mancomunidad-recibe-el-primer-pago-de-los-fondos-feder-para-eficiencia-energetica\/\" \/>\n<meta property=\"og:locale\" content=\"en_US\" \/>\n<meta property=\"og:type\" content=\"article\" \/>\n<meta property=\"og:title\" content=\"La Mancomunidad recibe el primer pago de los fondos FEDER para eficiencia energ\u00e9tica - Mancomunidad de Municipios\" \/>\n<meta property=\"og:description\" content=\"Marbella, 8 de mayo de 2024.\u2014 La Mancomunidad de Municipios de la Costa del Sol Occidental ha recibido de los fondos europeos FEDER la cantidad de 1.964.683,77 euros en concepto de \u201cprimer pago\u201d de una subvenci\u00f3n total de 4.276.264,99 euros que se han destinado a eficiencia energ\u00e9tica en todas las estaciones depuradoras. Con estas actuaciones [&hellip;]\" \/>\n<meta property=\"og:url\" content=\"https:\/\/mancomunidad.org\/en\/la-mancomunidad-recibe-el-primer-pago-de-los-fondos-feder-para-eficiencia-energetica\/\" \/>\n<meta property=\"og:site_name\" content=\"Mancomunidad de Municipios\" \/>\n<meta property=\"article:publisher\" content=\"https:\/\/www.facebook.com\/mancomunidadcostasoloccidental\/\" \/>\n<meta property=\"article:published_time\" content=\"2024-05-08T11:16:59+00:00\" \/>\n<meta property=\"article:modified_time\" content=\"2024-05-08T11:17:01+00:00\" \/>\n<meta property=\"og:image\" content=\"https:\/\/mancomunidad.org\/wp-content\/uploads\/2024\/05\/NP-fondos-FEDER.jpeg\" \/>\n\t<meta property=\"og:image:width\" content=\"1280\" \/>\n\t<meta property=\"og:image:height\" content=\"849\" \/>\n\t<meta property=\"og:image:type\" content=\"image\/jpeg\" \/>\n<meta name=\"author\" content=\"Estefan\u00eda Torres S\u00e1nchez\" \/>\n<meta name=\"twitter:card\" content=\"summary_large_image\" \/>\n<meta name=\"twitter:creator\" content=\"@MancomunidadCSO\" \/>\n<meta name=\"twitter:site\" content=\"@MancomunidadCSO\" \/>\n<meta name=\"twitter:label1\" content=\"Written by\" \/>\n\t<meta name=\"twitter:data1\" content=\"Estefan\u00eda Torres S\u00e1nchez\" \/>\n\t<meta name=\"twitter:label2\" content=\"Est. reading time\" \/>\n\t<meta name=\"twitter:data2\" content=\"3 minutes\" \/>\n<script type=\"application\/ld+json\" class=\"yoast-schema-graph\">{\"@context\":\"https:\/\/schema.org\",\"@graph\":[{\"@type\":\"Article\",\"@id\":\"https:\/\/mancomunidad.org\/en\/la-mancomunidad-recibe-el-primer-pago-de-los-fondos-feder-para-eficiencia-energetica\/#article\",\"isPartOf\":{\"@id\":\"https:\/\/mancomunidad.org\/en\/la-mancomunidad-recibe-el-primer-pago-de-los-fondos-feder-para-eficiencia-energetica\/\"},\"author\":{\"name\":\"Estefan\u00eda Torres S\u00e1nchez\",\"@id\":\"https:\/\/mancomunidad.org\/en\/#\/schema\/person\/a4db75a4b8ff63c82a7f736c72968aa4\"},\"headline\":\"La Mancomunidad recibe el primer pago de los fondos FEDER para eficiencia energ\u00e9tica\",\"datePublished\":\"2024-05-08T11:16:59+00:00\",\"dateModified\":\"2024-05-08T11:17:01+00:00\",\"mainEntityOfPage\":{\"@id\":\"https:\/\/mancomunidad.org\/en\/la-mancomunidad-recibe-el-primer-pago-de-los-fondos-feder-para-eficiencia-energetica\/\"},\"wordCount\":606,\"commentCount\":0,\"publisher\":{\"@id\":\"https:\/\/mancomunidad.org\/en\/#organization\"},\"image\":{\"@id\":\"https:\/\/mancomunidad.org\/en\/la-mancomunidad-recibe-el-primer-pago-de-los-fondos-feder-para-eficiencia-energetica\/#primaryimage\"},\"thumbnailUrl\":\"https:\/\/mancomunidad.org\/wp-content\/uploads\/2024\/05\/NP-fondos-FEDER.jpeg\",\"articleSection\":[\"Noticias\"],\"inLanguage\":\"en-US\",\"potentialAction\":[{\"@type\":\"CommentAction\",\"name\":\"Comment\",\"target\":[\"https:\/\/mancomunidad.org\/en\/la-mancomunidad-recibe-el-primer-pago-de-los-fondos-feder-para-eficiencia-energetica\/#respond\"]}]},{\"@type\":\"WebPage\",\"@id\":\"https:\/\/mancomunidad.org\/en\/la-mancomunidad-recibe-el-primer-pago-de-los-fondos-feder-para-eficiencia-energetica\/\",\"url\":\"https:\/\/mancomunidad.org\/en\/la-mancomunidad-recibe-el-primer-pago-de-los-fondos-feder-para-eficiencia-energetica\/\",\"name\":\"La Mancomunidad recibe el primer pago de los fondos FEDER para eficiencia energ\u00e9tica - Mancomunidad de Municipios\",\"isPartOf\":{\"@id\":\"https:\/\/mancomunidad.org\/en\/#website\"},\"primaryImageOfPage\":{\"@id\":\"https:\/\/mancomunidad.org\/en\/la-mancomunidad-recibe-el-primer-pago-de-los-fondos-feder-para-eficiencia-energetica\/#primaryimage\"},\"image\":{\"@id\":\"https:\/\/mancomunidad.org\/en\/la-mancomunidad-recibe-el-primer-pago-de-los-fondos-feder-para-eficiencia-energetica\/#primaryimage\"},\"thumbnailUrl\":\"https:\/\/mancomunidad.org\/wp-content\/uploads\/2024\/05\/NP-fondos-FEDER.jpeg\",\"datePublished\":\"2024-05-08T11:16:59+00:00\",\"dateModified\":\"2024-05-08T11:17:01+00:00\",\"breadcrumb\":{\"@id\":\"https:\/\/mancomunidad.org\/en\/la-mancomunidad-recibe-el-primer-pago-de-los-fondos-feder-para-eficiencia-energetica\/#breadcrumb\"},\"inLanguage\":\"en-US\",\"potentialAction\":[{\"@type\":\"ReadAction\",\"target\":[\"https:\/\/mancomunidad.org\/en\/la-mancomunidad-recibe-el-primer-pago-de-los-fondos-feder-para-eficiencia-energetica\/\"]}]},{\"@type\":\"ImageObject\",\"inLanguage\":\"en-US\",\"@id\":\"https:\/\/mancomunidad.org\/en\/la-mancomunidad-recibe-el-primer-pago-de-los-fondos-feder-para-eficiencia-energetica\/#primaryimage\",\"url\":\"https:\/\/mancomunidad.org\/wp-content\/uploads\/2024\/05\/NP-fondos-FEDER.jpeg\",\"contentUrl\":\"https:\/\/mancomunidad.org\/wp-content\/uploads\/2024\/05\/NP-fondos-FEDER.jpeg\",\"width\":1280,\"height\":849},{\"@type\":\"BreadcrumbList\",\"@id\":\"https:\/\/mancomunidad.org\/en\/la-mancomunidad-recibe-el-primer-pago-de-los-fondos-feder-para-eficiencia-energetica\/#breadcrumb\",\"itemListElement\":[{\"@type\":\"ListItem\",\"position\":1,\"name\":\"Inicio\",\"item\":\"https:\/\/mancomunidad.org\/en\/\"},{\"@type\":\"ListItem\",\"position\":2,\"name\":\"La Mancomunidad recibe el primer pago de los fondos FEDER para eficiencia energ\u00e9tica\"}]},{\"@type\":\"WebSite\",\"@id\":\"https:\/\/mancomunidad.org\/en\/#website\",\"url\":\"https:\/\/mancomunidad.org\/en\/\",\"name\":\"Mancomunidad de Municipios\",\"description\":\"Costa del Sol Occidental\",\"publisher\":{\"@id\":\"https:\/\/mancomunidad.org\/en\/#organization\"},\"potentialAction\":[{\"@type\":\"SearchAction\",\"target\":{\"@type\":\"EntryPoint\",\"urlTemplate\":\"https:\/\/mancomunidad.org\/en\/?s={search_term_string}\"},\"query-input\":{\"@type\":\"PropertyValueSpecification\",\"valueRequired\":true,\"valueName\":\"search_term_string\"}}],\"inLanguage\":\"en-US\"},{\"@type\":\"Organization\",\"@id\":\"https:\/\/mancomunidad.org\/en\/#organization\",\"name\":\"Costa del Sol occidental\",\"url\":\"https:\/\/mancomunidad.org\/en\/\",\"logo\":{\"@type\":\"ImageObject\",\"inLanguage\":\"en-US\",\"@id\":\"https:\/\/mancomunidad.org\/en\/#\/schema\/logo\/image\/\",\"url\":\"https:\/\/mancomunidad.org\/wp-content\/uploads\/2024\/01\/logo_footer.png\",\"contentUrl\":\"https:\/\/mancomunidad.org\/wp-content\/uploads\/2024\/01\/logo_footer.png\",\"width\":201,\"height\":61,\"caption\":\"Costa del Sol occidental\"},\"image\":{\"@id\":\"https:\/\/mancomunidad.org\/en\/#\/schema\/logo\/image\/\"},\"sameAs\":[\"https:\/\/www.facebook.com\/mancomunidadcostasoloccidental\/\",\"https:\/\/x.com\/MancomunidadCSO\",\"https:\/\/www.instagram.com\/mancomunidadmunicipioscso\/\"]},{\"@type\":\"Person\",\"@id\":\"https:\/\/mancomunidad.org\/en\/#\/schema\/person\/a4db75a4b8ff63c82a7f736c72968aa4\",\"name\":\"Estefan\u00eda Torres S\u00e1nchez\"}]}<\/script>\n<!-- \/ Yoast SEO plugin. -->","yoast_head_json":{"title":"La Mancomunidad recibe el primer pago de los fondos FEDER para eficiencia energ\u00e9tica - Mancomunidad de Municipios","robots":{"index":"index","follow":"follow","max-snippet":"max-snippet:-1","max-image-preview":"max-image-preview:large","max-video-preview":"max-video-preview:-1"},"canonical":"https:\/\/mancomunidad.org\/en\/la-mancomunidad-recibe-el-primer-pago-de-los-fondos-feder-para-eficiencia-energetica\/","og_locale":"en_US","og_type":"article","og_title":"La Mancomunidad recibe el primer pago de los fondos FEDER para eficiencia energ\u00e9tica - Mancomunidad de Municipios","og_description":"Marbella, 8 de mayo de 2024.\u2014 La Mancomunidad de Municipios de la Costa del Sol Occidental ha recibido de los fondos europeos FEDER la cantidad de 1.964.683,77 euros en concepto de \u201cprimer pago\u201d de una subvenci\u00f3n total de 4.276.264,99 euros que se han destinado a eficiencia energ\u00e9tica en todas las estaciones depuradoras. Con estas actuaciones [&hellip;]","og_url":"https:\/\/mancomunidad.org\/en\/la-mancomunidad-recibe-el-primer-pago-de-los-fondos-feder-para-eficiencia-energetica\/","og_site_name":"Mancomunidad de Municipios","article_publisher":"https:\/\/www.facebook.com\/mancomunidadcostasoloccidental\/","article_published_time":"2024-05-08T11:16:59+00:00","article_modified_time":"2024-05-08T11:17:01+00:00","og_image":[{"width":1280,"height":849,"url":"https:\/\/mancomunidad.org\/wp-content\/uploads\/2024\/05\/NP-fondos-FEDER.jpeg","type":"image\/jpeg"}],"author":"Estefan\u00eda Torres S\u00e1nchez","twitter_card":"summary_large_image","twitter_creator":"@MancomunidadCSO","twitter_site":"@MancomunidadCSO","twitter_misc":{"Written by":"Estefan\u00eda Torres S\u00e1nchez","Est. reading time":"3 minutes"},"schema":{"@context":"https:\/\/schema.org","@graph":[{"@type":"Article","@id":"https:\/\/mancomunidad.org\/en\/la-mancomunidad-recibe-el-primer-pago-de-los-fondos-feder-para-eficiencia-energetica\/#article","isPartOf":{"@id":"https:\/\/mancomunidad.org\/en\/la-mancomunidad-recibe-el-primer-pago-de-los-fondos-feder-para-eficiencia-energetica\/"},"author":{"name":"Estefan\u00eda Torres S\u00e1nchez","@id":"https:\/\/mancomunidad.org\/en\/#\/schema\/person\/a4db75a4b8ff63c82a7f736c72968aa4"},"headline":"La Mancomunidad recibe el primer pago de los fondos FEDER para eficiencia energ\u00e9tica","datePublished":"2024-05-08T11:16:59+00:00","dateModified":"2024-05-08T11:17:01+00:00","mainEntityOfPage":{"@id":"https:\/\/mancomunidad.org\/en\/la-mancomunidad-recibe-el-primer-pago-de-los-fondos-feder-para-eficiencia-energetica\/"},"wordCount":606,"commentCount":0,"publisher":{"@id":"https:\/\/mancomunidad.org\/en\/#organization"},"image":{"@id":"https:\/\/mancomunidad.org\/en\/la-mancomunidad-recibe-el-primer-pago-de-los-fondos-feder-para-eficiencia-energetica\/#primaryimage"},"thumbnailUrl":"https:\/\/mancomunidad.org\/wp-content\/uploads\/2024\/05\/NP-fondos-FEDER.jpeg","articleSection":["Noticias"],"inLanguage":"en-US","potentialAction":[{"@type":"CommentAction","name":"Comment","target":["https:\/\/mancomunidad.org\/en\/la-mancomunidad-recibe-el-primer-pago-de-los-fondos-feder-para-eficiencia-energetica\/#respond"]}]},{"@type":"WebPage","@id":"https:\/\/mancomunidad.org\/en\/la-mancomunidad-recibe-el-primer-pago-de-los-fondos-feder-para-eficiencia-energetica\/","url":"https:\/\/mancomunidad.org\/en\/la-mancomunidad-recibe-el-primer-pago-de-los-fondos-feder-para-eficiencia-energetica\/","name":"La Mancomunidad recibe el primer pago de los fondos FEDER para eficiencia energ\u00e9tica - Mancomunidad de Municipios","isPartOf":{"@id":"https:\/\/mancomunidad.org\/en\/#website"},"primaryImageOfPage":{"@id":"https:\/\/mancomunidad.org\/en\/la-mancomunidad-recibe-el-primer-pago-de-los-fondos-feder-para-eficiencia-energetica\/#primaryimage"},"image":{"@id":"https:\/\/mancomunidad.org\/en\/la-mancomunidad-recibe-el-primer-pago-de-los-fondos-feder-para-eficiencia-energetica\/#primaryimage"},"thumbnailUrl":"https:\/\/mancomunidad.org\/wp-content\/uploads\/2024\/05\/NP-fondos-FEDER.jpeg","datePublished":"2024-05-08T11:16:59+00:00","dateModified":"2024-05-08T11:17:01+00:00","breadcrumb":{"@id":"https:\/\/mancomunidad.org\/en\/la-mancomunidad-recibe-el-primer-pago-de-los-fondos-feder-para-eficiencia-energetica\/#breadcrumb"},"inLanguage":"en-US","potentialAction":[{"@type":"ReadAction","target":["https:\/\/mancomunidad.org\/en\/la-mancomunidad-recibe-el-primer-pago-de-los-fondos-feder-para-eficiencia-energetica\/"]}]},{"@type":"ImageObject","inLanguage":"en-US","@id":"https:\/\/mancomunidad.org\/en\/la-mancomunidad-recibe-el-primer-pago-de-los-fondos-feder-para-eficiencia-energetica\/#primaryimage","url":"https:\/\/mancomunidad.org\/wp-content\/uploads\/2024\/05\/NP-fondos-FEDER.jpeg","contentUrl":"https:\/\/mancomunidad.org\/wp-content\/uploads\/2024\/05\/NP-fondos-FEDER.jpeg","width":1280,"height":849},{"@type":"BreadcrumbList","@id":"https:\/\/mancomunidad.org\/en\/la-mancomunidad-recibe-el-primer-pago-de-los-fondos-feder-para-eficiencia-energetica\/#breadcrumb","itemListElement":[{"@type":"ListItem","position":1,"name":"Inicio","item":"https:\/\/mancomunidad.org\/en\/"},{"@type":"ListItem","position":2,"name":"La Mancomunidad recibe el primer pago de los fondos FEDER para eficiencia energ\u00e9tica"}]},{"@type":"WebSite","@id":"https:\/\/mancomunidad.org\/en\/#website","url":"https:\/\/mancomunidad.org\/en\/","name":"Mancomunidad de Municipios","description":"Costa del Sol Occidental","publisher":{"@id":"https:\/\/mancomunidad.org\/en\/#organization"},"potentialAction":[{"@type":"SearchAction","target":{"@type":"EntryPoint","urlTemplate":"https:\/\/mancomunidad.org\/en\/?s={search_term_string}"},"query-input":{"@type":"PropertyValueSpecification","valueRequired":true,"valueName":"search_term_string"}}],"inLanguage":"en-US"},{"@type":"Organization","@id":"https:\/\/mancomunidad.org\/en\/#organization","name":"Costa del Sol occidental","url":"https:\/\/mancomunidad.org\/en\/","logo":{"@type":"ImageObject","inLanguage":"en-US","@id":"https:\/\/mancomunidad.org\/en\/#\/schema\/logo\/image\/","url":"https:\/\/mancomunidad.org\/wp-content\/uploads\/2024\/01\/logo_footer.png","contentUrl":"https:\/\/mancomunidad.org\/wp-content\/uploads\/2024\/01\/logo_footer.png","width":201,"height":61,"caption":"Costa del Sol occidental"},"image":{"@id":"https:\/\/mancomunidad.org\/en\/#\/schema\/logo\/image\/"},"sameAs":["https:\/\/www.facebook.com\/mancomunidadcostasoloccidental\/","https:\/\/x.com\/MancomunidadCSO","https:\/\/www.instagram.com\/mancomunidadmunicipioscso\/"]},{"@type":"Person","@id":"https:\/\/mancomunidad.org\/en\/#\/schema\/person\/a4db75a4b8ff63c82a7f736c72968aa4","name":"Estefan\u00eda Torres S\u00e1nchez"}]}},"_links":{"self":[{"href":"https:\/\/mancomunidad.org\/en\/wp-json\/wp\/v2\/posts\/3247","targetHints":{"allow":["GET"]}}],"collection":[{"href":"https:\/\/mancomunidad.org\/en\/wp-json\/wp\/v2\/posts"}],"about":[{"href":"https:\/\/mancomunidad.org\/en\/wp-json\/wp\/v2\/types\/post"}],"author":[{"embeddable":true,"href":"https:\/\/mancomunidad.org\/en\/wp-json\/wp\/v2\/users\/3"}],"replies":[{"embeddable":true,"href":"https:\/\/mancomunidad.org\/en\/wp-json\/wp\/v2\/comments?post=3247"}],"version-history":[{"count":1,"href":"https:\/\/mancomunidad.org\/en\/wp-json\/wp\/v2\/posts\/3247\/revisions"}],"predecessor-version":[{"id":3250,"href":"https:\/\/mancomunidad.org\/en\/wp-json\/wp\/v2\/posts\/3247\/revisions\/3250"}],"wp:featuredmedia":[{"embeddable":true,"href":"https:\/\/mancomunidad.org\/en\/wp-json\/wp\/v2\/media\/3248"}],"wp:attachment":[{"href":"https:\/\/mancomunidad.org\/en\/wp-json\/wp\/v2\/media?parent=3247"}],"wp:term":[{"taxonomy":"category","embeddable":true,"href":"https:\/\/mancomunidad.org\/en\/wp-json\/wp\/v2\/categories?post=3247"},{"taxonomy":"post_tag","embeddable":true,"href":"https:\/\/mancomunidad.org\/en\/wp-json\/wp\/v2\/tags?post=3247"}],"curies":[{"name":"wp","href":"https:\/\/api.w.org\/{rel}","templated":true}]}}