{"id":1488,"date":"2020-09-29T13:15:00","date_gmt":"2020-09-29T11:15:00","guid":{"rendered":"https:\/\/mancomunidad.org\/?p=1488"},"modified":"2024-02-14T13:21:46","modified_gmt":"2024-02-14T12:21:46","slug":"fuengirola-refuerza-el-reciclaje-de-residuos-domesticos-con-un-punto-limpio-movil-de-mancomunidad-que-visita-la-ciudad-los-jueves","status":"publish","type":"post","link":"https:\/\/mancomunidad.org\/en\/fuengirola-refuerza-el-reciclaje-de-residuos-domesticos-con-un-punto-limpio-movil-de-mancomunidad-que-visita-la-ciudad-los-jueves\/","title":{"rendered":"Fuengirola refuerza el reciclaje de residuos dom\u00e9sticos con un punto limpio m\u00f3vil de Mancomunidad que visita la ciudad los jueves"},"content":{"rendered":"\n<p>Fuengirola refuerza el reciclaje de residuos dom\u00e9sticos con la incorporaci\u00f3n de un punto limpio m\u00f3vil que visita la ciudad todos los jueves, seg\u00fan han informado esta ma\u00f1ana los concejales de Limpieza y Ecolog\u00eda Urbana, Javier Hidalgo y Antonio Carrasco, respectivamente, junto al delegado de Medio Ambiente de Mancomunidad, Juan Merino. Este servicio, ofrecido por la Mancomunidad de Municipios de la Costa del Sol Occidental, se instala cada semana en un punto diferente de la ciudad: Mercado del Boquetillo (1\u00aa semana del mes), Centro de salud Miramar (2\u00aa semana), Plaza Suomi (3\u00aa) y parque de las Presas (4\u00aa y 5\u00aa) y viene a sumarse a los dos puntos limpios fijos, ubicados en el Recinto Ferial y el parque Natural, para depositar residuos que no se pueden tirar a los contenedores habituales.<\/p>\n\n\n\n<p>\u201cDesde mayo de 2012 los vecinos de Fuengirola cuentan con las instalaciones de un punto limpio fijo en el Recinto Ferial de Fuengirola. En septiembre de 2018 se ampli\u00f3 este servicio a\u00f1adiendo una nueva instalaci\u00f3n fija en la zona del Parque Natural, en el barrio de Miramar\u201d, ha recordado Hidalgo, se\u00f1alando que \u201cambos puntos cuentan con un operario que podr\u00e1 resolver cualquier duda a la hora de depositar alg\u00fan tipo de residuo. El horario de apertura del punto limpio del Recinto Ferial es de lunes a viernes, de 08h a 16h y el horario del punto limpio del parque Natural es de lunes a viernes, de 08 a 14 horas\u201d.<\/p>\n\n\n\n<p>En estos puntos limpios, tal y como ha explicado el edil de Limpieza, se pueden depositar, \u201cde forma totalmente gratuita para el ciudadano, residuos que por sus caracter\u00edsticas no pueden tirarse a los contenedores habituales como: pinturas, barnices, disolventes, neum\u00e1ticos, bater\u00edas, pilas, aceites, l\u00e1mparas, fluorescentes, radiograf\u00edas, medicamentos, electrodom\u00e9sticos, aparatos de telefon\u00eda e inform\u00e1ticos, cartuchos de impresoras y fotocopiadoras, entre otros\u201d. As\u00ed, este a\u00f1o se han recogido hasta el mes de agosto en ambos puntos un total de 23.532 kg de este tipo de residuos.<\/p>\n\n\n\n<p>Por su parte, Antonio Carrasco ha recordado que ahora, \u201clos ciudadanos de Fuengirola tienen otra opci\u00f3n para poder llevar aquellos residuos dom\u00e9sticos, que al igual que hemos explicado antes, no pueden depositarse en los contenedores habituales. A trav\u00e9s de un servicio de punto limpio m\u00f3vil que presta la Mancomunidad de Municipios Costa del Sol Occidental, y que en Fuengirola est\u00e1 cada jueves en las siguientes ubicaciones: la primera semana del mes se instala en el Mercado de El Boquetillo; la segunda semana, en el Centro de Salud de Miramar; la tercera semana, en la plaza Suomi de Los Pacos; y la cuarta y quinta semana del mes, en el parque de las Presas de Torreblanca\u201d.<\/p>\n\n\n\n<p>Este punto limpio m\u00f3vil, seg\u00fan ha se\u00f1alado el edil, cuenta con un n\u00famero de tel\u00e9fono de atenci\u00f3n al usuario (717 701 138) y en \u00e9l se pueden depositar los siguientes residuos dom\u00e9sticos: monitores y televisiones, peque\u00f1os electrodom\u00e9sticos, RAEE inform\u00e1ticos, bater\u00edas de autom\u00f3vil, pilas, t\u00f3neres de impresora, mobiliario dom\u00e9stico, metales y chatarras, aerosoles, l\u00e1mparas y bombillas, radiograf\u00edas, restos de disolvente y pintura, aceites usados de cocina, aceites minerales y envases contaminados.<\/p>\n\n\n\n<p>\u201cRecordamos a los ciudadanos de Fuengirola que el objetivo de estos puntos limpios es la recuperaci\u00f3n de materiales para su reciclaje, evitar el vertido incontrolado de residuos, gestionar adecuadamente los residuos especiales que se generan en los hogares y que no pueden ser eliminados a trav\u00e9s de los sistemas de recogidas domiciliarias, y tambi\u00e9n, establecer canales adecuados para que los ciudadanos puedan desprenderse de los residuos especiales\u201d, ha manifestado Carrasco.<\/p>\n\n\n\n<p>Por su parte, el delegado de Medio Ambiente de la Mancomunidad de Municipios de la Costa del Sol Occidental, Juan Merino, ha destacado la importancia de este servicio para los municipios que conforman la Mancomunidad, calific\u00e1ndolo como \u201cesencial\u201d, ya que \u201cel medio ambiente y el turismo deben ir de la mano pues no se entender\u00eda un desarrollo del turismo sostenible sin el medio ambiente y por eso, pienso que nuestra apuesta por los puntos limpios m\u00f3viles ha sido acertada, porque muchos vecinos, por sus circunstancias, no pueden desplazarse hasta un punto limpio y de esta forma les facilitamos que puedan reciclar ese tipo de residuos que no se pueden depositar en los contenedores habituales\u201d.<\/p>\n","protected":false},"excerpt":{"rendered":"<p>Cada semana se instala en punto diferente: Mercado del Boquetillo (1\u00aa semana del mes), Centro de salud Miramar (2\u00aa semana), Plaza Suomi (3\u00aa) y parque de las Presas (4\u00aa y 5\u00aa) Se suma a los dos puntos limpios fijos, ubicados en el Recinto Ferial y el parque Natural<\/p>\n","protected":false},"author":2,"featured_media":1486,"comment_status":"open","ping_status":"open","sticky":false,"template":"","format":"standard","meta":{"_monsterinsights_skip_tracking":false,"_monsterinsights_sitenote_active":false,"_monsterinsights_sitenote_note":"","_monsterinsights_sitenote_category":0,"footnotes":""},"categories":[1],"tags":[],"class_list":["post-1488","post","type-post","status-publish","format-standard","has-post-thumbnail","hentry","category-noticias"],"yoast_head":"<!-- This site is optimized with the Yoast SEO plugin v26.6 - https:\/\/yoast.com\/wordpress\/plugins\/seo\/ -->\n<title>Fuengirola refuerza el reciclaje de residuos dom\u00e9sticos con un punto limpio m\u00f3vil de Mancomunidad que visita la ciudad los jueves - Mancomunidad de Municipios<\/title>\n<meta name=\"description\" content=\"Cada semana se instala en punto diferente: Mercado del Boquetillo (1\u00aa semana del mes), Centro de salud Miramar (2\u00aa semana), Plaza Suomi (3\u00aa) y parque de las Presas (4\u00aa y 5\u00aa) Se suma a los dos puntos limpios fijos, ubicados en el Recinto Ferial y el parque Natural\" \/>\n<meta name=\"robots\" content=\"index, follow, max-snippet:-1, max-image-preview:large, max-video-preview:-1\" \/>\n<link rel=\"canonical\" href=\"https:\/\/mancomunidad.org\/en\/fuengirola-refuerza-el-reciclaje-de-residuos-domesticos-con-un-punto-limpio-movil-de-mancomunidad-que-visita-la-ciudad-los-jueves\/\" \/>\n<meta property=\"og:locale\" content=\"en_US\" \/>\n<meta property=\"og:type\" content=\"article\" \/>\n<meta property=\"og:title\" content=\"Fuengirola refuerza el reciclaje de residuos dom\u00e9sticos con un punto limpio m\u00f3vil de Mancomunidad que visita la ciudad los jueves - Mancomunidad de Municipios\" \/>\n<meta property=\"og:description\" content=\"Cada semana se instala en punto diferente: Mercado del Boquetillo (1\u00aa semana del mes), Centro de salud Miramar (2\u00aa semana), Plaza Suomi (3\u00aa) y parque de las Presas (4\u00aa y 5\u00aa) Se suma a los dos puntos limpios fijos, ubicados en el Recinto Ferial y el parque Natural\" \/>\n<meta property=\"og:url\" content=\"https:\/\/mancomunidad.org\/en\/fuengirola-refuerza-el-reciclaje-de-residuos-domesticos-con-un-punto-limpio-movil-de-mancomunidad-que-visita-la-ciudad-los-jueves\/\" \/>\n<meta property=\"og:site_name\" content=\"Mancomunidad de Municipios\" \/>\n<meta property=\"article:publisher\" content=\"https:\/\/www.facebook.com\/mancomunidadcostasoloccidental\/\" \/>\n<meta property=\"article:published_time\" content=\"2020-09-29T11:15:00+00:00\" \/>\n<meta property=\"article:modified_time\" content=\"2024-02-14T12:21:46+00:00\" \/>\n<meta property=\"og:image\" content=\"https:\/\/mancomunidad.org\/wp-content\/uploads\/2024\/02\/NOFOTO-1.jpg\" \/>\n\t<meta property=\"og:image:width\" content=\"300\" \/>\n\t<meta property=\"og:image:height\" content=\"211\" \/>\n\t<meta property=\"og:image:type\" content=\"image\/jpeg\" \/>\n<meta name=\"author\" content=\"alberto@gapdesign.com\" \/>\n<meta name=\"twitter:card\" content=\"summary_large_image\" \/>\n<meta name=\"twitter:creator\" content=\"@MancomunidadCSO\" \/>\n<meta name=\"twitter:site\" content=\"@MancomunidadCSO\" \/>\n<meta name=\"twitter:label1\" content=\"Written by\" \/>\n\t<meta name=\"twitter:data1\" content=\"alberto@gapdesign.com\" \/>\n\t<meta name=\"twitter:label2\" content=\"Est. reading time\" \/>\n\t<meta name=\"twitter:data2\" content=\"4 minutes\" \/>\n<script type=\"application\/ld+json\" class=\"yoast-schema-graph\">{\"@context\":\"https:\/\/schema.org\",\"@graph\":[{\"@type\":\"Article\",\"@id\":\"https:\/\/mancomunidad.org\/en\/fuengirola-refuerza-el-reciclaje-de-residuos-domesticos-con-un-punto-limpio-movil-de-mancomunidad-que-visita-la-ciudad-los-jueves\/#article\",\"isPartOf\":{\"@id\":\"https:\/\/mancomunidad.org\/en\/fuengirola-refuerza-el-reciclaje-de-residuos-domesticos-con-un-punto-limpio-movil-de-mancomunidad-que-visita-la-ciudad-los-jueves\/\"},\"author\":{\"name\":\"alberto@gapdesign.com\",\"@id\":\"https:\/\/mancomunidad.org\/en\/#\/schema\/person\/5c849e01c475c7d1370d01d2e25f3e90\"},\"headline\":\"Fuengirola refuerza el reciclaje de residuos dom\u00e9sticos con un punto limpio m\u00f3vil de Mancomunidad que visita la ciudad los jueves\",\"datePublished\":\"2020-09-29T11:15:00+00:00\",\"dateModified\":\"2024-02-14T12:21:46+00:00\",\"mainEntityOfPage\":{\"@id\":\"https:\/\/mancomunidad.org\/en\/fuengirola-refuerza-el-reciclaje-de-residuos-domesticos-con-un-punto-limpio-movil-de-mancomunidad-que-visita-la-ciudad-los-jueves\/\"},\"wordCount\":747,\"commentCount\":2,\"publisher\":{\"@id\":\"https:\/\/mancomunidad.org\/en\/#organization\"},\"image\":{\"@id\":\"https:\/\/mancomunidad.org\/en\/fuengirola-refuerza-el-reciclaje-de-residuos-domesticos-con-un-punto-limpio-movil-de-mancomunidad-que-visita-la-ciudad-los-jueves\/#primaryimage\"},\"thumbnailUrl\":\"https:\/\/mancomunidad.org\/wp-content\/uploads\/2024\/02\/NOFOTO-1.jpg\",\"articleSection\":[\"Noticias\"],\"inLanguage\":\"en-US\",\"potentialAction\":[{\"@type\":\"CommentAction\",\"name\":\"Comment\",\"target\":[\"https:\/\/mancomunidad.org\/en\/fuengirola-refuerza-el-reciclaje-de-residuos-domesticos-con-un-punto-limpio-movil-de-mancomunidad-que-visita-la-ciudad-los-jueves\/#respond\"]}]},{\"@type\":\"WebPage\",\"@id\":\"https:\/\/mancomunidad.org\/en\/fuengirola-refuerza-el-reciclaje-de-residuos-domesticos-con-un-punto-limpio-movil-de-mancomunidad-que-visita-la-ciudad-los-jueves\/\",\"url\":\"https:\/\/mancomunidad.org\/en\/fuengirola-refuerza-el-reciclaje-de-residuos-domesticos-con-un-punto-limpio-movil-de-mancomunidad-que-visita-la-ciudad-los-jueves\/\",\"name\":\"Fuengirola refuerza el reciclaje de residuos dom\u00e9sticos con un punto limpio m\u00f3vil de Mancomunidad que visita la ciudad los jueves - Mancomunidad de Municipios\",\"isPartOf\":{\"@id\":\"https:\/\/mancomunidad.org\/en\/#website\"},\"primaryImageOfPage\":{\"@id\":\"https:\/\/mancomunidad.org\/en\/fuengirola-refuerza-el-reciclaje-de-residuos-domesticos-con-un-punto-limpio-movil-de-mancomunidad-que-visita-la-ciudad-los-jueves\/#primaryimage\"},\"image\":{\"@id\":\"https:\/\/mancomunidad.org\/en\/fuengirola-refuerza-el-reciclaje-de-residuos-domesticos-con-un-punto-limpio-movil-de-mancomunidad-que-visita-la-ciudad-los-jueves\/#primaryimage\"},\"thumbnailUrl\":\"https:\/\/mancomunidad.org\/wp-content\/uploads\/2024\/02\/NOFOTO-1.jpg\",\"datePublished\":\"2020-09-29T11:15:00+00:00\",\"dateModified\":\"2024-02-14T12:21:46+00:00\",\"description\":\"Cada semana se instala en punto diferente: Mercado del Boquetillo (1\u00aa semana del mes), Centro de salud Miramar (2\u00aa semana), Plaza Suomi (3\u00aa) y parque de las Presas (4\u00aa y 5\u00aa) Se suma a los dos puntos limpios fijos, ubicados en el Recinto Ferial y el parque Natural\",\"breadcrumb\":{\"@id\":\"https:\/\/mancomunidad.org\/en\/fuengirola-refuerza-el-reciclaje-de-residuos-domesticos-con-un-punto-limpio-movil-de-mancomunidad-que-visita-la-ciudad-los-jueves\/#breadcrumb\"},\"inLanguage\":\"en-US\",\"potentialAction\":[{\"@type\":\"ReadAction\",\"target\":[\"https:\/\/mancomunidad.org\/en\/fuengirola-refuerza-el-reciclaje-de-residuos-domesticos-con-un-punto-limpio-movil-de-mancomunidad-que-visita-la-ciudad-los-jueves\/\"]}]},{\"@type\":\"ImageObject\",\"inLanguage\":\"en-US\",\"@id\":\"https:\/\/mancomunidad.org\/en\/fuengirola-refuerza-el-reciclaje-de-residuos-domesticos-con-un-punto-limpio-movil-de-mancomunidad-que-visita-la-ciudad-los-jueves\/#primaryimage\",\"url\":\"https:\/\/mancomunidad.org\/wp-content\/uploads\/2024\/02\/NOFOTO-1.jpg\",\"contentUrl\":\"https:\/\/mancomunidad.org\/wp-content\/uploads\/2024\/02\/NOFOTO-1.jpg\",\"width\":300,\"height\":211},{\"@type\":\"BreadcrumbList\",\"@id\":\"https:\/\/mancomunidad.org\/en\/fuengirola-refuerza-el-reciclaje-de-residuos-domesticos-con-un-punto-limpio-movil-de-mancomunidad-que-visita-la-ciudad-los-jueves\/#breadcrumb\",\"itemListElement\":[{\"@type\":\"ListItem\",\"position\":1,\"name\":\"Inicio\",\"item\":\"https:\/\/mancomunidad.org\/en\/\"},{\"@type\":\"ListItem\",\"position\":2,\"name\":\"Fuengirola refuerza el reciclaje de residuos dom\u00e9sticos con un punto limpio m\u00f3vil de Mancomunidad que visita la ciudad los jueves\"}]},{\"@type\":\"WebSite\",\"@id\":\"https:\/\/mancomunidad.org\/en\/#website\",\"url\":\"https:\/\/mancomunidad.org\/en\/\",\"name\":\"Mancomunidad de Municipios\",\"description\":\"Costa del Sol Occidental\",\"publisher\":{\"@id\":\"https:\/\/mancomunidad.org\/en\/#organization\"},\"potentialAction\":[{\"@type\":\"SearchAction\",\"target\":{\"@type\":\"EntryPoint\",\"urlTemplate\":\"https:\/\/mancomunidad.org\/en\/?s={search_term_string}\"},\"query-input\":{\"@type\":\"PropertyValueSpecification\",\"valueRequired\":true,\"valueName\":\"search_term_string\"}}],\"inLanguage\":\"en-US\"},{\"@type\":\"Organization\",\"@id\":\"https:\/\/mancomunidad.org\/en\/#organization\",\"name\":\"Costa del Sol occidental\",\"url\":\"https:\/\/mancomunidad.org\/en\/\",\"logo\":{\"@type\":\"ImageObject\",\"inLanguage\":\"en-US\",\"@id\":\"https:\/\/mancomunidad.org\/en\/#\/schema\/logo\/image\/\",\"url\":\"https:\/\/mancomunidad.org\/wp-content\/uploads\/2024\/01\/logo_footer.png\",\"contentUrl\":\"https:\/\/mancomunidad.org\/wp-content\/uploads\/2024\/01\/logo_footer.png\",\"width\":201,\"height\":61,\"caption\":\"Costa del Sol occidental\"},\"image\":{\"@id\":\"https:\/\/mancomunidad.org\/en\/#\/schema\/logo\/image\/\"},\"sameAs\":[\"https:\/\/www.facebook.com\/mancomunidadcostasoloccidental\/\",\"https:\/\/x.com\/MancomunidadCSO\",\"https:\/\/www.instagram.com\/mancomunidadmunicipioscso\/\"]},{\"@type\":\"Person\",\"@id\":\"https:\/\/mancomunidad.org\/en\/#\/schema\/person\/5c849e01c475c7d1370d01d2e25f3e90\",\"name\":\"alberto@gapdesign.com\"}]}<\/script>\n<!-- \/ Yoast SEO plugin. -->","yoast_head_json":{"title":"Fuengirola refuerza el reciclaje de residuos dom\u00e9sticos con un punto limpio m\u00f3vil de Mancomunidad que visita la ciudad los jueves - Mancomunidad de Municipios","description":"Cada semana se instala en punto diferente: Mercado del Boquetillo (1\u00aa semana del mes), Centro de salud Miramar (2\u00aa semana), Plaza Suomi (3\u00aa) y parque de las Presas (4\u00aa y 5\u00aa) Se suma a los dos puntos limpios fijos, ubicados en el Recinto Ferial y el parque Natural","robots":{"index":"index","follow":"follow","max-snippet":"max-snippet:-1","max-image-preview":"max-image-preview:large","max-video-preview":"max-video-preview:-1"},"canonical":"https:\/\/mancomunidad.org\/en\/fuengirola-refuerza-el-reciclaje-de-residuos-domesticos-con-un-punto-limpio-movil-de-mancomunidad-que-visita-la-ciudad-los-jueves\/","og_locale":"en_US","og_type":"article","og_title":"Fuengirola refuerza el reciclaje de residuos dom\u00e9sticos con un punto limpio m\u00f3vil de Mancomunidad que visita la ciudad los jueves - Mancomunidad de Municipios","og_description":"Cada semana se instala en punto diferente: Mercado del Boquetillo (1\u00aa semana del mes), Centro de salud Miramar (2\u00aa semana), Plaza Suomi (3\u00aa) y parque de las Presas (4\u00aa y 5\u00aa) Se suma a los dos puntos limpios fijos, ubicados en el Recinto Ferial y el parque Natural","og_url":"https:\/\/mancomunidad.org\/en\/fuengirola-refuerza-el-reciclaje-de-residuos-domesticos-con-un-punto-limpio-movil-de-mancomunidad-que-visita-la-ciudad-los-jueves\/","og_site_name":"Mancomunidad de Municipios","article_publisher":"https:\/\/www.facebook.com\/mancomunidadcostasoloccidental\/","article_published_time":"2020-09-29T11:15:00+00:00","article_modified_time":"2024-02-14T12:21:46+00:00","og_image":[{"width":300,"height":211,"url":"https:\/\/mancomunidad.org\/wp-content\/uploads\/2024\/02\/NOFOTO-1.jpg","type":"image\/jpeg"}],"author":"alberto@gapdesign.com","twitter_card":"summary_large_image","twitter_creator":"@MancomunidadCSO","twitter_site":"@MancomunidadCSO","twitter_misc":{"Written by":"alberto@gapdesign.com","Est. reading time":"4 minutes"},"schema":{"@context":"https:\/\/schema.org","@graph":[{"@type":"Article","@id":"https:\/\/mancomunidad.org\/en\/fuengirola-refuerza-el-reciclaje-de-residuos-domesticos-con-un-punto-limpio-movil-de-mancomunidad-que-visita-la-ciudad-los-jueves\/#article","isPartOf":{"@id":"https:\/\/mancomunidad.org\/en\/fuengirola-refuerza-el-reciclaje-de-residuos-domesticos-con-un-punto-limpio-movil-de-mancomunidad-que-visita-la-ciudad-los-jueves\/"},"author":{"name":"alberto@gapdesign.com","@id":"https:\/\/mancomunidad.org\/en\/#\/schema\/person\/5c849e01c475c7d1370d01d2e25f3e90"},"headline":"Fuengirola refuerza el reciclaje de residuos dom\u00e9sticos con un punto limpio m\u00f3vil de Mancomunidad que visita la ciudad los jueves","datePublished":"2020-09-29T11:15:00+00:00","dateModified":"2024-02-14T12:21:46+00:00","mainEntityOfPage":{"@id":"https:\/\/mancomunidad.org\/en\/fuengirola-refuerza-el-reciclaje-de-residuos-domesticos-con-un-punto-limpio-movil-de-mancomunidad-que-visita-la-ciudad-los-jueves\/"},"wordCount":747,"commentCount":2,"publisher":{"@id":"https:\/\/mancomunidad.org\/en\/#organization"},"image":{"@id":"https:\/\/mancomunidad.org\/en\/fuengirola-refuerza-el-reciclaje-de-residuos-domesticos-con-un-punto-limpio-movil-de-mancomunidad-que-visita-la-ciudad-los-jueves\/#primaryimage"},"thumbnailUrl":"https:\/\/mancomunidad.org\/wp-content\/uploads\/2024\/02\/NOFOTO-1.jpg","articleSection":["Noticias"],"inLanguage":"en-US","potentialAction":[{"@type":"CommentAction","name":"Comment","target":["https:\/\/mancomunidad.org\/en\/fuengirola-refuerza-el-reciclaje-de-residuos-domesticos-con-un-punto-limpio-movil-de-mancomunidad-que-visita-la-ciudad-los-jueves\/#respond"]}]},{"@type":"WebPage","@id":"https:\/\/mancomunidad.org\/en\/fuengirola-refuerza-el-reciclaje-de-residuos-domesticos-con-un-punto-limpio-movil-de-mancomunidad-que-visita-la-ciudad-los-jueves\/","url":"https:\/\/mancomunidad.org\/en\/fuengirola-refuerza-el-reciclaje-de-residuos-domesticos-con-un-punto-limpio-movil-de-mancomunidad-que-visita-la-ciudad-los-jueves\/","name":"Fuengirola refuerza el reciclaje de residuos dom\u00e9sticos con un punto limpio m\u00f3vil de Mancomunidad que visita la ciudad los jueves - Mancomunidad de Municipios","isPartOf":{"@id":"https:\/\/mancomunidad.org\/en\/#website"},"primaryImageOfPage":{"@id":"https:\/\/mancomunidad.org\/en\/fuengirola-refuerza-el-reciclaje-de-residuos-domesticos-con-un-punto-limpio-movil-de-mancomunidad-que-visita-la-ciudad-los-jueves\/#primaryimage"},"image":{"@id":"https:\/\/mancomunidad.org\/en\/fuengirola-refuerza-el-reciclaje-de-residuos-domesticos-con-un-punto-limpio-movil-de-mancomunidad-que-visita-la-ciudad-los-jueves\/#primaryimage"},"thumbnailUrl":"https:\/\/mancomunidad.org\/wp-content\/uploads\/2024\/02\/NOFOTO-1.jpg","datePublished":"2020-09-29T11:15:00+00:00","dateModified":"2024-02-14T12:21:46+00:00","description":"Cada semana se instala en punto diferente: Mercado del Boquetillo (1\u00aa semana del mes), Centro de salud Miramar (2\u00aa semana), Plaza Suomi (3\u00aa) y parque de las Presas (4\u00aa y 5\u00aa) Se suma a los dos puntos limpios fijos, ubicados en el Recinto Ferial y el parque Natural","breadcrumb":{"@id":"https:\/\/mancomunidad.org\/en\/fuengirola-refuerza-el-reciclaje-de-residuos-domesticos-con-un-punto-limpio-movil-de-mancomunidad-que-visita-la-ciudad-los-jueves\/#breadcrumb"},"inLanguage":"en-US","potentialAction":[{"@type":"ReadAction","target":["https:\/\/mancomunidad.org\/en\/fuengirola-refuerza-el-reciclaje-de-residuos-domesticos-con-un-punto-limpio-movil-de-mancomunidad-que-visita-la-ciudad-los-jueves\/"]}]},{"@type":"ImageObject","inLanguage":"en-US","@id":"https:\/\/mancomunidad.org\/en\/fuengirola-refuerza-el-reciclaje-de-residuos-domesticos-con-un-punto-limpio-movil-de-mancomunidad-que-visita-la-ciudad-los-jueves\/#primaryimage","url":"https:\/\/mancomunidad.org\/wp-content\/uploads\/2024\/02\/NOFOTO-1.jpg","contentUrl":"https:\/\/mancomunidad.org\/wp-content\/uploads\/2024\/02\/NOFOTO-1.jpg","width":300,"height":211},{"@type":"BreadcrumbList","@id":"https:\/\/mancomunidad.org\/en\/fuengirola-refuerza-el-reciclaje-de-residuos-domesticos-con-un-punto-limpio-movil-de-mancomunidad-que-visita-la-ciudad-los-jueves\/#breadcrumb","itemListElement":[{"@type":"ListItem","position":1,"name":"Inicio","item":"https:\/\/mancomunidad.org\/en\/"},{"@type":"ListItem","position":2,"name":"Fuengirola refuerza el reciclaje de residuos dom\u00e9sticos con un punto limpio m\u00f3vil de Mancomunidad que visita la ciudad los jueves"}]},{"@type":"WebSite","@id":"https:\/\/mancomunidad.org\/en\/#website","url":"https:\/\/mancomunidad.org\/en\/","name":"Mancomunidad de Municipios","description":"Costa del Sol Occidental","publisher":{"@id":"https:\/\/mancomunidad.org\/en\/#organization"},"potentialAction":[{"@type":"SearchAction","target":{"@type":"EntryPoint","urlTemplate":"https:\/\/mancomunidad.org\/en\/?s={search_term_string}"},"query-input":{"@type":"PropertyValueSpecification","valueRequired":true,"valueName":"search_term_string"}}],"inLanguage":"en-US"},{"@type":"Organization","@id":"https:\/\/mancomunidad.org\/en\/#organization","name":"Costa del Sol occidental","url":"https:\/\/mancomunidad.org\/en\/","logo":{"@type":"ImageObject","inLanguage":"en-US","@id":"https:\/\/mancomunidad.org\/en\/#\/schema\/logo\/image\/","url":"https:\/\/mancomunidad.org\/wp-content\/uploads\/2024\/01\/logo_footer.png","contentUrl":"https:\/\/mancomunidad.org\/wp-content\/uploads\/2024\/01\/logo_footer.png","width":201,"height":61,"caption":"Costa del Sol occidental"},"image":{"@id":"https:\/\/mancomunidad.org\/en\/#\/schema\/logo\/image\/"},"sameAs":["https:\/\/www.facebook.com\/mancomunidadcostasoloccidental\/","https:\/\/x.com\/MancomunidadCSO","https:\/\/www.instagram.com\/mancomunidadmunicipioscso\/"]},{"@type":"Person","@id":"https:\/\/mancomunidad.org\/en\/#\/schema\/person\/5c849e01c475c7d1370d01d2e25f3e90","name":"alberto@gapdesign.com"}]}},"_links":{"self":[{"href":"https:\/\/mancomunidad.org\/en\/wp-json\/wp\/v2\/posts\/1488","targetHints":{"allow":["GET"]}}],"collection":[{"href":"https:\/\/mancomunidad.org\/en\/wp-json\/wp\/v2\/posts"}],"about":[{"href":"https:\/\/mancomunidad.org\/en\/wp-json\/wp\/v2\/types\/post"}],"author":[{"embeddable":true,"href":"https:\/\/mancomunidad.org\/en\/wp-json\/wp\/v2\/users\/2"}],"replies":[{"embeddable":true,"href":"https:\/\/mancomunidad.org\/en\/wp-json\/wp\/v2\/comments?post=1488"}],"version-history":[{"count":1,"href":"https:\/\/mancomunidad.org\/en\/wp-json\/wp\/v2\/posts\/1488\/revisions"}],"predecessor-version":[{"id":1489,"href":"https:\/\/mancomunidad.org\/en\/wp-json\/wp\/v2\/posts\/1488\/revisions\/1489"}],"wp:featuredmedia":[{"embeddable":true,"href":"https:\/\/mancomunidad.org\/en\/wp-json\/wp\/v2\/media\/1486"}],"wp:attachment":[{"href":"https:\/\/mancomunidad.org\/en\/wp-json\/wp\/v2\/media?parent=1488"}],"wp:term":[{"taxonomy":"category","embeddable":true,"href":"https:\/\/mancomunidad.org\/en\/wp-json\/wp\/v2\/categories?post=1488"},{"taxonomy":"post_tag","embeddable":true,"href":"https:\/\/mancomunidad.org\/en\/wp-json\/wp\/v2\/tags?post=1488"}],"curies":[{"name":"wp","href":"https:\/\/api.w.org\/{rel}","templated":true}]}}