{"id":1430,"date":"2019-06-20T12:16:00","date_gmt":"2019-06-20T10:16:00","guid":{"rendered":"https:\/\/mancomunidad.org\/?p=1430"},"modified":"2024-02-14T12:25:41","modified_gmt":"2024-02-14T11:25:41","slug":"mancomunidad-entrega-a-benalmadena-una-ambulancia-y-dos-vehiculos-valorados-en-casi-150-000-euros","status":"publish","type":"post","link":"https:\/\/mancomunidad.org\/en\/mancomunidad-entrega-a-benalmadena-una-ambulancia-y-dos-vehiculos-valorados-en-casi-150-000-euros\/","title":{"rendered":"Mancomunidad entrega a Benalm\u00e1dena una ambulancia y dos veh\u00edculos valorados en casi 150.000 euros"},"content":{"rendered":"\n<p><strong><u>Marbella, 20 de junio de 2019.-<\/u><\/strong>\u00a0Margarita del Cid, presidenta de la Mancomunidad de Municipios de la Costa del Sol Occidental, ha entregado hoy al Ayuntamiento de Benalm\u00e1dena, representado por su alcalde, V\u00edctor Navas, un lote de veh\u00edculos valorado en casi 150.000 euros, en concreto 141.362,75 euros.<\/p>\n\n\n\n<p>Espec\u00edficamente, el lote comprende de una ambulancia asistencial de clase B, destinada a proporcionar soporte vital b\u00e1sico y atenci\u00f3n sanitaria inicial. Asimismo, tambi\u00e9n se incluyen dos veh\u00edculos de transporte de personal y cargas.<\/p>\n\n\n\n<p>Esta inversi\u00f3n se realiza \u201ccon cargo al Plan de Inversi\u00f3n Financieramente Sostenible que ha puesto en marcha la Mancomunidad. Con estos planes se da destino al super\u00e1vit de la Corporaci\u00f3n durante el ejercicio del a\u00f1o 2018\u201d, seg\u00fan ha se\u00f1alado la presidenta del organismo, Margarita del Cid, quien al mismo tiempo se\u00f1ala que \u201ca trav\u00e9s de estos planes los municipios consiguen desarrollar algunos proyectos importantes para el municipio sin que ello repercuta en sus presupuestos\u201d.<\/p>\n","protected":false},"excerpt":{"rendered":"<p>Forma parte del Plan de Inversi\u00f3n Financieramente Sostenible que est\u00e1 desarrollando el organismo mancomunado<\/p>\n","protected":false},"author":2,"featured_media":1431,"comment_status":"open","ping_status":"open","sticky":false,"template":"","format":"standard","meta":{"_monsterinsights_skip_tracking":false,"_monsterinsights_sitenote_active":false,"_monsterinsights_sitenote_note":"","_monsterinsights_sitenote_category":0,"footnotes":""},"categories":[1],"tags":[],"class_list":["post-1430","post","type-post","status-publish","format-standard","has-post-thumbnail","hentry","category-noticias"],"yoast_head":"<!-- This site is optimized with the Yoast SEO plugin v26.6 - https:\/\/yoast.com\/wordpress\/plugins\/seo\/ -->\n<title>Mancomunidad entrega a Benalm\u00e1dena una ambulancia y dos veh\u00edculos valorados en casi 150.000 euros - Mancomunidad de Municipios<\/title>\n<meta name=\"description\" content=\"Forma parte del Plan de Inversi\u00f3n Financieramente Sostenible que est\u00e1 desarrollando el organismo mancomunado\" \/>\n<meta name=\"robots\" content=\"index, follow, max-snippet:-1, max-image-preview:large, max-video-preview:-1\" \/>\n<link rel=\"canonical\" href=\"https:\/\/mancomunidad.org\/en\/mancomunidad-entrega-a-benalmadena-una-ambulancia-y-dos-vehiculos-valorados-en-casi-150-000-euros\/\" \/>\n<meta property=\"og:locale\" content=\"en_US\" \/>\n<meta property=\"og:type\" content=\"article\" \/>\n<meta property=\"og:title\" content=\"Mancomunidad entrega a Benalm\u00e1dena una ambulancia y dos veh\u00edculos valorados en casi 150.000 euros - Mancomunidad de Municipios\" \/>\n<meta property=\"og:description\" content=\"Forma parte del Plan de Inversi\u00f3n Financieramente Sostenible que est\u00e1 desarrollando el organismo mancomunado\" \/>\n<meta property=\"og:url\" content=\"https:\/\/mancomunidad.org\/en\/mancomunidad-entrega-a-benalmadena-una-ambulancia-y-dos-vehiculos-valorados-en-casi-150-000-euros\/\" \/>\n<meta property=\"og:site_name\" content=\"Mancomunidad de Municipios\" \/>\n<meta property=\"article:publisher\" content=\"https:\/\/www.facebook.com\/mancomunidadcostasoloccidental\/\" \/>\n<meta property=\"article:published_time\" content=\"2019-06-20T10:16:00+00:00\" \/>\n<meta property=\"article:modified_time\" content=\"2024-02-14T11:25:41+00:00\" \/>\n<meta property=\"og:image\" content=\"https:\/\/mancomunidad.org\/wp-content\/uploads\/2024\/02\/3266-7.jpg\" \/>\n\t<meta property=\"og:image:width\" content=\"380\" \/>\n\t<meta property=\"og:image:height\" content=\"267\" \/>\n\t<meta property=\"og:image:type\" content=\"image\/jpeg\" \/>\n<meta name=\"author\" content=\"alberto@gapdesign.com\" \/>\n<meta name=\"twitter:card\" content=\"summary_large_image\" \/>\n<meta name=\"twitter:creator\" content=\"@MancomunidadCSO\" \/>\n<meta name=\"twitter:site\" content=\"@MancomunidadCSO\" \/>\n<meta name=\"twitter:label1\" content=\"Written by\" \/>\n\t<meta name=\"twitter:data1\" content=\"alberto@gapdesign.com\" \/>\n\t<meta name=\"twitter:label2\" content=\"Est. reading time\" \/>\n\t<meta name=\"twitter:data2\" content=\"1 minute\" \/>\n<script type=\"application\/ld+json\" class=\"yoast-schema-graph\">{\"@context\":\"https:\/\/schema.org\",\"@graph\":[{\"@type\":\"Article\",\"@id\":\"https:\/\/mancomunidad.org\/en\/mancomunidad-entrega-a-benalmadena-una-ambulancia-y-dos-vehiculos-valorados-en-casi-150-000-euros\/#article\",\"isPartOf\":{\"@id\":\"https:\/\/mancomunidad.org\/en\/mancomunidad-entrega-a-benalmadena-una-ambulancia-y-dos-vehiculos-valorados-en-casi-150-000-euros\/\"},\"author\":{\"name\":\"alberto@gapdesign.com\",\"@id\":\"https:\/\/mancomunidad.org\/en\/#\/schema\/person\/5c849e01c475c7d1370d01d2e25f3e90\"},\"headline\":\"Mancomunidad entrega a Benalm\u00e1dena una ambulancia y dos veh\u00edculos valorados en casi 150.000 euros\",\"datePublished\":\"2019-06-20T10:16:00+00:00\",\"dateModified\":\"2024-02-14T11:25:41+00:00\",\"mainEntityOfPage\":{\"@id\":\"https:\/\/mancomunidad.org\/en\/mancomunidad-entrega-a-benalmadena-una-ambulancia-y-dos-vehiculos-valorados-en-casi-150-000-euros\/\"},\"wordCount\":182,\"commentCount\":0,\"publisher\":{\"@id\":\"https:\/\/mancomunidad.org\/en\/#organization\"},\"image\":{\"@id\":\"https:\/\/mancomunidad.org\/en\/mancomunidad-entrega-a-benalmadena-una-ambulancia-y-dos-vehiculos-valorados-en-casi-150-000-euros\/#primaryimage\"},\"thumbnailUrl\":\"https:\/\/mancomunidad.org\/wp-content\/uploads\/2024\/02\/3266-7.jpg\",\"articleSection\":[\"Noticias\"],\"inLanguage\":\"en-US\",\"potentialAction\":[{\"@type\":\"CommentAction\",\"name\":\"Comment\",\"target\":[\"https:\/\/mancomunidad.org\/en\/mancomunidad-entrega-a-benalmadena-una-ambulancia-y-dos-vehiculos-valorados-en-casi-150-000-euros\/#respond\"]}]},{\"@type\":\"WebPage\",\"@id\":\"https:\/\/mancomunidad.org\/en\/mancomunidad-entrega-a-benalmadena-una-ambulancia-y-dos-vehiculos-valorados-en-casi-150-000-euros\/\",\"url\":\"https:\/\/mancomunidad.org\/en\/mancomunidad-entrega-a-benalmadena-una-ambulancia-y-dos-vehiculos-valorados-en-casi-150-000-euros\/\",\"name\":\"Mancomunidad entrega a Benalm\u00e1dena una ambulancia y dos veh\u00edculos valorados en casi 150.000 euros - Mancomunidad de Municipios\",\"isPartOf\":{\"@id\":\"https:\/\/mancomunidad.org\/en\/#website\"},\"primaryImageOfPage\":{\"@id\":\"https:\/\/mancomunidad.org\/en\/mancomunidad-entrega-a-benalmadena-una-ambulancia-y-dos-vehiculos-valorados-en-casi-150-000-euros\/#primaryimage\"},\"image\":{\"@id\":\"https:\/\/mancomunidad.org\/en\/mancomunidad-entrega-a-benalmadena-una-ambulancia-y-dos-vehiculos-valorados-en-casi-150-000-euros\/#primaryimage\"},\"thumbnailUrl\":\"https:\/\/mancomunidad.org\/wp-content\/uploads\/2024\/02\/3266-7.jpg\",\"datePublished\":\"2019-06-20T10:16:00+00:00\",\"dateModified\":\"2024-02-14T11:25:41+00:00\",\"description\":\"Forma parte del Plan de Inversi\u00f3n Financieramente Sostenible que est\u00e1 desarrollando el organismo mancomunado\",\"breadcrumb\":{\"@id\":\"https:\/\/mancomunidad.org\/en\/mancomunidad-entrega-a-benalmadena-una-ambulancia-y-dos-vehiculos-valorados-en-casi-150-000-euros\/#breadcrumb\"},\"inLanguage\":\"en-US\",\"potentialAction\":[{\"@type\":\"ReadAction\",\"target\":[\"https:\/\/mancomunidad.org\/en\/mancomunidad-entrega-a-benalmadena-una-ambulancia-y-dos-vehiculos-valorados-en-casi-150-000-euros\/\"]}]},{\"@type\":\"ImageObject\",\"inLanguage\":\"en-US\",\"@id\":\"https:\/\/mancomunidad.org\/en\/mancomunidad-entrega-a-benalmadena-una-ambulancia-y-dos-vehiculos-valorados-en-casi-150-000-euros\/#primaryimage\",\"url\":\"https:\/\/mancomunidad.org\/wp-content\/uploads\/2024\/02\/3266-7.jpg\",\"contentUrl\":\"https:\/\/mancomunidad.org\/wp-content\/uploads\/2024\/02\/3266-7.jpg\",\"width\":380,\"height\":267},{\"@type\":\"BreadcrumbList\",\"@id\":\"https:\/\/mancomunidad.org\/en\/mancomunidad-entrega-a-benalmadena-una-ambulancia-y-dos-vehiculos-valorados-en-casi-150-000-euros\/#breadcrumb\",\"itemListElement\":[{\"@type\":\"ListItem\",\"position\":1,\"name\":\"Inicio\",\"item\":\"https:\/\/mancomunidad.org\/en\/\"},{\"@type\":\"ListItem\",\"position\":2,\"name\":\"Mancomunidad entrega a Benalm\u00e1dena una ambulancia y dos veh\u00edculos valorados en casi 150.000 euros\"}]},{\"@type\":\"WebSite\",\"@id\":\"https:\/\/mancomunidad.org\/en\/#website\",\"url\":\"https:\/\/mancomunidad.org\/en\/\",\"name\":\"Mancomunidad de Municipios\",\"description\":\"Costa del Sol Occidental\",\"publisher\":{\"@id\":\"https:\/\/mancomunidad.org\/en\/#organization\"},\"potentialAction\":[{\"@type\":\"SearchAction\",\"target\":{\"@type\":\"EntryPoint\",\"urlTemplate\":\"https:\/\/mancomunidad.org\/en\/?s={search_term_string}\"},\"query-input\":{\"@type\":\"PropertyValueSpecification\",\"valueRequired\":true,\"valueName\":\"search_term_string\"}}],\"inLanguage\":\"en-US\"},{\"@type\":\"Organization\",\"@id\":\"https:\/\/mancomunidad.org\/en\/#organization\",\"name\":\"Costa del Sol occidental\",\"url\":\"https:\/\/mancomunidad.org\/en\/\",\"logo\":{\"@type\":\"ImageObject\",\"inLanguage\":\"en-US\",\"@id\":\"https:\/\/mancomunidad.org\/en\/#\/schema\/logo\/image\/\",\"url\":\"https:\/\/mancomunidad.org\/wp-content\/uploads\/2024\/01\/logo_footer.png\",\"contentUrl\":\"https:\/\/mancomunidad.org\/wp-content\/uploads\/2024\/01\/logo_footer.png\",\"width\":201,\"height\":61,\"caption\":\"Costa del Sol occidental\"},\"image\":{\"@id\":\"https:\/\/mancomunidad.org\/en\/#\/schema\/logo\/image\/\"},\"sameAs\":[\"https:\/\/www.facebook.com\/mancomunidadcostasoloccidental\/\",\"https:\/\/x.com\/MancomunidadCSO\",\"https:\/\/www.instagram.com\/mancomunidadmunicipioscso\/\"]},{\"@type\":\"Person\",\"@id\":\"https:\/\/mancomunidad.org\/en\/#\/schema\/person\/5c849e01c475c7d1370d01d2e25f3e90\",\"name\":\"alberto@gapdesign.com\"}]}<\/script>\n<!-- \/ Yoast SEO plugin. -->","yoast_head_json":{"title":"Mancomunidad entrega a Benalm\u00e1dena una ambulancia y dos veh\u00edculos valorados en casi 150.000 euros - Mancomunidad de Municipios","description":"Forma parte del Plan de Inversi\u00f3n Financieramente Sostenible que est\u00e1 desarrollando el organismo mancomunado","robots":{"index":"index","follow":"follow","max-snippet":"max-snippet:-1","max-image-preview":"max-image-preview:large","max-video-preview":"max-video-preview:-1"},"canonical":"https:\/\/mancomunidad.org\/en\/mancomunidad-entrega-a-benalmadena-una-ambulancia-y-dos-vehiculos-valorados-en-casi-150-000-euros\/","og_locale":"en_US","og_type":"article","og_title":"Mancomunidad entrega a Benalm\u00e1dena una ambulancia y dos veh\u00edculos valorados en casi 150.000 euros - Mancomunidad de Municipios","og_description":"Forma parte del Plan de Inversi\u00f3n Financieramente Sostenible que est\u00e1 desarrollando el organismo mancomunado","og_url":"https:\/\/mancomunidad.org\/en\/mancomunidad-entrega-a-benalmadena-una-ambulancia-y-dos-vehiculos-valorados-en-casi-150-000-euros\/","og_site_name":"Mancomunidad de Municipios","article_publisher":"https:\/\/www.facebook.com\/mancomunidadcostasoloccidental\/","article_published_time":"2019-06-20T10:16:00+00:00","article_modified_time":"2024-02-14T11:25:41+00:00","og_image":[{"width":380,"height":267,"url":"https:\/\/mancomunidad.org\/wp-content\/uploads\/2024\/02\/3266-7.jpg","type":"image\/jpeg"}],"author":"alberto@gapdesign.com","twitter_card":"summary_large_image","twitter_creator":"@MancomunidadCSO","twitter_site":"@MancomunidadCSO","twitter_misc":{"Written by":"alberto@gapdesign.com","Est. reading time":"1 minute"},"schema":{"@context":"https:\/\/schema.org","@graph":[{"@type":"Article","@id":"https:\/\/mancomunidad.org\/en\/mancomunidad-entrega-a-benalmadena-una-ambulancia-y-dos-vehiculos-valorados-en-casi-150-000-euros\/#article","isPartOf":{"@id":"https:\/\/mancomunidad.org\/en\/mancomunidad-entrega-a-benalmadena-una-ambulancia-y-dos-vehiculos-valorados-en-casi-150-000-euros\/"},"author":{"name":"alberto@gapdesign.com","@id":"https:\/\/mancomunidad.org\/en\/#\/schema\/person\/5c849e01c475c7d1370d01d2e25f3e90"},"headline":"Mancomunidad entrega a Benalm\u00e1dena una ambulancia y dos veh\u00edculos valorados en casi 150.000 euros","datePublished":"2019-06-20T10:16:00+00:00","dateModified":"2024-02-14T11:25:41+00:00","mainEntityOfPage":{"@id":"https:\/\/mancomunidad.org\/en\/mancomunidad-entrega-a-benalmadena-una-ambulancia-y-dos-vehiculos-valorados-en-casi-150-000-euros\/"},"wordCount":182,"commentCount":0,"publisher":{"@id":"https:\/\/mancomunidad.org\/en\/#organization"},"image":{"@id":"https:\/\/mancomunidad.org\/en\/mancomunidad-entrega-a-benalmadena-una-ambulancia-y-dos-vehiculos-valorados-en-casi-150-000-euros\/#primaryimage"},"thumbnailUrl":"https:\/\/mancomunidad.org\/wp-content\/uploads\/2024\/02\/3266-7.jpg","articleSection":["Noticias"],"inLanguage":"en-US","potentialAction":[{"@type":"CommentAction","name":"Comment","target":["https:\/\/mancomunidad.org\/en\/mancomunidad-entrega-a-benalmadena-una-ambulancia-y-dos-vehiculos-valorados-en-casi-150-000-euros\/#respond"]}]},{"@type":"WebPage","@id":"https:\/\/mancomunidad.org\/en\/mancomunidad-entrega-a-benalmadena-una-ambulancia-y-dos-vehiculos-valorados-en-casi-150-000-euros\/","url":"https:\/\/mancomunidad.org\/en\/mancomunidad-entrega-a-benalmadena-una-ambulancia-y-dos-vehiculos-valorados-en-casi-150-000-euros\/","name":"Mancomunidad entrega a Benalm\u00e1dena una ambulancia y dos veh\u00edculos valorados en casi 150.000 euros - Mancomunidad de Municipios","isPartOf":{"@id":"https:\/\/mancomunidad.org\/en\/#website"},"primaryImageOfPage":{"@id":"https:\/\/mancomunidad.org\/en\/mancomunidad-entrega-a-benalmadena-una-ambulancia-y-dos-vehiculos-valorados-en-casi-150-000-euros\/#primaryimage"},"image":{"@id":"https:\/\/mancomunidad.org\/en\/mancomunidad-entrega-a-benalmadena-una-ambulancia-y-dos-vehiculos-valorados-en-casi-150-000-euros\/#primaryimage"},"thumbnailUrl":"https:\/\/mancomunidad.org\/wp-content\/uploads\/2024\/02\/3266-7.jpg","datePublished":"2019-06-20T10:16:00+00:00","dateModified":"2024-02-14T11:25:41+00:00","description":"Forma parte del Plan de Inversi\u00f3n Financieramente Sostenible que est\u00e1 desarrollando el organismo mancomunado","breadcrumb":{"@id":"https:\/\/mancomunidad.org\/en\/mancomunidad-entrega-a-benalmadena-una-ambulancia-y-dos-vehiculos-valorados-en-casi-150-000-euros\/#breadcrumb"},"inLanguage":"en-US","potentialAction":[{"@type":"ReadAction","target":["https:\/\/mancomunidad.org\/en\/mancomunidad-entrega-a-benalmadena-una-ambulancia-y-dos-vehiculos-valorados-en-casi-150-000-euros\/"]}]},{"@type":"ImageObject","inLanguage":"en-US","@id":"https:\/\/mancomunidad.org\/en\/mancomunidad-entrega-a-benalmadena-una-ambulancia-y-dos-vehiculos-valorados-en-casi-150-000-euros\/#primaryimage","url":"https:\/\/mancomunidad.org\/wp-content\/uploads\/2024\/02\/3266-7.jpg","contentUrl":"https:\/\/mancomunidad.org\/wp-content\/uploads\/2024\/02\/3266-7.jpg","width":380,"height":267},{"@type":"BreadcrumbList","@id":"https:\/\/mancomunidad.org\/en\/mancomunidad-entrega-a-benalmadena-una-ambulancia-y-dos-vehiculos-valorados-en-casi-150-000-euros\/#breadcrumb","itemListElement":[{"@type":"ListItem","position":1,"name":"Inicio","item":"https:\/\/mancomunidad.org\/en\/"},{"@type":"ListItem","position":2,"name":"Mancomunidad entrega a Benalm\u00e1dena una ambulancia y dos veh\u00edculos valorados en casi 150.000 euros"}]},{"@type":"WebSite","@id":"https:\/\/mancomunidad.org\/en\/#website","url":"https:\/\/mancomunidad.org\/en\/","name":"Mancomunidad de Municipios","description":"Costa del Sol Occidental","publisher":{"@id":"https:\/\/mancomunidad.org\/en\/#organization"},"potentialAction":[{"@type":"SearchAction","target":{"@type":"EntryPoint","urlTemplate":"https:\/\/mancomunidad.org\/en\/?s={search_term_string}"},"query-input":{"@type":"PropertyValueSpecification","valueRequired":true,"valueName":"search_term_string"}}],"inLanguage":"en-US"},{"@type":"Organization","@id":"https:\/\/mancomunidad.org\/en\/#organization","name":"Costa del Sol occidental","url":"https:\/\/mancomunidad.org\/en\/","logo":{"@type":"ImageObject","inLanguage":"en-US","@id":"https:\/\/mancomunidad.org\/en\/#\/schema\/logo\/image\/","url":"https:\/\/mancomunidad.org\/wp-content\/uploads\/2024\/01\/logo_footer.png","contentUrl":"https:\/\/mancomunidad.org\/wp-content\/uploads\/2024\/01\/logo_footer.png","width":201,"height":61,"caption":"Costa del Sol occidental"},"image":{"@id":"https:\/\/mancomunidad.org\/en\/#\/schema\/logo\/image\/"},"sameAs":["https:\/\/www.facebook.com\/mancomunidadcostasoloccidental\/","https:\/\/x.com\/MancomunidadCSO","https:\/\/www.instagram.com\/mancomunidadmunicipioscso\/"]},{"@type":"Person","@id":"https:\/\/mancomunidad.org\/en\/#\/schema\/person\/5c849e01c475c7d1370d01d2e25f3e90","name":"alberto@gapdesign.com"}]}},"_links":{"self":[{"href":"https:\/\/mancomunidad.org\/en\/wp-json\/wp\/v2\/posts\/1430","targetHints":{"allow":["GET"]}}],"collection":[{"href":"https:\/\/mancomunidad.org\/en\/wp-json\/wp\/v2\/posts"}],"about":[{"href":"https:\/\/mancomunidad.org\/en\/wp-json\/wp\/v2\/types\/post"}],"author":[{"embeddable":true,"href":"https:\/\/mancomunidad.org\/en\/wp-json\/wp\/v2\/users\/2"}],"replies":[{"embeddable":true,"href":"https:\/\/mancomunidad.org\/en\/wp-json\/wp\/v2\/comments?post=1430"}],"version-history":[{"count":1,"href":"https:\/\/mancomunidad.org\/en\/wp-json\/wp\/v2\/posts\/1430\/revisions"}],"predecessor-version":[{"id":1432,"href":"https:\/\/mancomunidad.org\/en\/wp-json\/wp\/v2\/posts\/1430\/revisions\/1432"}],"wp:featuredmedia":[{"embeddable":true,"href":"https:\/\/mancomunidad.org\/en\/wp-json\/wp\/v2\/media\/1431"}],"wp:attachment":[{"href":"https:\/\/mancomunidad.org\/en\/wp-json\/wp\/v2\/media?parent=1430"}],"wp:term":[{"taxonomy":"category","embeddable":true,"href":"https:\/\/mancomunidad.org\/en\/wp-json\/wp\/v2\/categories?post=1430"},{"taxonomy":"post_tag","embeddable":true,"href":"https:\/\/mancomunidad.org\/en\/wp-json\/wp\/v2\/tags?post=1430"}],"curies":[{"name":"wp","href":"https:\/\/api.w.org\/{rel}","templated":true}]}}