{"id":1175,"date":"2023-02-16T13:18:00","date_gmt":"2023-02-16T12:18:00","guid":{"rendered":"https:\/\/mancomunidad.org\/?p=1175"},"modified":"2024-02-13T13:20:14","modified_gmt":"2024-02-13T12:20:14","slug":"la-mancomunidad-renueva-el-maximo-galardon-en-la-recogida-y-reciclaje-de-papel","status":"publish","type":"post","link":"https:\/\/mancomunidad.org\/en\/la-mancomunidad-renueva-el-maximo-galardon-en-la-recogida-y-reciclaje-de-papel\/","title":{"rendered":"La Mancomunidad renueva el m\u00e1ximo galard\u00f3n en la recogida y reciclaje de papel"},"content":{"rendered":"\n<p>Marbella, 16 de febrero de 2023.- Jos\u00e9 Antonio Mena, presidente de la Mancomunidad de Municipios la Costa del Sol Occidental, y Juan Luis Villal\u00f3n, delegado de RSU, han recogido hoy el m\u00e1ximo galard\u00f3n en la recogida de papel y cart\u00f3n, tres pajaritas azules. La entrega ha tenido lugar en Valladolid, en un acto presidido por Ignacio de Domingo, subsecretario del Ministerio de Pol\u00edtica Territorial; Margarita Ruiz, subdirectora general de Econom\u00eda Circular del Ministerio para la Transici\u00f3n Ecol\u00f3gica y el Reto Demogr\u00e1fico, y Eduardo Querol, presidente de ASPAPEL.\u00a0<\/p>\n\n\n\n<p>La 7\u00aa edici\u00f3n del Programa Pajaritas Azules de ASPAPEL celebrada hoy ha concedido el reconocimiento por la excelencia de su gesti\u00f3n en la recogida selectiva para el reciclaje de papel y cart\u00f3n a 8 entidades locales (ayuntamientos y agrupaciones de municipios) de Andaluc\u00eda. Del conjunto de entidades locales premiadas, 6 han obtenido el m\u00e1ximo reconocimiento con 3 Pajaritas Azules; y 2 entidades han recibido 2 Pajaritas Azules.&nbsp;<\/p>\n\n\n\n<p>Estos galardones se conceden a partir de la evaluaci\u00f3n de 21 indicadores anuales que analizan todos los aspectos que ata\u00f1en a la recogida del contenedor azul y recogidas complementarias, campa\u00f1as de informaci\u00f3n y concienciaci\u00f3n ciudadana, regulaci\u00f3n y planificaci\u00f3n de la gesti\u00f3n, as\u00ed como tasas de recogida y trazabilidad.<\/p>\n\n\n\n<p>Durante el acto se proyect\u00f3, asimismo, un video resumen de las acciones de sensibilizaci\u00f3n realizadas por las entidades locales en el marco de la campa\u00f1a \u201cLa Voz del Reciclaje\u201d, destinada a mostrar a la ciudadan\u00eda las mejores pr\u00e1cticas en materia de reciclaje de papel.<\/p>\n\n\n\n<p>Seg\u00fan previsiones de ASPAPEL, en 2022 se han recogido selectivamente en nuestro pa\u00eds 4,4 millones de toneladas de papel y cart\u00f3n usado y se han reciclado 5 millones de toneladas. Estos datos siguen posicionando a esta industria como un referente en Europa, haciendo que Espa\u00f1a sea el segundo pa\u00eds de la Uni\u00f3n Europea con mayor tasa de reciclaje de papel y cart\u00f3n.<\/p>\n\n\n\n<p>El Programa Pajaritas Azules de ASPAPEL tambi\u00e9n ha otorgado reconocimientos a otras 38 entidades locales repartidas por la geograf\u00eda espa\u00f1ola.<\/p>\n\n\n\n<p>Un programa cada vez m\u00e1s exigente&nbsp;<\/p>\n\n\n\n<p>Con 7 a\u00f1os de historia, Pajaritas Azules es un programa anual de asesoramiento, evaluaci\u00f3n y reconocimiento de la calidad de la gesti\u00f3n local de la recogida selectiva para el reciclaje de papel y cart\u00f3n enfocado a la mejora continua.<\/p>\n\n\n\n<p>Puesto que cada a\u00f1o el Programa es m\u00e1s exigente, para mantener o progresar de categor\u00eda, las entidades que participan en Pajaritas Azules tienen que desarrollar un plan de mejora. En el caso de la Mancomunidad, ha conseguido mantener las tres pajaritas gracias al aumento de las frecuencias de recogida de los contenedores y el puerta a puerta de los peque\u00f1os comercios.&nbsp;<\/p>\n\n\n\n<p>Junto a estas acciones es importante seguir desarrollando un plan de mejora constante para poder superar el baremo al alza de cada uno de sus veinti\u00fan indicadores. Para conseguirlo, desde Pajaritas Azules se activa un m\u00e9todo de actuaci\u00f3n espec\u00edfico y un asesoramiento t\u00e9cnico para cada participante.<\/p>\n\n\n\n<p>Del mismo modo, la calidad del material recogido es un elemento esencial para la econom\u00eda circular del papel y la descarbonizaci\u00f3n. Por ello, para poder optar a ser reconocido con cualquiera de los tres niveles de Pajaritas Azules, es necesario disponer de un procedimiento de control y mejora de la calidad y que la media de impropios, aquellos residuos que son depositados incorrectamente en un contenedor, sea al menos igual o inferior a 10% en peso seco.<\/p>\n\n\n\n<p>Como resultado, las entidades locales que cada a\u00f1o se distinguen por su excelencia obtienen una, dos o tres Pajaritas Azules, seg\u00fan un baremo objetivo a partir de los resultados obtenidos en la evaluaci\u00f3n.<\/p>\n","protected":false},"excerpt":{"rendered":"<p>Jos\u00e9 Antonio Mena y Juan Luis Villal\u00f3n recogen las tres \u201cpajaritas azules\u201d que acreditan el premio<\/p>\n","protected":false},"author":1,"featured_media":1176,"comment_status":"open","ping_status":"open","sticky":false,"template":"","format":"standard","meta":{"_monsterinsights_skip_tracking":false,"_monsterinsights_sitenote_active":false,"_monsterinsights_sitenote_note":"","_monsterinsights_sitenote_category":0,"footnotes":""},"categories":[1],"tags":[],"class_list":["post-1175","post","type-post","status-publish","format-standard","has-post-thumbnail","hentry","category-noticias"],"yoast_head":"<!-- This site is optimized with the Yoast SEO plugin v26.6 - https:\/\/yoast.com\/wordpress\/plugins\/seo\/ -->\n<title>La Mancomunidad renueva el m\u00e1ximo galard\u00f3n en la recogida y reciclaje de papel - Mancomunidad de Municipios<\/title>\n<meta name=\"description\" content=\"Jos\u00e9 Antonio Mena y Juan Luis Villal\u00f3n recogen las tres \u201cpajaritas azules\u201d que acreditan el premio\" \/>\n<meta name=\"robots\" content=\"index, follow, max-snippet:-1, max-image-preview:large, max-video-preview:-1\" \/>\n<link rel=\"canonical\" href=\"https:\/\/mancomunidad.org\/en\/la-mancomunidad-renueva-el-maximo-galardon-en-la-recogida-y-reciclaje-de-papel\/\" \/>\n<meta property=\"og:locale\" content=\"en_US\" \/>\n<meta property=\"og:type\" content=\"article\" \/>\n<meta property=\"og:title\" content=\"La Mancomunidad renueva el m\u00e1ximo galard\u00f3n en la recogida y reciclaje de papel - Mancomunidad de Municipios\" \/>\n<meta property=\"og:description\" content=\"Jos\u00e9 Antonio Mena y Juan Luis Villal\u00f3n recogen las tres \u201cpajaritas azules\u201d que acreditan el premio\" \/>\n<meta property=\"og:url\" content=\"https:\/\/mancomunidad.org\/en\/la-mancomunidad-renueva-el-maximo-galardon-en-la-recogida-y-reciclaje-de-papel\/\" \/>\n<meta property=\"og:site_name\" content=\"Mancomunidad de Municipios\" \/>\n<meta property=\"article:publisher\" content=\"https:\/\/www.facebook.com\/mancomunidadcostasoloccidental\/\" \/>\n<meta property=\"article:published_time\" content=\"2023-02-16T12:18:00+00:00\" \/>\n<meta property=\"article:modified_time\" content=\"2024-02-13T12:20:14+00:00\" \/>\n<meta property=\"og:image\" content=\"https:\/\/mancomunidad.org\/wp-content\/uploads\/2024\/02\/3577-7.jpg\" \/>\n\t<meta property=\"og:image:width\" content=\"380\" \/>\n\t<meta property=\"og:image:height\" content=\"267\" \/>\n\t<meta property=\"og:image:type\" content=\"image\/jpeg\" \/>\n<meta name=\"author\" content=\"admin\" \/>\n<meta name=\"twitter:card\" content=\"summary_large_image\" \/>\n<meta name=\"twitter:creator\" content=\"@MancomunidadCSO\" \/>\n<meta name=\"twitter:site\" content=\"@MancomunidadCSO\" \/>\n<meta name=\"twitter:label1\" content=\"Written by\" \/>\n\t<meta name=\"twitter:data1\" content=\"admin\" \/>\n\t<meta name=\"twitter:label2\" content=\"Est. reading time\" \/>\n\t<meta name=\"twitter:data2\" content=\"3 minutes\" \/>\n<script type=\"application\/ld+json\" class=\"yoast-schema-graph\">{\"@context\":\"https:\/\/schema.org\",\"@graph\":[{\"@type\":\"Article\",\"@id\":\"https:\/\/mancomunidad.org\/en\/la-mancomunidad-renueva-el-maximo-galardon-en-la-recogida-y-reciclaje-de-papel\/#article\",\"isPartOf\":{\"@id\":\"https:\/\/mancomunidad.org\/en\/la-mancomunidad-renueva-el-maximo-galardon-en-la-recogida-y-reciclaje-de-papel\/\"},\"author\":{\"name\":\"admin\",\"@id\":\"https:\/\/mancomunidad.org\/en\/#\/schema\/person\/332e0409f4248fa6a3212c2ed8537323\"},\"headline\":\"La Mancomunidad renueva el m\u00e1ximo galard\u00f3n en la recogida y reciclaje de papel\",\"datePublished\":\"2023-02-16T12:18:00+00:00\",\"dateModified\":\"2024-02-13T12:20:14+00:00\",\"mainEntityOfPage\":{\"@id\":\"https:\/\/mancomunidad.org\/en\/la-mancomunidad-renueva-el-maximo-galardon-en-la-recogida-y-reciclaje-de-papel\/\"},\"wordCount\":649,\"commentCount\":2,\"publisher\":{\"@id\":\"https:\/\/mancomunidad.org\/en\/#organization\"},\"image\":{\"@id\":\"https:\/\/mancomunidad.org\/en\/la-mancomunidad-renueva-el-maximo-galardon-en-la-recogida-y-reciclaje-de-papel\/#primaryimage\"},\"thumbnailUrl\":\"https:\/\/mancomunidad.org\/wp-content\/uploads\/2024\/02\/3577-7.jpg\",\"articleSection\":[\"Noticias\"],\"inLanguage\":\"en-US\",\"potentialAction\":[{\"@type\":\"CommentAction\",\"name\":\"Comment\",\"target\":[\"https:\/\/mancomunidad.org\/en\/la-mancomunidad-renueva-el-maximo-galardon-en-la-recogida-y-reciclaje-de-papel\/#respond\"]}]},{\"@type\":\"WebPage\",\"@id\":\"https:\/\/mancomunidad.org\/en\/la-mancomunidad-renueva-el-maximo-galardon-en-la-recogida-y-reciclaje-de-papel\/\",\"url\":\"https:\/\/mancomunidad.org\/en\/la-mancomunidad-renueva-el-maximo-galardon-en-la-recogida-y-reciclaje-de-papel\/\",\"name\":\"La Mancomunidad renueva el m\u00e1ximo galard\u00f3n en la recogida y reciclaje de papel - Mancomunidad de Municipios\",\"isPartOf\":{\"@id\":\"https:\/\/mancomunidad.org\/en\/#website\"},\"primaryImageOfPage\":{\"@id\":\"https:\/\/mancomunidad.org\/en\/la-mancomunidad-renueva-el-maximo-galardon-en-la-recogida-y-reciclaje-de-papel\/#primaryimage\"},\"image\":{\"@id\":\"https:\/\/mancomunidad.org\/en\/la-mancomunidad-renueva-el-maximo-galardon-en-la-recogida-y-reciclaje-de-papel\/#primaryimage\"},\"thumbnailUrl\":\"https:\/\/mancomunidad.org\/wp-content\/uploads\/2024\/02\/3577-7.jpg\",\"datePublished\":\"2023-02-16T12:18:00+00:00\",\"dateModified\":\"2024-02-13T12:20:14+00:00\",\"description\":\"Jos\u00e9 Antonio Mena y Juan Luis Villal\u00f3n recogen las tres \u201cpajaritas azules\u201d que acreditan el premio\",\"breadcrumb\":{\"@id\":\"https:\/\/mancomunidad.org\/en\/la-mancomunidad-renueva-el-maximo-galardon-en-la-recogida-y-reciclaje-de-papel\/#breadcrumb\"},\"inLanguage\":\"en-US\",\"potentialAction\":[{\"@type\":\"ReadAction\",\"target\":[\"https:\/\/mancomunidad.org\/en\/la-mancomunidad-renueva-el-maximo-galardon-en-la-recogida-y-reciclaje-de-papel\/\"]}]},{\"@type\":\"ImageObject\",\"inLanguage\":\"en-US\",\"@id\":\"https:\/\/mancomunidad.org\/en\/la-mancomunidad-renueva-el-maximo-galardon-en-la-recogida-y-reciclaje-de-papel\/#primaryimage\",\"url\":\"https:\/\/mancomunidad.org\/wp-content\/uploads\/2024\/02\/3577-7.jpg\",\"contentUrl\":\"https:\/\/mancomunidad.org\/wp-content\/uploads\/2024\/02\/3577-7.jpg\",\"width\":380,\"height\":267},{\"@type\":\"BreadcrumbList\",\"@id\":\"https:\/\/mancomunidad.org\/en\/la-mancomunidad-renueva-el-maximo-galardon-en-la-recogida-y-reciclaje-de-papel\/#breadcrumb\",\"itemListElement\":[{\"@type\":\"ListItem\",\"position\":1,\"name\":\"Inicio\",\"item\":\"https:\/\/mancomunidad.org\/en\/\"},{\"@type\":\"ListItem\",\"position\":2,\"name\":\"La Mancomunidad renueva el m\u00e1ximo galard\u00f3n en la recogida y reciclaje de papel\"}]},{\"@type\":\"WebSite\",\"@id\":\"https:\/\/mancomunidad.org\/en\/#website\",\"url\":\"https:\/\/mancomunidad.org\/en\/\",\"name\":\"Mancomunidad de Municipios\",\"description\":\"Costa del Sol Occidental\",\"publisher\":{\"@id\":\"https:\/\/mancomunidad.org\/en\/#organization\"},\"potentialAction\":[{\"@type\":\"SearchAction\",\"target\":{\"@type\":\"EntryPoint\",\"urlTemplate\":\"https:\/\/mancomunidad.org\/en\/?s={search_term_string}\"},\"query-input\":{\"@type\":\"PropertyValueSpecification\",\"valueRequired\":true,\"valueName\":\"search_term_string\"}}],\"inLanguage\":\"en-US\"},{\"@type\":\"Organization\",\"@id\":\"https:\/\/mancomunidad.org\/en\/#organization\",\"name\":\"Costa del Sol occidental\",\"url\":\"https:\/\/mancomunidad.org\/en\/\",\"logo\":{\"@type\":\"ImageObject\",\"inLanguage\":\"en-US\",\"@id\":\"https:\/\/mancomunidad.org\/en\/#\/schema\/logo\/image\/\",\"url\":\"https:\/\/mancomunidad.org\/wp-content\/uploads\/2024\/01\/logo_footer.png\",\"contentUrl\":\"https:\/\/mancomunidad.org\/wp-content\/uploads\/2024\/01\/logo_footer.png\",\"width\":201,\"height\":61,\"caption\":\"Costa del Sol occidental\"},\"image\":{\"@id\":\"https:\/\/mancomunidad.org\/en\/#\/schema\/logo\/image\/\"},\"sameAs\":[\"https:\/\/www.facebook.com\/mancomunidadcostasoloccidental\/\",\"https:\/\/x.com\/MancomunidadCSO\",\"https:\/\/www.instagram.com\/mancomunidadmunicipioscso\/\"]},{\"@type\":\"Person\",\"@id\":\"https:\/\/mancomunidad.org\/en\/#\/schema\/person\/332e0409f4248fa6a3212c2ed8537323\",\"name\":\"admin\",\"sameAs\":[\"https:\/\/mancomunidad.org\"]}]}<\/script>\n<!-- \/ Yoast SEO plugin. -->","yoast_head_json":{"title":"La Mancomunidad renueva el m\u00e1ximo galard\u00f3n en la recogida y reciclaje de papel - Mancomunidad de Municipios","description":"Jos\u00e9 Antonio Mena y Juan Luis Villal\u00f3n recogen las tres \u201cpajaritas azules\u201d que acreditan el premio","robots":{"index":"index","follow":"follow","max-snippet":"max-snippet:-1","max-image-preview":"max-image-preview:large","max-video-preview":"max-video-preview:-1"},"canonical":"https:\/\/mancomunidad.org\/en\/la-mancomunidad-renueva-el-maximo-galardon-en-la-recogida-y-reciclaje-de-papel\/","og_locale":"en_US","og_type":"article","og_title":"La Mancomunidad renueva el m\u00e1ximo galard\u00f3n en la recogida y reciclaje de papel - Mancomunidad de Municipios","og_description":"Jos\u00e9 Antonio Mena y Juan Luis Villal\u00f3n recogen las tres \u201cpajaritas azules\u201d que acreditan el premio","og_url":"https:\/\/mancomunidad.org\/en\/la-mancomunidad-renueva-el-maximo-galardon-en-la-recogida-y-reciclaje-de-papel\/","og_site_name":"Mancomunidad de Municipios","article_publisher":"https:\/\/www.facebook.com\/mancomunidadcostasoloccidental\/","article_published_time":"2023-02-16T12:18:00+00:00","article_modified_time":"2024-02-13T12:20:14+00:00","og_image":[{"width":380,"height":267,"url":"https:\/\/mancomunidad.org\/wp-content\/uploads\/2024\/02\/3577-7.jpg","type":"image\/jpeg"}],"author":"admin","twitter_card":"summary_large_image","twitter_creator":"@MancomunidadCSO","twitter_site":"@MancomunidadCSO","twitter_misc":{"Written by":"admin","Est. reading time":"3 minutes"},"schema":{"@context":"https:\/\/schema.org","@graph":[{"@type":"Article","@id":"https:\/\/mancomunidad.org\/en\/la-mancomunidad-renueva-el-maximo-galardon-en-la-recogida-y-reciclaje-de-papel\/#article","isPartOf":{"@id":"https:\/\/mancomunidad.org\/en\/la-mancomunidad-renueva-el-maximo-galardon-en-la-recogida-y-reciclaje-de-papel\/"},"author":{"name":"admin","@id":"https:\/\/mancomunidad.org\/en\/#\/schema\/person\/332e0409f4248fa6a3212c2ed8537323"},"headline":"La Mancomunidad renueva el m\u00e1ximo galard\u00f3n en la recogida y reciclaje de papel","datePublished":"2023-02-16T12:18:00+00:00","dateModified":"2024-02-13T12:20:14+00:00","mainEntityOfPage":{"@id":"https:\/\/mancomunidad.org\/en\/la-mancomunidad-renueva-el-maximo-galardon-en-la-recogida-y-reciclaje-de-papel\/"},"wordCount":649,"commentCount":2,"publisher":{"@id":"https:\/\/mancomunidad.org\/en\/#organization"},"image":{"@id":"https:\/\/mancomunidad.org\/en\/la-mancomunidad-renueva-el-maximo-galardon-en-la-recogida-y-reciclaje-de-papel\/#primaryimage"},"thumbnailUrl":"https:\/\/mancomunidad.org\/wp-content\/uploads\/2024\/02\/3577-7.jpg","articleSection":["Noticias"],"inLanguage":"en-US","potentialAction":[{"@type":"CommentAction","name":"Comment","target":["https:\/\/mancomunidad.org\/en\/la-mancomunidad-renueva-el-maximo-galardon-en-la-recogida-y-reciclaje-de-papel\/#respond"]}]},{"@type":"WebPage","@id":"https:\/\/mancomunidad.org\/en\/la-mancomunidad-renueva-el-maximo-galardon-en-la-recogida-y-reciclaje-de-papel\/","url":"https:\/\/mancomunidad.org\/en\/la-mancomunidad-renueva-el-maximo-galardon-en-la-recogida-y-reciclaje-de-papel\/","name":"La Mancomunidad renueva el m\u00e1ximo galard\u00f3n en la recogida y reciclaje de papel - Mancomunidad de Municipios","isPartOf":{"@id":"https:\/\/mancomunidad.org\/en\/#website"},"primaryImageOfPage":{"@id":"https:\/\/mancomunidad.org\/en\/la-mancomunidad-renueva-el-maximo-galardon-en-la-recogida-y-reciclaje-de-papel\/#primaryimage"},"image":{"@id":"https:\/\/mancomunidad.org\/en\/la-mancomunidad-renueva-el-maximo-galardon-en-la-recogida-y-reciclaje-de-papel\/#primaryimage"},"thumbnailUrl":"https:\/\/mancomunidad.org\/wp-content\/uploads\/2024\/02\/3577-7.jpg","datePublished":"2023-02-16T12:18:00+00:00","dateModified":"2024-02-13T12:20:14+00:00","description":"Jos\u00e9 Antonio Mena y Juan Luis Villal\u00f3n recogen las tres \u201cpajaritas azules\u201d que acreditan el premio","breadcrumb":{"@id":"https:\/\/mancomunidad.org\/en\/la-mancomunidad-renueva-el-maximo-galardon-en-la-recogida-y-reciclaje-de-papel\/#breadcrumb"},"inLanguage":"en-US","potentialAction":[{"@type":"ReadAction","target":["https:\/\/mancomunidad.org\/en\/la-mancomunidad-renueva-el-maximo-galardon-en-la-recogida-y-reciclaje-de-papel\/"]}]},{"@type":"ImageObject","inLanguage":"en-US","@id":"https:\/\/mancomunidad.org\/en\/la-mancomunidad-renueva-el-maximo-galardon-en-la-recogida-y-reciclaje-de-papel\/#primaryimage","url":"https:\/\/mancomunidad.org\/wp-content\/uploads\/2024\/02\/3577-7.jpg","contentUrl":"https:\/\/mancomunidad.org\/wp-content\/uploads\/2024\/02\/3577-7.jpg","width":380,"height":267},{"@type":"BreadcrumbList","@id":"https:\/\/mancomunidad.org\/en\/la-mancomunidad-renueva-el-maximo-galardon-en-la-recogida-y-reciclaje-de-papel\/#breadcrumb","itemListElement":[{"@type":"ListItem","position":1,"name":"Inicio","item":"https:\/\/mancomunidad.org\/en\/"},{"@type":"ListItem","position":2,"name":"La Mancomunidad renueva el m\u00e1ximo galard\u00f3n en la recogida y reciclaje de papel"}]},{"@type":"WebSite","@id":"https:\/\/mancomunidad.org\/en\/#website","url":"https:\/\/mancomunidad.org\/en\/","name":"Mancomunidad de Municipios","description":"Costa del Sol Occidental","publisher":{"@id":"https:\/\/mancomunidad.org\/en\/#organization"},"potentialAction":[{"@type":"SearchAction","target":{"@type":"EntryPoint","urlTemplate":"https:\/\/mancomunidad.org\/en\/?s={search_term_string}"},"query-input":{"@type":"PropertyValueSpecification","valueRequired":true,"valueName":"search_term_string"}}],"inLanguage":"en-US"},{"@type":"Organization","@id":"https:\/\/mancomunidad.org\/en\/#organization","name":"Costa del Sol occidental","url":"https:\/\/mancomunidad.org\/en\/","logo":{"@type":"ImageObject","inLanguage":"en-US","@id":"https:\/\/mancomunidad.org\/en\/#\/schema\/logo\/image\/","url":"https:\/\/mancomunidad.org\/wp-content\/uploads\/2024\/01\/logo_footer.png","contentUrl":"https:\/\/mancomunidad.org\/wp-content\/uploads\/2024\/01\/logo_footer.png","width":201,"height":61,"caption":"Costa del Sol occidental"},"image":{"@id":"https:\/\/mancomunidad.org\/en\/#\/schema\/logo\/image\/"},"sameAs":["https:\/\/www.facebook.com\/mancomunidadcostasoloccidental\/","https:\/\/x.com\/MancomunidadCSO","https:\/\/www.instagram.com\/mancomunidadmunicipioscso\/"]},{"@type":"Person","@id":"https:\/\/mancomunidad.org\/en\/#\/schema\/person\/332e0409f4248fa6a3212c2ed8537323","name":"admin","sameAs":["https:\/\/mancomunidad.org"]}]}},"_links":{"self":[{"href":"https:\/\/mancomunidad.org\/en\/wp-json\/wp\/v2\/posts\/1175","targetHints":{"allow":["GET"]}}],"collection":[{"href":"https:\/\/mancomunidad.org\/en\/wp-json\/wp\/v2\/posts"}],"about":[{"href":"https:\/\/mancomunidad.org\/en\/wp-json\/wp\/v2\/types\/post"}],"author":[{"embeddable":true,"href":"https:\/\/mancomunidad.org\/en\/wp-json\/wp\/v2\/users\/1"}],"replies":[{"embeddable":true,"href":"https:\/\/mancomunidad.org\/en\/wp-json\/wp\/v2\/comments?post=1175"}],"version-history":[{"count":1,"href":"https:\/\/mancomunidad.org\/en\/wp-json\/wp\/v2\/posts\/1175\/revisions"}],"predecessor-version":[{"id":1180,"href":"https:\/\/mancomunidad.org\/en\/wp-json\/wp\/v2\/posts\/1175\/revisions\/1180"}],"wp:featuredmedia":[{"embeddable":true,"href":"https:\/\/mancomunidad.org\/en\/wp-json\/wp\/v2\/media\/1176"}],"wp:attachment":[{"href":"https:\/\/mancomunidad.org\/en\/wp-json\/wp\/v2\/media?parent=1175"}],"wp:term":[{"taxonomy":"category","embeddable":true,"href":"https:\/\/mancomunidad.org\/en\/wp-json\/wp\/v2\/categories?post=1175"},{"taxonomy":"post_tag","embeddable":true,"href":"https:\/\/mancomunidad.org\/en\/wp-json\/wp\/v2\/tags?post=1175"}],"curies":[{"name":"wp","href":"https:\/\/api.w.org\/{rel}","templated":true}]}}