{"id":1134,"date":"2017-06-13T12:36:00","date_gmt":"2017-06-13T10:36:00","guid":{"rendered":"https:\/\/mancomunidad.org\/?p=1134"},"modified":"2024-02-13T12:38:37","modified_gmt":"2024-02-13T11:38:37","slug":"la-mancomunidad-invierte-en-torremolinos-412-850-euros-en-tres-anos","status":"publish","type":"post","link":"https:\/\/mancomunidad.org\/en\/la-mancomunidad-invierte-en-torremolinos-412-850-euros-en-tres-anos\/","title":{"rendered":"La Mancomunidad invierte en Torremolinos 412.850 euros en tres a\u00f1os"},"content":{"rendered":"\n<p><strong><u>Marbella, 13 de junio de 2017.-<\/u>\u00a0<\/strong>Margarita del Cid, presidenta de la Mancomunidad de Municipios de la Costa del Sol Occidental, acompa\u00f1ada por Jos\u00e9 Ortiz, alcalde de Torremolinos, y por Jos\u00e9 Eduardo D\u00edaz, delegado de Inversiones, ha inaugurado hoy en el municipio de Torremolinos una m\u00e1quina salva escaleras, concretamente, en la Plaza de los Tajillos. La obra ha tenido un presupuesto de 16.100 \u20ac.<\/p>\n\n\n\n<p>Seg\u00fan la presidenta, \u201cexiste un ascensor de uso p\u00fablico situado en la Plaza de los Tajillos, que comunica con la Plaza del Panorama. Actualmente, se usa para salvar el desnivel vertical existente entre ambas plazas, que es de unos 15 metros aproximadamente. Pero se da la circunstancia de que el acceso desde la playa solo es posible a trav\u00e9s de dos escaleras que sirven para enlazar la calle Bajondillo con la mencionada plaza de los Tajillos, con los consiguientes inconvenientes para las personas afectadas por alg\u00fan tipo de discapacidad f\u00edsica o sensorial. Por ello, se plante\u00f3 instalar en la escalera existente en el pasaje cubierto un salva escaleras con plataforma\u201d.<\/p>\n\n\n\n<p>Del Cid a\u00f1adi\u00f3 que esta obra pertenece al Plan de Inversiones Mancomunado, \u201cque en el municipio de Torremolinos ha supuesto una cantidad total de 412.850 euros en tres a\u00f1os\u201d.<\/p>\n\n\n\n<p>En concreto, se han realizado varias actuaciones de suministro de iluminaci\u00f3n LED en el paseo mar\u00edtimo, por valor 277.031 euros en dos anualidades 2014 y 2015. Asimismo, se ha realizado la compra de maquinaria limpia \u2013 playas y un rastro nivelador (75.000 euros); la adquisici\u00f3n de papeleras personalizadas (44.350 euros)<\/p>\n\n\n\n<p>\u00a0Por su parte, Jos\u00e9 Eduardo D\u00edaz a\u00f1adi\u00f3 que \u201clos Planes de Inversi\u00f3n Mancomunados han desplegado, en sus tres a\u00f1os de vigencia, un total de 3.200.000 euros en inversiones de inter\u00e9s tur\u00edstico en la Costa del Sol Occidental. Este plan es fruto del esfuerzo inversor y la colaboraci\u00f3n entre la Secretaria de Estado de Turismo (que aporta 500.000 euros al a\u00f1o), la Diputaci\u00f3n Provincial (200.000 euros) y la Mancomunidad de Municipios de la Costa del Sol (con una cantidad variable que va desde los 300.000 euros\u00a0a los 160.000 euros)\u201d.<\/p>\n\n\n\n<p>D\u00edaz a\u00f1adi\u00f3 que \u201cel objetivo de las actuaciones son decididas seg\u00fan las prioridades de cada municipio. El reparto se realiza de una forma equitativa con un m\u00ednimo de 5.000 euros por municipio y un reparto proporcional seg\u00fan el n\u00famero de habitantes\u201d.<\/p>\n\n\n\n<p>Estas inversiones, prosigui\u00f3 D\u00edaz, \u201cvan desde la compra de material a la ejecuci\u00f3n de distintas obras siendo la mancomunidad la que licita las actuaciones as\u00ed como redacta los proyectos y pliegos si es necesario, con lo que apoyamos t\u00e9cnicamente desde la Mancomunidad el desarrollo de estos proyectos\u201d.<\/p>\n","protected":false},"excerpt":{"rendered":"<p>La \u00faltima actuaci\u00f3n consiste en la instalaci\u00f3n de un \u201csalva escaleras\u201d que unir\u00e1 el Bajondillo con la plaza de los Tajillos<\/p>\n","protected":false},"author":2,"featured_media":1135,"comment_status":"open","ping_status":"open","sticky":false,"template":"","format":"standard","meta":{"_monsterinsights_skip_tracking":false,"_monsterinsights_sitenote_active":false,"_monsterinsights_sitenote_note":"","_monsterinsights_sitenote_category":0,"footnotes":""},"categories":[1],"tags":[],"class_list":["post-1134","post","type-post","status-publish","format-standard","has-post-thumbnail","hentry","category-noticias"],"yoast_head":"<!-- This site is optimized with the Yoast SEO plugin v26.6 - https:\/\/yoast.com\/wordpress\/plugins\/seo\/ -->\n<title>La Mancomunidad invierte en Torremolinos 412.850 euros en tres a\u00f1os - Mancomunidad de Municipios<\/title>\n<meta name=\"description\" content=\"La \u00faltima actuaci\u00f3n consiste en la instalaci\u00f3n de un \u201csalva escaleras\u201d que unir\u00e1 el Bajondillo con la plaza de los Tajillos\" \/>\n<meta name=\"robots\" content=\"index, follow, max-snippet:-1, max-image-preview:large, max-video-preview:-1\" \/>\n<link rel=\"canonical\" href=\"https:\/\/mancomunidad.org\/en\/la-mancomunidad-invierte-en-torremolinos-412-850-euros-en-tres-anos\/\" \/>\n<meta property=\"og:locale\" content=\"en_US\" \/>\n<meta property=\"og:type\" content=\"article\" \/>\n<meta property=\"og:title\" content=\"La Mancomunidad invierte en Torremolinos 412.850 euros en tres a\u00f1os - Mancomunidad de Municipios\" \/>\n<meta property=\"og:description\" content=\"La \u00faltima actuaci\u00f3n consiste en la instalaci\u00f3n de un \u201csalva escaleras\u201d que unir\u00e1 el Bajondillo con la plaza de los Tajillos\" \/>\n<meta property=\"og:url\" content=\"https:\/\/mancomunidad.org\/en\/la-mancomunidad-invierte-en-torremolinos-412-850-euros-en-tres-anos\/\" \/>\n<meta property=\"og:site_name\" content=\"Mancomunidad de Municipios\" \/>\n<meta property=\"article:publisher\" content=\"https:\/\/www.facebook.com\/mancomunidadcostasoloccidental\/\" \/>\n<meta property=\"article:published_time\" content=\"2017-06-13T10:36:00+00:00\" \/>\n<meta property=\"article:modified_time\" content=\"2024-02-13T11:38:37+00:00\" \/>\n<meta property=\"og:image\" content=\"https:\/\/mancomunidad.org\/wp-content\/uploads\/2024\/02\/2811-7.jpg\" \/>\n\t<meta property=\"og:image:width\" content=\"380\" \/>\n\t<meta property=\"og:image:height\" content=\"267\" \/>\n\t<meta property=\"og:image:type\" content=\"image\/jpeg\" \/>\n<meta name=\"author\" content=\"alberto@gapdesign.com\" \/>\n<meta name=\"twitter:card\" content=\"summary_large_image\" \/>\n<meta name=\"twitter:creator\" content=\"@MancomunidadCSO\" \/>\n<meta name=\"twitter:site\" content=\"@MancomunidadCSO\" \/>\n<meta name=\"twitter:label1\" content=\"Written by\" \/>\n\t<meta name=\"twitter:data1\" content=\"alberto@gapdesign.com\" \/>\n\t<meta name=\"twitter:label2\" content=\"Est. reading time\" \/>\n\t<meta name=\"twitter:data2\" content=\"3 minutes\" \/>\n<script type=\"application\/ld+json\" class=\"yoast-schema-graph\">{\"@context\":\"https:\/\/schema.org\",\"@graph\":[{\"@type\":\"Article\",\"@id\":\"https:\/\/mancomunidad.org\/en\/la-mancomunidad-invierte-en-torremolinos-412-850-euros-en-tres-anos\/#article\",\"isPartOf\":{\"@id\":\"https:\/\/mancomunidad.org\/en\/la-mancomunidad-invierte-en-torremolinos-412-850-euros-en-tres-anos\/\"},\"author\":{\"name\":\"alberto@gapdesign.com\",\"@id\":\"https:\/\/mancomunidad.org\/en\/#\/schema\/person\/5c849e01c475c7d1370d01d2e25f3e90\"},\"headline\":\"La Mancomunidad invierte en Torremolinos 412.850 euros en tres a\u00f1os\",\"datePublished\":\"2017-06-13T10:36:00+00:00\",\"dateModified\":\"2024-02-13T11:38:37+00:00\",\"mainEntityOfPage\":{\"@id\":\"https:\/\/mancomunidad.org\/en\/la-mancomunidad-invierte-en-torremolinos-412-850-euros-en-tres-anos\/\"},\"wordCount\":454,\"commentCount\":1,\"publisher\":{\"@id\":\"https:\/\/mancomunidad.org\/en\/#organization\"},\"image\":{\"@id\":\"https:\/\/mancomunidad.org\/en\/la-mancomunidad-invierte-en-torremolinos-412-850-euros-en-tres-anos\/#primaryimage\"},\"thumbnailUrl\":\"https:\/\/mancomunidad.org\/wp-content\/uploads\/2024\/02\/2811-7.jpg\",\"articleSection\":[\"Noticias\"],\"inLanguage\":\"en-US\",\"potentialAction\":[{\"@type\":\"CommentAction\",\"name\":\"Comment\",\"target\":[\"https:\/\/mancomunidad.org\/en\/la-mancomunidad-invierte-en-torremolinos-412-850-euros-en-tres-anos\/#respond\"]}]},{\"@type\":\"WebPage\",\"@id\":\"https:\/\/mancomunidad.org\/en\/la-mancomunidad-invierte-en-torremolinos-412-850-euros-en-tres-anos\/\",\"url\":\"https:\/\/mancomunidad.org\/en\/la-mancomunidad-invierte-en-torremolinos-412-850-euros-en-tres-anos\/\",\"name\":\"La Mancomunidad invierte en Torremolinos 412.850 euros en tres a\u00f1os - Mancomunidad de Municipios\",\"isPartOf\":{\"@id\":\"https:\/\/mancomunidad.org\/en\/#website\"},\"primaryImageOfPage\":{\"@id\":\"https:\/\/mancomunidad.org\/en\/la-mancomunidad-invierte-en-torremolinos-412-850-euros-en-tres-anos\/#primaryimage\"},\"image\":{\"@id\":\"https:\/\/mancomunidad.org\/en\/la-mancomunidad-invierte-en-torremolinos-412-850-euros-en-tres-anos\/#primaryimage\"},\"thumbnailUrl\":\"https:\/\/mancomunidad.org\/wp-content\/uploads\/2024\/02\/2811-7.jpg\",\"datePublished\":\"2017-06-13T10:36:00+00:00\",\"dateModified\":\"2024-02-13T11:38:37+00:00\",\"description\":\"La \u00faltima actuaci\u00f3n consiste en la instalaci\u00f3n de un \u201csalva escaleras\u201d que unir\u00e1 el Bajondillo con la plaza de los Tajillos\",\"breadcrumb\":{\"@id\":\"https:\/\/mancomunidad.org\/en\/la-mancomunidad-invierte-en-torremolinos-412-850-euros-en-tres-anos\/#breadcrumb\"},\"inLanguage\":\"en-US\",\"potentialAction\":[{\"@type\":\"ReadAction\",\"target\":[\"https:\/\/mancomunidad.org\/en\/la-mancomunidad-invierte-en-torremolinos-412-850-euros-en-tres-anos\/\"]}]},{\"@type\":\"ImageObject\",\"inLanguage\":\"en-US\",\"@id\":\"https:\/\/mancomunidad.org\/en\/la-mancomunidad-invierte-en-torremolinos-412-850-euros-en-tres-anos\/#primaryimage\",\"url\":\"https:\/\/mancomunidad.org\/wp-content\/uploads\/2024\/02\/2811-7.jpg\",\"contentUrl\":\"https:\/\/mancomunidad.org\/wp-content\/uploads\/2024\/02\/2811-7.jpg\",\"width\":380,\"height\":267},{\"@type\":\"BreadcrumbList\",\"@id\":\"https:\/\/mancomunidad.org\/en\/la-mancomunidad-invierte-en-torremolinos-412-850-euros-en-tres-anos\/#breadcrumb\",\"itemListElement\":[{\"@type\":\"ListItem\",\"position\":1,\"name\":\"Inicio\",\"item\":\"https:\/\/mancomunidad.org\/en\/\"},{\"@type\":\"ListItem\",\"position\":2,\"name\":\"La Mancomunidad invierte en Torremolinos 412.850 euros en tres a\u00f1os\"}]},{\"@type\":\"WebSite\",\"@id\":\"https:\/\/mancomunidad.org\/en\/#website\",\"url\":\"https:\/\/mancomunidad.org\/en\/\",\"name\":\"Mancomunidad de Municipios\",\"description\":\"Costa del Sol Occidental\",\"publisher\":{\"@id\":\"https:\/\/mancomunidad.org\/en\/#organization\"},\"potentialAction\":[{\"@type\":\"SearchAction\",\"target\":{\"@type\":\"EntryPoint\",\"urlTemplate\":\"https:\/\/mancomunidad.org\/en\/?s={search_term_string}\"},\"query-input\":{\"@type\":\"PropertyValueSpecification\",\"valueRequired\":true,\"valueName\":\"search_term_string\"}}],\"inLanguage\":\"en-US\"},{\"@type\":\"Organization\",\"@id\":\"https:\/\/mancomunidad.org\/en\/#organization\",\"name\":\"Costa del Sol occidental\",\"url\":\"https:\/\/mancomunidad.org\/en\/\",\"logo\":{\"@type\":\"ImageObject\",\"inLanguage\":\"en-US\",\"@id\":\"https:\/\/mancomunidad.org\/en\/#\/schema\/logo\/image\/\",\"url\":\"https:\/\/mancomunidad.org\/wp-content\/uploads\/2024\/01\/logo_footer.png\",\"contentUrl\":\"https:\/\/mancomunidad.org\/wp-content\/uploads\/2024\/01\/logo_footer.png\",\"width\":201,\"height\":61,\"caption\":\"Costa del Sol occidental\"},\"image\":{\"@id\":\"https:\/\/mancomunidad.org\/en\/#\/schema\/logo\/image\/\"},\"sameAs\":[\"https:\/\/www.facebook.com\/mancomunidadcostasoloccidental\/\",\"https:\/\/x.com\/MancomunidadCSO\",\"https:\/\/www.instagram.com\/mancomunidadmunicipioscso\/\"]},{\"@type\":\"Person\",\"@id\":\"https:\/\/mancomunidad.org\/en\/#\/schema\/person\/5c849e01c475c7d1370d01d2e25f3e90\",\"name\":\"alberto@gapdesign.com\"}]}<\/script>\n<!-- \/ Yoast SEO plugin. -->","yoast_head_json":{"title":"La Mancomunidad invierte en Torremolinos 412.850 euros en tres a\u00f1os - Mancomunidad de Municipios","description":"La \u00faltima actuaci\u00f3n consiste en la instalaci\u00f3n de un \u201csalva escaleras\u201d que unir\u00e1 el Bajondillo con la plaza de los Tajillos","robots":{"index":"index","follow":"follow","max-snippet":"max-snippet:-1","max-image-preview":"max-image-preview:large","max-video-preview":"max-video-preview:-1"},"canonical":"https:\/\/mancomunidad.org\/en\/la-mancomunidad-invierte-en-torremolinos-412-850-euros-en-tres-anos\/","og_locale":"en_US","og_type":"article","og_title":"La Mancomunidad invierte en Torremolinos 412.850 euros en tres a\u00f1os - Mancomunidad de Municipios","og_description":"La \u00faltima actuaci\u00f3n consiste en la instalaci\u00f3n de un \u201csalva escaleras\u201d que unir\u00e1 el Bajondillo con la plaza de los Tajillos","og_url":"https:\/\/mancomunidad.org\/en\/la-mancomunidad-invierte-en-torremolinos-412-850-euros-en-tres-anos\/","og_site_name":"Mancomunidad de Municipios","article_publisher":"https:\/\/www.facebook.com\/mancomunidadcostasoloccidental\/","article_published_time":"2017-06-13T10:36:00+00:00","article_modified_time":"2024-02-13T11:38:37+00:00","og_image":[{"width":380,"height":267,"url":"https:\/\/mancomunidad.org\/wp-content\/uploads\/2024\/02\/2811-7.jpg","type":"image\/jpeg"}],"author":"alberto@gapdesign.com","twitter_card":"summary_large_image","twitter_creator":"@MancomunidadCSO","twitter_site":"@MancomunidadCSO","twitter_misc":{"Written by":"alberto@gapdesign.com","Est. reading time":"3 minutes"},"schema":{"@context":"https:\/\/schema.org","@graph":[{"@type":"Article","@id":"https:\/\/mancomunidad.org\/en\/la-mancomunidad-invierte-en-torremolinos-412-850-euros-en-tres-anos\/#article","isPartOf":{"@id":"https:\/\/mancomunidad.org\/en\/la-mancomunidad-invierte-en-torremolinos-412-850-euros-en-tres-anos\/"},"author":{"name":"alberto@gapdesign.com","@id":"https:\/\/mancomunidad.org\/en\/#\/schema\/person\/5c849e01c475c7d1370d01d2e25f3e90"},"headline":"La Mancomunidad invierte en Torremolinos 412.850 euros en tres a\u00f1os","datePublished":"2017-06-13T10:36:00+00:00","dateModified":"2024-02-13T11:38:37+00:00","mainEntityOfPage":{"@id":"https:\/\/mancomunidad.org\/en\/la-mancomunidad-invierte-en-torremolinos-412-850-euros-en-tres-anos\/"},"wordCount":454,"commentCount":1,"publisher":{"@id":"https:\/\/mancomunidad.org\/en\/#organization"},"image":{"@id":"https:\/\/mancomunidad.org\/en\/la-mancomunidad-invierte-en-torremolinos-412-850-euros-en-tres-anos\/#primaryimage"},"thumbnailUrl":"https:\/\/mancomunidad.org\/wp-content\/uploads\/2024\/02\/2811-7.jpg","articleSection":["Noticias"],"inLanguage":"en-US","potentialAction":[{"@type":"CommentAction","name":"Comment","target":["https:\/\/mancomunidad.org\/en\/la-mancomunidad-invierte-en-torremolinos-412-850-euros-en-tres-anos\/#respond"]}]},{"@type":"WebPage","@id":"https:\/\/mancomunidad.org\/en\/la-mancomunidad-invierte-en-torremolinos-412-850-euros-en-tres-anos\/","url":"https:\/\/mancomunidad.org\/en\/la-mancomunidad-invierte-en-torremolinos-412-850-euros-en-tres-anos\/","name":"La Mancomunidad invierte en Torremolinos 412.850 euros en tres a\u00f1os - Mancomunidad de Municipios","isPartOf":{"@id":"https:\/\/mancomunidad.org\/en\/#website"},"primaryImageOfPage":{"@id":"https:\/\/mancomunidad.org\/en\/la-mancomunidad-invierte-en-torremolinos-412-850-euros-en-tres-anos\/#primaryimage"},"image":{"@id":"https:\/\/mancomunidad.org\/en\/la-mancomunidad-invierte-en-torremolinos-412-850-euros-en-tres-anos\/#primaryimage"},"thumbnailUrl":"https:\/\/mancomunidad.org\/wp-content\/uploads\/2024\/02\/2811-7.jpg","datePublished":"2017-06-13T10:36:00+00:00","dateModified":"2024-02-13T11:38:37+00:00","description":"La \u00faltima actuaci\u00f3n consiste en la instalaci\u00f3n de un \u201csalva escaleras\u201d que unir\u00e1 el Bajondillo con la plaza de los Tajillos","breadcrumb":{"@id":"https:\/\/mancomunidad.org\/en\/la-mancomunidad-invierte-en-torremolinos-412-850-euros-en-tres-anos\/#breadcrumb"},"inLanguage":"en-US","potentialAction":[{"@type":"ReadAction","target":["https:\/\/mancomunidad.org\/en\/la-mancomunidad-invierte-en-torremolinos-412-850-euros-en-tres-anos\/"]}]},{"@type":"ImageObject","inLanguage":"en-US","@id":"https:\/\/mancomunidad.org\/en\/la-mancomunidad-invierte-en-torremolinos-412-850-euros-en-tres-anos\/#primaryimage","url":"https:\/\/mancomunidad.org\/wp-content\/uploads\/2024\/02\/2811-7.jpg","contentUrl":"https:\/\/mancomunidad.org\/wp-content\/uploads\/2024\/02\/2811-7.jpg","width":380,"height":267},{"@type":"BreadcrumbList","@id":"https:\/\/mancomunidad.org\/en\/la-mancomunidad-invierte-en-torremolinos-412-850-euros-en-tres-anos\/#breadcrumb","itemListElement":[{"@type":"ListItem","position":1,"name":"Inicio","item":"https:\/\/mancomunidad.org\/en\/"},{"@type":"ListItem","position":2,"name":"La Mancomunidad invierte en Torremolinos 412.850 euros en tres a\u00f1os"}]},{"@type":"WebSite","@id":"https:\/\/mancomunidad.org\/en\/#website","url":"https:\/\/mancomunidad.org\/en\/","name":"Mancomunidad de Municipios","description":"Costa del Sol Occidental","publisher":{"@id":"https:\/\/mancomunidad.org\/en\/#organization"},"potentialAction":[{"@type":"SearchAction","target":{"@type":"EntryPoint","urlTemplate":"https:\/\/mancomunidad.org\/en\/?s={search_term_string}"},"query-input":{"@type":"PropertyValueSpecification","valueRequired":true,"valueName":"search_term_string"}}],"inLanguage":"en-US"},{"@type":"Organization","@id":"https:\/\/mancomunidad.org\/en\/#organization","name":"Costa del Sol occidental","url":"https:\/\/mancomunidad.org\/en\/","logo":{"@type":"ImageObject","inLanguage":"en-US","@id":"https:\/\/mancomunidad.org\/en\/#\/schema\/logo\/image\/","url":"https:\/\/mancomunidad.org\/wp-content\/uploads\/2024\/01\/logo_footer.png","contentUrl":"https:\/\/mancomunidad.org\/wp-content\/uploads\/2024\/01\/logo_footer.png","width":201,"height":61,"caption":"Costa del Sol occidental"},"image":{"@id":"https:\/\/mancomunidad.org\/en\/#\/schema\/logo\/image\/"},"sameAs":["https:\/\/www.facebook.com\/mancomunidadcostasoloccidental\/","https:\/\/x.com\/MancomunidadCSO","https:\/\/www.instagram.com\/mancomunidadmunicipioscso\/"]},{"@type":"Person","@id":"https:\/\/mancomunidad.org\/en\/#\/schema\/person\/5c849e01c475c7d1370d01d2e25f3e90","name":"alberto@gapdesign.com"}]}},"_links":{"self":[{"href":"https:\/\/mancomunidad.org\/en\/wp-json\/wp\/v2\/posts\/1134","targetHints":{"allow":["GET"]}}],"collection":[{"href":"https:\/\/mancomunidad.org\/en\/wp-json\/wp\/v2\/posts"}],"about":[{"href":"https:\/\/mancomunidad.org\/en\/wp-json\/wp\/v2\/types\/post"}],"author":[{"embeddable":true,"href":"https:\/\/mancomunidad.org\/en\/wp-json\/wp\/v2\/users\/2"}],"replies":[{"embeddable":true,"href":"https:\/\/mancomunidad.org\/en\/wp-json\/wp\/v2\/comments?post=1134"}],"version-history":[{"count":1,"href":"https:\/\/mancomunidad.org\/en\/wp-json\/wp\/v2\/posts\/1134\/revisions"}],"predecessor-version":[{"id":1136,"href":"https:\/\/mancomunidad.org\/en\/wp-json\/wp\/v2\/posts\/1134\/revisions\/1136"}],"wp:featuredmedia":[{"embeddable":true,"href":"https:\/\/mancomunidad.org\/en\/wp-json\/wp\/v2\/media\/1135"}],"wp:attachment":[{"href":"https:\/\/mancomunidad.org\/en\/wp-json\/wp\/v2\/media?parent=1134"}],"wp:term":[{"taxonomy":"category","embeddable":true,"href":"https:\/\/mancomunidad.org\/en\/wp-json\/wp\/v2\/categories?post=1134"},{"taxonomy":"post_tag","embeddable":true,"href":"https:\/\/mancomunidad.org\/en\/wp-json\/wp\/v2\/tags?post=1134"}],"curies":[{"name":"wp","href":"https:\/\/api.w.org\/{rel}","templated":true}]}}