{"id":1023,"date":"2013-10-18T10:34:00","date_gmt":"2013-10-18T08:34:00","guid":{"rendered":"https:\/\/mancomunidad.org\/?p=1023"},"modified":"2024-02-13T10:37:18","modified_gmt":"2024-02-13T09:37:18","slug":"bautismos-y-regata-de-jabegas","status":"publish","type":"post","link":"https:\/\/mancomunidad.org\/en\/bautismos-y-regata-de-jabegas\/","title":{"rendered":"Bautismos y regata de J\u00e1begas"},"content":{"rendered":"\n<p>Fuengirola acoger\u00e1 una exhibici\u00f3n de j\u00e1begas, barca tradicional de pesca malague\u00f1a que en la actualidad se utiliza para la pr\u00e1ctica deportiva y cada d\u00eda suma nuevos adeptos. Por ello, en colaboraci\u00f3n con la Asociaci\u00f3n de Remo Tradicional, se realizar\u00e1n bautismos en barcas de j\u00e1begas, de tal manera que todos los interesados podr\u00e1n disfrutar de la experiencia de navegar en una de estas embarcaciones de manera gratuita. El horario de esta actividad ser\u00e1 de 10:30 a 14 horas. Todos los participantes contar\u00e1n con un seguro de accidentes sufragado por la Mancomunidad de Municipios de la Costa del Sol Occidental.\u00a0<br>Posteriormente, a las 17.00 horas, se organizar\u00e1 una jornada de exhibici\u00f3n en la que los remeros de los diferentes clubes competir\u00e1n por hacerse con el trofeo Solmarina 2014.\u00a0<\/p>\n\n\n\n<p><strong>Bautismos gratuitos<\/strong><br>El aforo m\u00e1ximo de la actividad ser\u00e1 de 150 personas durante toda la jornada, repartidas en tres tandas que se comenzar\u00e1n a las 10:30, 11:30 y 12:30 horas. Los menores de 14 a\u00f1os no podr\u00e1n participar en esta actividad.\u00a0<br>El bautismo consistir\u00e1 en:\u00a0<br>\u00b7\u00a0Breve descripci\u00f3n de la Barca de J\u00e1bega y m\u00e9todo de pesca<\/p>\n\n\n\n<p>\u00b7\u00a0Botadura de la Barca y embarque<\/p>\n\n\n\n<p>\u00b7\u00a0Paseo y bautismo con agua del mar<\/p>\n\n\n\n<p>\u00b7\u00a0Desembarque y varada de la Barca<\/p>\n\n\n\n<p>\u00b7\u00a0Entrega de diploma acreditativo (el diploma incluir\u00e1 los datos personales y el nombre &#8216;marengo&#8217; de bautismo, el cual podr\u00e1 ser elegido al inscribirse)<\/p>\n\n\n\n<p>\u00b7 Entrega de obsequios por parte de la Mancomunidad de Municipios de la Costa del Sol Occidental\u00a0<\/p>\n\n\n\n<p>Recomendaciones:&nbsp;<br>\u00b7 Estar presente en la playa 20 minutos antes del inicio de tu bautismo<br>\u00b7 Ropa ligera y ajustada, &nbsp;calzado deportivo y cazadora de pl\u00e1stico en caso de viento<\/p>\n\n\n\n<p>Para cualquier cuesti\u00f3n, puedes contactar con nosotros a trav\u00e9s de la siguiente direcci\u00f3n de correo electr\u00f3nico y n\u00famero de tel\u00e9fono:\u00a0solmarina@mancomunidad.org y 952 83 93 16.<\/p>\n","protected":false},"excerpt":{"rendered":"<p>Domingo, 4 de mayo, en la playa de la &#8216;T&#8217; de Fuengirola<\/p>\n","protected":false},"author":2,"featured_media":1027,"comment_status":"open","ping_status":"open","sticky":false,"template":"","format":"standard","meta":{"_monsterinsights_skip_tracking":false,"_monsterinsights_sitenote_active":false,"_monsterinsights_sitenote_note":"","_monsterinsights_sitenote_category":0,"footnotes":""},"categories":[11],"tags":[],"class_list":["post-1023","post","type-post","status-publish","format-standard","has-post-thumbnail","hentry","category-campanas"],"yoast_head":"<!-- This site is optimized with the Yoast SEO plugin v26.6 - https:\/\/yoast.com\/wordpress\/plugins\/seo\/ -->\n<title>Bautismos y regata de J\u00e1begas - Mancomunidad de Municipios<\/title>\n<meta name=\"description\" content=\"Domingo, 4 de mayo, en la playa de la &#039;T&#039; de Fuengirola\" \/>\n<meta name=\"robots\" content=\"index, follow, max-snippet:-1, max-image-preview:large, max-video-preview:-1\" \/>\n<link rel=\"canonical\" href=\"https:\/\/mancomunidad.org\/en\/bautismos-y-regata-de-jabegas\/\" \/>\n<meta property=\"og:locale\" content=\"en_US\" \/>\n<meta property=\"og:type\" content=\"article\" \/>\n<meta property=\"og:title\" content=\"Bautismos y regata de J\u00e1begas - Mancomunidad de Municipios\" \/>\n<meta property=\"og:description\" content=\"Domingo, 4 de mayo, en la playa de la &#039;T&#039; de Fuengirola\" \/>\n<meta property=\"og:url\" content=\"https:\/\/mancomunidad.org\/en\/bautismos-y-regata-de-jabegas\/\" \/>\n<meta property=\"og:site_name\" content=\"Mancomunidad de Municipios\" \/>\n<meta property=\"article:publisher\" content=\"https:\/\/www.facebook.com\/mancomunidadcostasoloccidental\/\" \/>\n<meta property=\"article:published_time\" content=\"2013-10-18T08:34:00+00:00\" \/>\n<meta property=\"article:modified_time\" content=\"2024-02-13T09:37:18+00:00\" \/>\n<meta property=\"og:image\" content=\"https:\/\/mancomunidad.org\/wp-content\/uploads\/2024\/02\/1258-7.jpg\" \/>\n\t<meta property=\"og:image:width\" content=\"380\" \/>\n\t<meta property=\"og:image:height\" content=\"267\" \/>\n\t<meta property=\"og:image:type\" content=\"image\/jpeg\" \/>\n<meta name=\"author\" content=\"alberto@gapdesign.com\" \/>\n<meta name=\"twitter:card\" content=\"summary_large_image\" \/>\n<meta name=\"twitter:creator\" content=\"@MancomunidadCSO\" \/>\n<meta name=\"twitter:site\" content=\"@MancomunidadCSO\" \/>\n<meta name=\"twitter:label1\" content=\"Written by\" \/>\n\t<meta name=\"twitter:data1\" content=\"alberto@gapdesign.com\" \/>\n\t<meta name=\"twitter:label2\" content=\"Est. reading time\" \/>\n\t<meta name=\"twitter:data2\" content=\"2 minutes\" \/>\n<script type=\"application\/ld+json\" class=\"yoast-schema-graph\">{\"@context\":\"https:\/\/schema.org\",\"@graph\":[{\"@type\":\"Article\",\"@id\":\"https:\/\/mancomunidad.org\/en\/bautismos-y-regata-de-jabegas\/#article\",\"isPartOf\":{\"@id\":\"https:\/\/mancomunidad.org\/en\/bautismos-y-regata-de-jabegas\/\"},\"author\":{\"name\":\"alberto@gapdesign.com\",\"@id\":\"https:\/\/mancomunidad.org\/en\/#\/schema\/person\/5c849e01c475c7d1370d01d2e25f3e90\"},\"headline\":\"Bautismos y regata de J\u00e1begas\",\"datePublished\":\"2013-10-18T08:34:00+00:00\",\"dateModified\":\"2024-02-13T09:37:18+00:00\",\"mainEntityOfPage\":{\"@id\":\"https:\/\/mancomunidad.org\/en\/bautismos-y-regata-de-jabegas\/\"},\"wordCount\":317,\"commentCount\":0,\"publisher\":{\"@id\":\"https:\/\/mancomunidad.org\/en\/#organization\"},\"image\":{\"@id\":\"https:\/\/mancomunidad.org\/en\/bautismos-y-regata-de-jabegas\/#primaryimage\"},\"thumbnailUrl\":\"https:\/\/mancomunidad.org\/wp-content\/uploads\/2024\/02\/1258-7.jpg\",\"articleSection\":[\"Campa\u00f1as\"],\"inLanguage\":\"en-US\",\"potentialAction\":[{\"@type\":\"CommentAction\",\"name\":\"Comment\",\"target\":[\"https:\/\/mancomunidad.org\/en\/bautismos-y-regata-de-jabegas\/#respond\"]}]},{\"@type\":\"WebPage\",\"@id\":\"https:\/\/mancomunidad.org\/en\/bautismos-y-regata-de-jabegas\/\",\"url\":\"https:\/\/mancomunidad.org\/en\/bautismos-y-regata-de-jabegas\/\",\"name\":\"Bautismos y regata de J\u00e1begas - Mancomunidad de Municipios\",\"isPartOf\":{\"@id\":\"https:\/\/mancomunidad.org\/en\/#website\"},\"primaryImageOfPage\":{\"@id\":\"https:\/\/mancomunidad.org\/en\/bautismos-y-regata-de-jabegas\/#primaryimage\"},\"image\":{\"@id\":\"https:\/\/mancomunidad.org\/en\/bautismos-y-regata-de-jabegas\/#primaryimage\"},\"thumbnailUrl\":\"https:\/\/mancomunidad.org\/wp-content\/uploads\/2024\/02\/1258-7.jpg\",\"datePublished\":\"2013-10-18T08:34:00+00:00\",\"dateModified\":\"2024-02-13T09:37:18+00:00\",\"description\":\"Domingo, 4 de mayo, en la playa de la 'T' de Fuengirola\",\"breadcrumb\":{\"@id\":\"https:\/\/mancomunidad.org\/en\/bautismos-y-regata-de-jabegas\/#breadcrumb\"},\"inLanguage\":\"en-US\",\"potentialAction\":[{\"@type\":\"ReadAction\",\"target\":[\"https:\/\/mancomunidad.org\/en\/bautismos-y-regata-de-jabegas\/\"]}]},{\"@type\":\"ImageObject\",\"inLanguage\":\"en-US\",\"@id\":\"https:\/\/mancomunidad.org\/en\/bautismos-y-regata-de-jabegas\/#primaryimage\",\"url\":\"https:\/\/mancomunidad.org\/wp-content\/uploads\/2024\/02\/1258-7.jpg\",\"contentUrl\":\"https:\/\/mancomunidad.org\/wp-content\/uploads\/2024\/02\/1258-7.jpg\",\"width\":380,\"height\":267},{\"@type\":\"BreadcrumbList\",\"@id\":\"https:\/\/mancomunidad.org\/en\/bautismos-y-regata-de-jabegas\/#breadcrumb\",\"itemListElement\":[{\"@type\":\"ListItem\",\"position\":1,\"name\":\"Inicio\",\"item\":\"https:\/\/mancomunidad.org\/en\/\"},{\"@type\":\"ListItem\",\"position\":2,\"name\":\"Bautismos y regata de J\u00e1begas\"}]},{\"@type\":\"WebSite\",\"@id\":\"https:\/\/mancomunidad.org\/en\/#website\",\"url\":\"https:\/\/mancomunidad.org\/en\/\",\"name\":\"Mancomunidad de Municipios\",\"description\":\"Costa del Sol Occidental\",\"publisher\":{\"@id\":\"https:\/\/mancomunidad.org\/en\/#organization\"},\"potentialAction\":[{\"@type\":\"SearchAction\",\"target\":{\"@type\":\"EntryPoint\",\"urlTemplate\":\"https:\/\/mancomunidad.org\/en\/?s={search_term_string}\"},\"query-input\":{\"@type\":\"PropertyValueSpecification\",\"valueRequired\":true,\"valueName\":\"search_term_string\"}}],\"inLanguage\":\"en-US\"},{\"@type\":\"Organization\",\"@id\":\"https:\/\/mancomunidad.org\/en\/#organization\",\"name\":\"Costa del Sol occidental\",\"url\":\"https:\/\/mancomunidad.org\/en\/\",\"logo\":{\"@type\":\"ImageObject\",\"inLanguage\":\"en-US\",\"@id\":\"https:\/\/mancomunidad.org\/en\/#\/schema\/logo\/image\/\",\"url\":\"https:\/\/mancomunidad.org\/wp-content\/uploads\/2024\/01\/logo_footer.png\",\"contentUrl\":\"https:\/\/mancomunidad.org\/wp-content\/uploads\/2024\/01\/logo_footer.png\",\"width\":201,\"height\":61,\"caption\":\"Costa del Sol occidental\"},\"image\":{\"@id\":\"https:\/\/mancomunidad.org\/en\/#\/schema\/logo\/image\/\"},\"sameAs\":[\"https:\/\/www.facebook.com\/mancomunidadcostasoloccidental\/\",\"https:\/\/x.com\/MancomunidadCSO\",\"https:\/\/www.instagram.com\/mancomunidadmunicipioscso\/\"]},{\"@type\":\"Person\",\"@id\":\"https:\/\/mancomunidad.org\/en\/#\/schema\/person\/5c849e01c475c7d1370d01d2e25f3e90\",\"name\":\"alberto@gapdesign.com\"}]}<\/script>\n<!-- \/ Yoast SEO plugin. -->","yoast_head_json":{"title":"Bautismos y regata de J\u00e1begas - Mancomunidad de Municipios","description":"Domingo, 4 de mayo, en la playa de la 'T' de Fuengirola","robots":{"index":"index","follow":"follow","max-snippet":"max-snippet:-1","max-image-preview":"max-image-preview:large","max-video-preview":"max-video-preview:-1"},"canonical":"https:\/\/mancomunidad.org\/en\/bautismos-y-regata-de-jabegas\/","og_locale":"en_US","og_type":"article","og_title":"Bautismos y regata de J\u00e1begas - Mancomunidad de Municipios","og_description":"Domingo, 4 de mayo, en la playa de la 'T' de Fuengirola","og_url":"https:\/\/mancomunidad.org\/en\/bautismos-y-regata-de-jabegas\/","og_site_name":"Mancomunidad de Municipios","article_publisher":"https:\/\/www.facebook.com\/mancomunidadcostasoloccidental\/","article_published_time":"2013-10-18T08:34:00+00:00","article_modified_time":"2024-02-13T09:37:18+00:00","og_image":[{"width":380,"height":267,"url":"https:\/\/mancomunidad.org\/wp-content\/uploads\/2024\/02\/1258-7.jpg","type":"image\/jpeg"}],"author":"alberto@gapdesign.com","twitter_card":"summary_large_image","twitter_creator":"@MancomunidadCSO","twitter_site":"@MancomunidadCSO","twitter_misc":{"Written by":"alberto@gapdesign.com","Est. reading time":"2 minutes"},"schema":{"@context":"https:\/\/schema.org","@graph":[{"@type":"Article","@id":"https:\/\/mancomunidad.org\/en\/bautismos-y-regata-de-jabegas\/#article","isPartOf":{"@id":"https:\/\/mancomunidad.org\/en\/bautismos-y-regata-de-jabegas\/"},"author":{"name":"alberto@gapdesign.com","@id":"https:\/\/mancomunidad.org\/en\/#\/schema\/person\/5c849e01c475c7d1370d01d2e25f3e90"},"headline":"Bautismos y regata de J\u00e1begas","datePublished":"2013-10-18T08:34:00+00:00","dateModified":"2024-02-13T09:37:18+00:00","mainEntityOfPage":{"@id":"https:\/\/mancomunidad.org\/en\/bautismos-y-regata-de-jabegas\/"},"wordCount":317,"commentCount":0,"publisher":{"@id":"https:\/\/mancomunidad.org\/en\/#organization"},"image":{"@id":"https:\/\/mancomunidad.org\/en\/bautismos-y-regata-de-jabegas\/#primaryimage"},"thumbnailUrl":"https:\/\/mancomunidad.org\/wp-content\/uploads\/2024\/02\/1258-7.jpg","articleSection":["Campa\u00f1as"],"inLanguage":"en-US","potentialAction":[{"@type":"CommentAction","name":"Comment","target":["https:\/\/mancomunidad.org\/en\/bautismos-y-regata-de-jabegas\/#respond"]}]},{"@type":"WebPage","@id":"https:\/\/mancomunidad.org\/en\/bautismos-y-regata-de-jabegas\/","url":"https:\/\/mancomunidad.org\/en\/bautismos-y-regata-de-jabegas\/","name":"Bautismos y regata de J\u00e1begas - Mancomunidad de Municipios","isPartOf":{"@id":"https:\/\/mancomunidad.org\/en\/#website"},"primaryImageOfPage":{"@id":"https:\/\/mancomunidad.org\/en\/bautismos-y-regata-de-jabegas\/#primaryimage"},"image":{"@id":"https:\/\/mancomunidad.org\/en\/bautismos-y-regata-de-jabegas\/#primaryimage"},"thumbnailUrl":"https:\/\/mancomunidad.org\/wp-content\/uploads\/2024\/02\/1258-7.jpg","datePublished":"2013-10-18T08:34:00+00:00","dateModified":"2024-02-13T09:37:18+00:00","description":"Domingo, 4 de mayo, en la playa de la 'T' de Fuengirola","breadcrumb":{"@id":"https:\/\/mancomunidad.org\/en\/bautismos-y-regata-de-jabegas\/#breadcrumb"},"inLanguage":"en-US","potentialAction":[{"@type":"ReadAction","target":["https:\/\/mancomunidad.org\/en\/bautismos-y-regata-de-jabegas\/"]}]},{"@type":"ImageObject","inLanguage":"en-US","@id":"https:\/\/mancomunidad.org\/en\/bautismos-y-regata-de-jabegas\/#primaryimage","url":"https:\/\/mancomunidad.org\/wp-content\/uploads\/2024\/02\/1258-7.jpg","contentUrl":"https:\/\/mancomunidad.org\/wp-content\/uploads\/2024\/02\/1258-7.jpg","width":380,"height":267},{"@type":"BreadcrumbList","@id":"https:\/\/mancomunidad.org\/en\/bautismos-y-regata-de-jabegas\/#breadcrumb","itemListElement":[{"@type":"ListItem","position":1,"name":"Inicio","item":"https:\/\/mancomunidad.org\/en\/"},{"@type":"ListItem","position":2,"name":"Bautismos y regata de J\u00e1begas"}]},{"@type":"WebSite","@id":"https:\/\/mancomunidad.org\/en\/#website","url":"https:\/\/mancomunidad.org\/en\/","name":"Mancomunidad de Municipios","description":"Costa del Sol Occidental","publisher":{"@id":"https:\/\/mancomunidad.org\/en\/#organization"},"potentialAction":[{"@type":"SearchAction","target":{"@type":"EntryPoint","urlTemplate":"https:\/\/mancomunidad.org\/en\/?s={search_term_string}"},"query-input":{"@type":"PropertyValueSpecification","valueRequired":true,"valueName":"search_term_string"}}],"inLanguage":"en-US"},{"@type":"Organization","@id":"https:\/\/mancomunidad.org\/en\/#organization","name":"Costa del Sol occidental","url":"https:\/\/mancomunidad.org\/en\/","logo":{"@type":"ImageObject","inLanguage":"en-US","@id":"https:\/\/mancomunidad.org\/en\/#\/schema\/logo\/image\/","url":"https:\/\/mancomunidad.org\/wp-content\/uploads\/2024\/01\/logo_footer.png","contentUrl":"https:\/\/mancomunidad.org\/wp-content\/uploads\/2024\/01\/logo_footer.png","width":201,"height":61,"caption":"Costa del Sol occidental"},"image":{"@id":"https:\/\/mancomunidad.org\/en\/#\/schema\/logo\/image\/"},"sameAs":["https:\/\/www.facebook.com\/mancomunidadcostasoloccidental\/","https:\/\/x.com\/MancomunidadCSO","https:\/\/www.instagram.com\/mancomunidadmunicipioscso\/"]},{"@type":"Person","@id":"https:\/\/mancomunidad.org\/en\/#\/schema\/person\/5c849e01c475c7d1370d01d2e25f3e90","name":"alberto@gapdesign.com"}]}},"_links":{"self":[{"href":"https:\/\/mancomunidad.org\/en\/wp-json\/wp\/v2\/posts\/1023","targetHints":{"allow":["GET"]}}],"collection":[{"href":"https:\/\/mancomunidad.org\/en\/wp-json\/wp\/v2\/posts"}],"about":[{"href":"https:\/\/mancomunidad.org\/en\/wp-json\/wp\/v2\/types\/post"}],"author":[{"embeddable":true,"href":"https:\/\/mancomunidad.org\/en\/wp-json\/wp\/v2\/users\/2"}],"replies":[{"embeddable":true,"href":"https:\/\/mancomunidad.org\/en\/wp-json\/wp\/v2\/comments?post=1023"}],"version-history":[{"count":1,"href":"https:\/\/mancomunidad.org\/en\/wp-json\/wp\/v2\/posts\/1023\/revisions"}],"predecessor-version":[{"id":1029,"href":"https:\/\/mancomunidad.org\/en\/wp-json\/wp\/v2\/posts\/1023\/revisions\/1029"}],"wp:featuredmedia":[{"embeddable":true,"href":"https:\/\/mancomunidad.org\/en\/wp-json\/wp\/v2\/media\/1027"}],"wp:attachment":[{"href":"https:\/\/mancomunidad.org\/en\/wp-json\/wp\/v2\/media?parent=1023"}],"wp:term":[{"taxonomy":"category","embeddable":true,"href":"https:\/\/mancomunidad.org\/en\/wp-json\/wp\/v2\/categories?post=1023"},{"taxonomy":"post_tag","embeddable":true,"href":"https:\/\/mancomunidad.org\/en\/wp-json\/wp\/v2\/tags?post=1023"}],"curies":[{"name":"wp","href":"https:\/\/api.w.org\/{rel}","templated":true}]}}